{"id":5931,"date":"2009-12-10T20:46:29","date_gmt":"2009-12-10T19:46:29","guid":{"rendered":"http:\/\/www.schiebener.net\/wordpress\/?p=5931"},"modified":"2009-12-11T05:39:11","modified_gmt":"2009-12-11T04:39:11","slug":"nachrichten-aus-dem-nachbartal-pro-wiemeringhausen-groses-interesse-an-vereinsarbeit-mitgliederversammlung-wird-vorgezogen","status":"publish","type":"post","link":"https:\/\/www.schiebener.net\/wordpress\/nachrichten-aus-dem-nachbartal-pro-wiemeringhausen-groses-interesse-an-vereinsarbeit-mitgliederversammlung-wird-vorgezogen\/","title":{"rendered":"Nachrichten aus dem Nachbartal: PRO Wiemeringhausen &#8211; Gro\u00dfes Interesse an Vereinsarbeit &#8211; Mitgliederversammlung wird vorgezogen"},"content":{"rendered":"<p><img loading=\"lazy\" decoding=\"async\" class=\"alignleft size-thumbnail wp-image-5380\" title=\"Wiemeringhausen vom Friedhof aus gesehen\" src=\"http:\/\/www.schiebener.net\/wordpress\/wp-content\/uploads\/2009\/10\/wiemeringhausen02-150x150.jpg\" alt=\"Wiemeringhausen vom Friedhof aus gesehen\" width=\"150\" height=\"150\" \/><\/p>\n<p>Gestern abend hat im Nachbartal ein Informationsabend des des Dorfvereins PRO Wiemeringhausen stattgefunden. Hier ein Auszug aus dem Bericht des ehemaligen Ortsvorstehers und Ersten Vorsitzenden des des Vereins Hubertus Moos. Den kompletten Artikel findet man <a href=\"http:\/\/www.pro-wiemeringhausen.bieseveih.de\/\" target=\"_blank\">auf der Website von PRO Wiemeringhausen<\/a>. Dort auf den Men\u00fc-Punkt &#8222;Aktuelles&#8220; klicken.<\/p>\n<blockquote><p>Der Infoabend des Dorfvereins PRO Wiemeringhausen am 09.12.2009 bei Sch\u00f6ttes war gut besucht. Der 1. Vorsitzende Hubertus Moos hat sich besonders gefreut, inmitten von rd. 25 G\u00e4sten \u00e2\u20ac\u201c darunter einigen neugierigen Noch-Nichtmitgliedern &#8211; auch bereits seinen potentiellen Nachfolger im Amt des Ortsvorstehers, Talat Durguter, begr\u00fc\u00dfen zu k\u00f6nnen. Durguter und Moos sprachen sich direkt anfangs f\u00fcr eine offene und konstruktive Zusammenarbeit aus, die auf Gegenseitigkeit beruhen m\u00fcsse. Der Dorfverein wird den Ortsvorsteher nach Kr\u00e4ften unterst\u00fctzen und erwartet im Gegenzug, dass dieser sich durch die Kontakte zur Stadtverwaltung aktiv in die kommenden Vereinsprojekte einbringen wird. Gemeinsam mit Manuela Buchau, der 2. Vorsitzenden von PRO Wiemeringhausen, wurde dann R\u00fcckblick gehalten auf das recht turbulente Jahr der Vereinsgr\u00fcndung. &#8230;\u00a0<a href=\"http:\/\/www.pro-wiemeringhausen.bieseveih.de\/\" target=\"_blank\">weiterlesen<br \/>\n<\/a><\/p><\/blockquote>\n","protected":false},"excerpt":{"rendered":"<p>Gestern abend hat im Nachbartal ein Informationsabend des des Dorfvereins PRO Wiemeringhausen stattgefunden. Hier ein Auszug aus dem Bericht des ehemaligen Ortsvorstehers und Ersten Vorsitzenden des des Vereins Hubertus Moos. &hellip; <a href=\"https:\/\/www.schiebener.net\/wordpress\/nachrichten-aus-dem-nachbartal-pro-wiemeringhausen-groses-interesse-an-vereinsarbeit-mitgliederversammlung-wird-vorgezogen\/\" class=\"more-link\"><span class=\"screen-reader-text\">\u201eNachrichten aus dem Nachbartal: PRO Wiemeringhausen &#8211; Gro\u00dfes Interesse an Vereinsarbeit &#8211; Mitgliederversammlung wird vorgezogen\u201c <\/span>weiterlesen<\/a><\/p>\n","protected":false},"author":17,"featured_media":0,"comment_status":"open","ping_status":"open","sticky":false,"template":"","format":"standard","meta":{"footnotes":""},"categories":[80,24],"tags":[1070,883],"class_list":["post-5931","post","type-post","status-publish","format-standard","hentry","category-lokales","category-politik","tag-pro-wiemeringhausen","tag-wiemeringhausen"],"_links":{"self":[{"href":"https:\/\/www.schiebener.net\/wordpress\/wp-json\/wp\/v2\/posts\/5931","targetHints":{"allow":["GET"]}}],"collection":[{"href":"https:\/\/www.schiebener.net\/wordpress\/wp-json\/wp\/v2\/posts"}],"about":[{"href":"https:\/\/www.schiebener.net\/wordpress\/wp-json\/wp\/v2\/types\/post"}],"author":[{"embeddable":true,"href":"https:\/\/www.schiebener.net\/wordpress\/wp-json\/wp\/v2\/users\/17"}],"replies":[{"embeddable":true,"href":"https:\/\/www.schiebener.net\/wordpress\/wp-json\/wp\/v2\/comments?post=5931"}],"version-history":[{"count":0,"href":"https:\/\/www.schiebener.net\/wordpress\/wp-json\/wp\/v2\/posts\/5931\/revisions"}],"wp:attachment":[{"href":"https:\/\/www.schiebener.net\/wordpress\/wp-json\/wp\/v2\/media?parent=5931"}],"wp:term":[{"taxonomy":"category","embeddable":true,"href":"https:\/\/www.schiebener.net\/wordpress\/wp-json\/wp\/v2\/categories?post=5931"},{"taxonomy":"post_tag","embeddable":true,"href":"https:\/\/www.schiebener.net\/wordpress\/wp-json\/wp\/v2\/tags?post=5931"}],"curies":[{"name":"wp","href":"https:\/\/api.w.org\/{rel}","templated":true}]}}