{"id":59229,"date":"2024-09-24T10:28:00","date_gmt":"2024-09-24T08:28:00","guid":{"rendered":"https:\/\/www.schiebener.net\/wordpress\/?p=59229"},"modified":"2024-10-07T10:52:52","modified_gmt":"2024-10-07T08:52:52","slug":"verspargelung-verschandelung-umzingelung","status":"publish","type":"post","link":"https:\/\/www.schiebener.net\/wordpress\/verspargelung-verschandelung-umzingelung\/","title":{"rendered":"Verspargelung, Verschandelung, Umzingelung"},"content":{"rendered":"<div class=\"wp-block-image\">\n<figure class=\"aligncenter size-large\"><a href=\"https:\/\/www.schiebener.net\/wordpress\/wp-content\/uploads\/2024\/09\/2024092203KahlerAsten.jpg\" target=\"_blank\" rel=\"noreferrer noopener\"><img loading=\"lazy\" decoding=\"async\" width=\"1024\" height=\"677\" src=\"https:\/\/www.schiebener.net\/wordpress\/wp-content\/uploads\/2024\/09\/2024092203KahlerAsten-1024x677.jpg\" alt=\"\" class=\"wp-image-59225\" srcset=\"https:\/\/www.schiebener.net\/wordpress\/wp-content\/uploads\/2024\/09\/2024092203KahlerAsten-1024x677.jpg 1024w, https:\/\/www.schiebener.net\/wordpress\/wp-content\/uploads\/2024\/09\/2024092203KahlerAsten-300x198.jpg 300w, https:\/\/www.schiebener.net\/wordpress\/wp-content\/uploads\/2024\/09\/2024092203KahlerAsten-768x508.jpg 768w, https:\/\/www.schiebener.net\/wordpress\/wp-content\/uploads\/2024\/09\/2024092203KahlerAsten-1536x1016.jpg 1536w, https:\/\/www.schiebener.net\/wordpress\/wp-content\/uploads\/2024\/09\/2024092203KahlerAsten-1200x793.jpg 1200w, https:\/\/www.schiebener.net\/wordpress\/wp-content\/uploads\/2024\/09\/2024092203KahlerAsten.jpg 2048w\" sizes=\"auto, (max-width: 709px) 85vw, (max-width: 909px) 67vw, (max-width: 1362px) 62vw, 840px\" \/><\/a><figcaption class=\"wp-element-caption\">Fichtenspargel umzingeln den Kahlen Asten. (foto: zoom)<\/figcaption><\/figure>\n<\/div>\n\n\n<p><strong>Wer mit Gegnern von Windenergieanlagen im Hochsauerland spricht, h\u00f6rt drei W\u00f6rter besonders h\u00e4ufig: Verspargelung, Verschandelung und Umzingelung.<\/strong><\/p>\n\n\n\n<p>Es sind hoch emotional aufgeladene Begriffe, die eine Diskussion \u00fcber Windenergie, Energiewende und die Klimakrise augenblicklich  aus dem Gleis werfen k\u00f6nnen.<\/p>\n\n\n\n<!--more-->\n\n\n\n<p>Es sei denn man signalisiert dem Gegen\u00fcber, dass man auf dieser Ebene nicht diskutieren kann oder will, denn die Sch\u00f6nheit oder eben auch die H\u00e4sslichkeit liegt im Auge des Betrachtenden.<\/p>\n\n\n\n<p>Ich bin am Rande des Ruhrgebiets geboren, mit Steinkohle und Smog aufgewachsen, Monte Schlacko, statt Kahler Asten, und habe k\u00fcrzlich an der Abbruchkante des Braunkohletageabbaus am Hambacher Forst gestanden. Sch\u00f6n? H\u00e4sslich?<\/p>\n\n\n\n<p>Die Ewigkeitskosten der Fossil- und Atomindustrie sind enorm. Das Ruhrgebiet wird rund um die Uhr abgepumpt, damit es keine Seenplatte wird. Die Beseitigung des Atomm\u00fclls ist immer noch nicht gekl\u00e4rt. Die Treibhausgase zerst\u00f6ren unsere Lebensgrundlagen. Wenn wir Gl\u00fcck haben, betrifft die Klimakrise mit all ihren H\u00e4rten nicht mehr dein oder mein Leben, aber das unserer Kinder und Kindeskinder. Die Physik l\u00e4sst nicht mit sich spa\u00dfen.<\/p>\n\n\n<div class=\"wp-block-image\">\n<figure class=\"aligncenter size-large\"><a href=\"https:\/\/www.schiebener.net\/wordpress\/wp-content\/uploads\/2024\/08\/2024082201MannsteinWEA.jpg\" target=\"_blank\" rel=\"noreferrer noopener\"><img loading=\"lazy\" decoding=\"async\" width=\"1024\" height=\"683\" src=\"https:\/\/www.schiebener.net\/wordpress\/wp-content\/uploads\/2024\/08\/2024082201MannsteinWEA-1024x683.jpg\" alt=\"\" class=\"wp-image-59000\" srcset=\"https:\/\/www.schiebener.net\/wordpress\/wp-content\/uploads\/2024\/08\/2024082201MannsteinWEA-1024x683.jpg 1024w, https:\/\/www.schiebener.net\/wordpress\/wp-content\/uploads\/2024\/08\/2024082201MannsteinWEA-300x200.jpg 300w, https:\/\/www.schiebener.net\/wordpress\/wp-content\/uploads\/2024\/08\/2024082201MannsteinWEA-768x512.jpg 768w, https:\/\/www.schiebener.net\/wordpress\/wp-content\/uploads\/2024\/08\/2024082201MannsteinWEA-1536x1024.jpg 1536w, https:\/\/www.schiebener.net\/wordpress\/wp-content\/uploads\/2024\/08\/2024082201MannsteinWEA-1200x800.jpg 1200w, https:\/\/www.schiebener.net\/wordpress\/wp-content\/uploads\/2024\/08\/2024082201MannsteinWEA.jpg 2048w\" sizes=\"auto, (max-width: 709px) 85vw, (max-width: 909px) 67vw, (max-width: 1362px) 62vw, 840px\" \/><\/a><figcaption class=\"wp-element-caption\">WEA auf dem Mannstein\/Olsberg (foto: zoom)<\/figcaption><\/figure>\n<\/div>\n\n\n<p>Wind- und Sonnenenergie sind zum &#8222;Schn\u00e4ppchenpreis&#8220; zu haben. Der teure Teil sind die notwendigen Anpassungen des Stromnetzes und der Aufbau von Speicherkapazit\u00e4ten.<\/p>\n\n\n\n<p>Sch\u00f6nheit ist relativ. Verspargelung, Verschandelung und Umzingelung? Diskurs zerst\u00f6rende Begriffsbomben.<\/p>\n","protected":false},"excerpt":{"rendered":"<p>Wer mit Gegnern von Windenergieanlagen im Hochsauerland spricht, h\u00f6rt drei W\u00f6rter besonders h\u00e4ufig: Verspargelung, Verschandelung und Umzingelung. Es sind hoch emotional aufgeladene Begriffe, die eine Diskussion \u00fcber Windenergie, Energiewende und &hellip; <a href=\"https:\/\/www.schiebener.net\/wordpress\/verspargelung-verschandelung-umzingelung\/\" class=\"more-link\"><span class=\"screen-reader-text\">\u201eVerspargelung, Verschandelung, Umzingelung\u201c <\/span>weiterlesen<\/a><\/p>\n","protected":false},"author":3,"featured_media":0,"comment_status":"open","ping_status":"open","sticky":false,"template":"","format":"standard","meta":{"footnotes":""},"categories":[174,8406,549],"tags":[3617,1371,2337,1058,5649,190,4732,4083],"class_list":["post-59229","post","type-post","status-publish","format-standard","hentry","category-dit-und-dat","category-klimakrise","category-umwelt","tag-erneuerbare-energie","tag-fichtenacker","tag-fossile-energie","tag-kahler-asten","tag-mannstein","tag-olsberg","tag-windenergie","tag-windrader"],"_links":{"self":[{"href":"https:\/\/www.schiebener.net\/wordpress\/wp-json\/wp\/v2\/posts\/59229","targetHints":{"allow":["GET"]}}],"collection":[{"href":"https:\/\/www.schiebener.net\/wordpress\/wp-json\/wp\/v2\/posts"}],"about":[{"href":"https:\/\/www.schiebener.net\/wordpress\/wp-json\/wp\/v2\/types\/post"}],"author":[{"embeddable":true,"href":"https:\/\/www.schiebener.net\/wordpress\/wp-json\/wp\/v2\/users\/3"}],"replies":[{"embeddable":true,"href":"https:\/\/www.schiebener.net\/wordpress\/wp-json\/wp\/v2\/comments?post=59229"}],"version-history":[{"count":0,"href":"https:\/\/www.schiebener.net\/wordpress\/wp-json\/wp\/v2\/posts\/59229\/revisions"}],"wp:attachment":[{"href":"https:\/\/www.schiebener.net\/wordpress\/wp-json\/wp\/v2\/media?parent=59229"}],"wp:term":[{"taxonomy":"category","embeddable":true,"href":"https:\/\/www.schiebener.net\/wordpress\/wp-json\/wp\/v2\/categories?post=59229"},{"taxonomy":"post_tag","embeddable":true,"href":"https:\/\/www.schiebener.net\/wordpress\/wp-json\/wp\/v2\/tags?post=59229"}],"curies":[{"name":"wp","href":"https:\/\/api.w.org\/{rel}","templated":true}]}}