{"id":59192,"date":"2024-09-17T10:26:09","date_gmt":"2024-09-17T08:26:09","guid":{"rendered":"https:\/\/www.schiebener.net\/wordpress\/?p=59192"},"modified":"2024-09-17T10:26:09","modified_gmt":"2024-09-17T08:26:09","slug":"sonntagsspaziergang-auf-dem-plackweg-schraeg-und-aufrecht","status":"publish","type":"post","link":"https:\/\/www.schiebener.net\/wordpress\/sonntagsspaziergang-auf-dem-plackweg-schraeg-und-aufrecht\/","title":{"rendered":"Sonntagsspaziergang auf dem Plackweg &#8211; schr\u00e4g und aufrecht"},"content":{"rendered":"<div class=\"wp-block-image\">\n<figure class=\"aligncenter size-large\"><a href=\"https:\/\/www.schiebener.net\/wordpress\/wp-content\/uploads\/2024\/09\/2024091501Loermecketurm.jpg\" target=\"_blank\" rel=\"noreferrer noopener\"><img loading=\"lazy\" decoding=\"async\" width=\"768\" height=\"1024\" src=\"https:\/\/www.schiebener.net\/wordpress\/wp-content\/uploads\/2024\/09\/2024091501Loermecketurm-768x1024.jpg\" alt=\"\" class=\"wp-image-59193\" srcset=\"https:\/\/www.schiebener.net\/wordpress\/wp-content\/uploads\/2024\/09\/2024091501Loermecketurm-768x1025.jpg 768w, https:\/\/www.schiebener.net\/wordpress\/wp-content\/uploads\/2024\/09\/2024091501Loermecketurm-225x300.jpg 225w, https:\/\/www.schiebener.net\/wordpress\/wp-content\/uploads\/2024\/09\/2024091501Loermecketurm-1151x1536.jpg 1151w, https:\/\/www.schiebener.net\/wordpress\/wp-content\/uploads\/2024\/09\/2024091501Loermecketurm-1200x1601.jpg 1200w, https:\/\/www.schiebener.net\/wordpress\/wp-content\/uploads\/2024\/09\/2024091501Loermecketurm.jpg 1535w\" sizes=\"auto, (max-width: 709px) 85vw, (max-width: 909px) 67vw, (max-width: 984px) 61vw, (max-width: 1362px) 45vw, 600px\" \/><\/a><figcaption class=\"wp-element-caption\">Quadratisch, rechteckig, gro\u00df, klein, diese Bilderrahmen stehen allerwegen in der Gegend herum  (foto: zoom)<\/figcaption><\/figure>\n<\/div>\n\n\n<p><strong>Wenn am L\u00f6rmecke-Turm keine Bilderrahmen herum stehen w\u00fcrden, w\u00fc\u00dfte ich nicht, was ich fotografieren sollte. Wenn ich dann auch noch das Bild auf Instagram mit einem @waldlokal Account teilte, werde ein Baum gepflanzt. So ist es ans Holz geschraubt.<\/strong><\/p>\n\n\n\n<p>Bei Instagram bin ich nicht, habe aber eine Suchmaschine. Diese zeigt mir die Website <a href=\"https:\/\/waldlokal.com\/\" target=\"_blank\" rel=\"noreferrer noopener\">Waldlokal<\/a>. Verantwortlich ist die WaldLokal eGmbH mit ihren Gesch\u00e4ftsf\u00fchrer*innen. WaldLokal kooperiere mit der IHK-Arnsberg, den Forst\u00e4mtern, der Bezirksregierung Arnsberg, dem Landschaftsinformationszentrum M\u00f6hnesee und den Heimatvereinen. Die jeweilige Kommune sei auch mit an Bord.<\/p>\n\n\n\n<p>Wenn ich meine Lekt\u00fcre kurz zusammenfasse: WaldLokal wirbt Spenden ein und am Ende werden aus diesem Topf B\u00e4ume gepflanzt. <a href=\"https:\/\/waldlokal.com\/ein-foto-ein-baum-was-dahintersteckt\/\" target=\"_blank\" rel=\"noreferrer noopener\">Laut Website<\/a> wurden durch die Aktion \u201e1 Foto = 1 Baum\u201c  am M\u00f6hnesee 144 B\u00e4ume, in Arnsberg 29, sowie 14 in den WaldLokalen Meschede und Warstein gepflanzt. Zusammen mit 12 Beitr\u00e4gen aus den weiteren WaldLokalen seien es insgesamt 199 B\u00e4ume.<\/p>\n\n\n\n<p>Lest selber <a href=\"https:\/\/waldlokal.com\/\" target=\"_blank\" rel=\"noreferrer noopener\">auf der Website<\/a> und macht euch ein Bild. <\/p>\n\n\n\n<p>Den <a href=\"https:\/\/de.wikipedia.org\/wiki\/Plackweg\" target=\"_blank\" rel=\"noreferrer noopener\">Plackweg <\/a>vom Wanderparkplatz an der B 55 zum <a href=\"https:\/\/de.wikipedia.org\/wiki\/L%C3%B6rmecke-Turm\" target=\"_blank\" rel=\"noreferrer noopener\">L\u00f6rmecke-Turm<\/a> gehe ich nur selten. Der Forstweg ist hier sehr breit, geschottert und der Wald wurde gro\u00dffl\u00e4chig gerodet. Die 3,7 Kilometer (einfach) f\u00fchlen sich l\u00e4nger an als sie es sind.<\/p>\n\n\n\n<p>Zumindet ein Motiv habe ich an diesem Sonntag gefunden: den vereinzelten Baum hinter einem B\u00fcschel Gras vor einem grauen Himmel.<\/p>\n\n\n<div class=\"wp-block-image\">\n<figure class=\"aligncenter size-large\"><a href=\"https:\/\/www.schiebener.net\/wordpress\/wp-content\/uploads\/2024\/09\/2024091503Plackweg.jpg\" target=\"_blank\" rel=\"noreferrer noopener\"><img loading=\"lazy\" decoding=\"async\" width=\"1024\" height=\"683\" src=\"https:\/\/www.schiebener.net\/wordpress\/wp-content\/uploads\/2024\/09\/2024091503Plackweg-1024x683.jpg\" alt=\"\" class=\"wp-image-59194\" srcset=\"https:\/\/www.schiebener.net\/wordpress\/wp-content\/uploads\/2024\/09\/2024091503Plackweg-1024x683.jpg 1024w, https:\/\/www.schiebener.net\/wordpress\/wp-content\/uploads\/2024\/09\/2024091503Plackweg-300x200.jpg 300w, https:\/\/www.schiebener.net\/wordpress\/wp-content\/uploads\/2024\/09\/2024091503Plackweg-768x512.jpg 768w, https:\/\/www.schiebener.net\/wordpress\/wp-content\/uploads\/2024\/09\/2024091503Plackweg-1536x1024.jpg 1536w, https:\/\/www.schiebener.net\/wordpress\/wp-content\/uploads\/2024\/09\/2024091503Plackweg-1200x800.jpg 1200w, https:\/\/www.schiebener.net\/wordpress\/wp-content\/uploads\/2024\/09\/2024091503Plackweg.jpg 2048w\" sizes=\"auto, (max-width: 709px) 85vw, (max-width: 909px) 67vw, (max-width: 1362px) 62vw, 840px\" \/><\/a><figcaption class=\"wp-element-caption\">Hier stand vor einigen Jahren noch ein Wald (foto: zoom)<\/figcaption><\/figure>\n<\/div>\n\n\n<p>Bei Instagram g\u00e4be es f\u00fcr das Bild nicht viele Herzchen. Es fehlt der Sonnenuntergang\/Sonnenaufgang vor rot aufflammendem Himmel.<\/p>\n","protected":false},"excerpt":{"rendered":"<p>Wenn am L\u00f6rmecke-Turm keine Bilderrahmen herum stehen w\u00fcrden, w\u00fc\u00dfte ich nicht, was ich fotografieren sollte. Wenn ich dann auch noch das Bild auf Instagram mit einem @waldlokal Account teilte, werde &hellip; <a href=\"https:\/\/www.schiebener.net\/wordpress\/sonntagsspaziergang-auf-dem-plackweg-schraeg-und-aufrecht\/\" class=\"more-link\"><span class=\"screen-reader-text\">\u201eSonntagsspaziergang auf dem Plackweg &#8211; schr\u00e4g und aufrecht\u201c <\/span>weiterlesen<\/a><\/p>\n","protected":false},"author":3,"featured_media":0,"comment_status":"open","ping_status":"open","sticky":false,"template":"","format":"standard","meta":{"footnotes":""},"categories":[174,1732,2489,80,32,549],"tags":[1855,1856,2938],"class_list":["post-59192","post","type-post","status-publish","format-standard","hentry","category-dit-und-dat","category-freizeit","category-in-eigener-sache","category-lokales","category-medien","category-umwelt","tag-lormecketurm","tag-plackweg","tag-spaziergang"],"_links":{"self":[{"href":"https:\/\/www.schiebener.net\/wordpress\/wp-json\/wp\/v2\/posts\/59192","targetHints":{"allow":["GET"]}}],"collection":[{"href":"https:\/\/www.schiebener.net\/wordpress\/wp-json\/wp\/v2\/posts"}],"about":[{"href":"https:\/\/www.schiebener.net\/wordpress\/wp-json\/wp\/v2\/types\/post"}],"author":[{"embeddable":true,"href":"https:\/\/www.schiebener.net\/wordpress\/wp-json\/wp\/v2\/users\/3"}],"replies":[{"embeddable":true,"href":"https:\/\/www.schiebener.net\/wordpress\/wp-json\/wp\/v2\/comments?post=59192"}],"version-history":[{"count":0,"href":"https:\/\/www.schiebener.net\/wordpress\/wp-json\/wp\/v2\/posts\/59192\/revisions"}],"wp:attachment":[{"href":"https:\/\/www.schiebener.net\/wordpress\/wp-json\/wp\/v2\/media?parent=59192"}],"wp:term":[{"taxonomy":"category","embeddable":true,"href":"https:\/\/www.schiebener.net\/wordpress\/wp-json\/wp\/v2\/categories?post=59192"},{"taxonomy":"post_tag","embeddable":true,"href":"https:\/\/www.schiebener.net\/wordpress\/wp-json\/wp\/v2\/tags?post=59192"}],"curies":[{"name":"wp","href":"https:\/\/api.w.org\/{rel}","templated":true}]}}