{"id":59130,"date":"2024-09-11T20:28:20","date_gmt":"2024-09-11T18:28:20","guid":{"rendered":"https:\/\/www.schiebener.net\/wordpress\/?p=59130"},"modified":"2024-09-11T20:28:20","modified_gmt":"2024-09-11T18:28:20","slug":"fahrrad-demo-in-arnsberg","status":"publish","type":"post","link":"https:\/\/www.schiebener.net\/wordpress\/fahrrad-demo-in-arnsberg\/","title":{"rendered":"Fahrrad-Demo in Arnsberg"},"content":{"rendered":"\n<h3 class=\"wp-block-heading\">N\u00e4chste Critical Mass am Freitag, 20.09., um 17:30 Uhr ab H\u00fcsten Markt<\/h3>\n\n\n<div class=\"wp-block-image\">\n<figure class=\"aligncenter size-large\"><img loading=\"lazy\" decoding=\"async\" width=\"768\" height=\"1024\" src=\"https:\/\/www.schiebener.net\/wordpress\/wp-content\/uploads\/2022\/10\/KidicalMass_BessereFahrradwege_Amrei_Kemming-768x1024.jpeg\" alt=\"\" class=\"wp-image-53562\" srcset=\"https:\/\/www.schiebener.net\/wordpress\/wp-content\/uploads\/2022\/10\/KidicalMass_BessereFahrradwege_Amrei_Kemming-768x1024.jpeg 768w, https:\/\/www.schiebener.net\/wordpress\/wp-content\/uploads\/2022\/10\/KidicalMass_BessereFahrradwege_Amrei_Kemming-225x300.jpeg 225w, https:\/\/www.schiebener.net\/wordpress\/wp-content\/uploads\/2022\/10\/KidicalMass_BessereFahrradwege_Amrei_Kemming-1152x1536.jpeg 1152w, https:\/\/www.schiebener.net\/wordpress\/wp-content\/uploads\/2022\/10\/KidicalMass_BessereFahrradwege_Amrei_Kemming-1536x2048.jpeg 1536w, https:\/\/www.schiebener.net\/wordpress\/wp-content\/uploads\/2022\/10\/KidicalMass_BessereFahrradwege_Amrei_Kemming-1200x1600.jpeg 1200w, https:\/\/www.schiebener.net\/wordpress\/wp-content\/uploads\/2022\/10\/KidicalMass_BessereFahrradwege_Amrei_Kemming-rotated.jpeg 1773w\" sizes=\"auto, (max-width: 709px) 85vw, (max-width: 909px) 67vw, (max-width: 984px) 61vw, (max-width: 1362px) 45vw, 600px\" \/><figcaption class=\"wp-element-caption\">\u201eBessere Fahrradwege\u201c (Archivfoto: ADFC\/Amrei Kemming)<\/figcaption><\/figure>\n<\/div>\n\n\n<p><strong>Der VCD Hochsauerland l\u00e4dt zusammen mit dem ADFC Arnsberg zur Teilnahme an der zweiten &#8222;Critical Mass&#8220;, einer Demonstrationsradtour f\u00fcr &#8222;MehrPlatzF\u00fcrsRad&#8220;, im Rahmen der Europ\u00e4ischen Mobilit\u00e4tswoche in Arnsberg ein.<\/strong><\/p>\n\n\n\n<p><em>(Pressemitteilung VCD Hochsauerland)<\/em><\/p>\n\n\n\n<p>Am Freitag, 20. September 2024 um 17:30 Uhr am Infostand auf dem H\u00fcstener Markt geht es mit Polizei-Begleitung auf ca. 11 km los durch die Innenst\u00e4dte von H\u00fcsten und Neheim und zur\u00fcck &#8211; in gem\u00e4chlichem Tempo und im geschlossenen Verband, so dass nebeneinander gefahren werden darf, mit Bio- und E-Bikes, Lasten- und Dreir\u00e4dern, Fahrr\u00e4dern mit Kinder- und Hundeanh\u00e4ngern.<\/p>\n\n\n\n<!--more-->\n\n\n\n<p>Ob jung, ob alt: alle sind willkommen und k\u00f6nnen und sollen teilnehmen. Die Einladung richtet sich an TeilnehmerInnen aus dem gesamten Kreisgebiet des HSK und aus umliegenden Orten.<\/p>\n\n\n\n<p><strong>&#8222;Wir behindern nicht den Verkehr \u2013 wir sind der Verkehr&#8220;<\/strong><\/p>\n\n\n\n<p>Mit diesem Selbstverst\u00e4ndnis soll der bereits in vielen St\u00e4dten wiederholt&nbsp; durchgef\u00fchrte kreative Protest auch in Arnsberg ein Zeichen f\u00fcr Radverkehrsbelange setzen und zeigen, dass Radfahrende im innerst\u00e4dtischen Verkehr immer bedeutsamer werden und eine st\u00e4rkere Ber\u00fccksichtigung ihrer stra\u00dfenverkehrlichen Bed\u00fcrfnisse durch Politik, Verwaltung und andere Verkehrsteilnehmer:innen erwarten.<\/p>\n","protected":false},"excerpt":{"rendered":"<p>N\u00e4chste Critical Mass am Freitag, 20.09., um 17:30 Uhr ab H\u00fcsten Markt Der VCD Hochsauerland l\u00e4dt zusammen mit dem ADFC Arnsberg zur Teilnahme an der zweiten &#8222;Critical Mass&#8220;, einer Demonstrationsradtour &hellip; <a href=\"https:\/\/www.schiebener.net\/wordpress\/fahrrad-demo-in-arnsberg\/\" class=\"more-link\"><span class=\"screen-reader-text\">\u201eFahrrad-Demo in Arnsberg\u201c <\/span>weiterlesen<\/a><\/p>\n","protected":false},"author":17,"featured_media":0,"comment_status":"open","ping_status":"open","sticky":false,"template":"","format":"standard","meta":{"footnotes":""},"categories":[303,80,1043,618],"tags":[5589,9230,8028],"class_list":["post-59130","post","type-post","status-publish","format-standard","hentry","category-in-unserem-briefkasten","category-lokales","category-pressemitteilungen","category-verkehr","tag-arnsberg-neheim","tag-critical-mass","tag-neheim-huesten"],"_links":{"self":[{"href":"https:\/\/www.schiebener.net\/wordpress\/wp-json\/wp\/v2\/posts\/59130","targetHints":{"allow":["GET"]}}],"collection":[{"href":"https:\/\/www.schiebener.net\/wordpress\/wp-json\/wp\/v2\/posts"}],"about":[{"href":"https:\/\/www.schiebener.net\/wordpress\/wp-json\/wp\/v2\/types\/post"}],"author":[{"embeddable":true,"href":"https:\/\/www.schiebener.net\/wordpress\/wp-json\/wp\/v2\/users\/17"}],"replies":[{"embeddable":true,"href":"https:\/\/www.schiebener.net\/wordpress\/wp-json\/wp\/v2\/comments?post=59130"}],"version-history":[{"count":0,"href":"https:\/\/www.schiebener.net\/wordpress\/wp-json\/wp\/v2\/posts\/59130\/revisions"}],"wp:attachment":[{"href":"https:\/\/www.schiebener.net\/wordpress\/wp-json\/wp\/v2\/media?parent=59130"}],"wp:term":[{"taxonomy":"category","embeddable":true,"href":"https:\/\/www.schiebener.net\/wordpress\/wp-json\/wp\/v2\/categories?post=59130"},{"taxonomy":"post_tag","embeddable":true,"href":"https:\/\/www.schiebener.net\/wordpress\/wp-json\/wp\/v2\/tags?post=59130"}],"curies":[{"name":"wp","href":"https:\/\/api.w.org\/{rel}","templated":true}]}}