{"id":59125,"date":"2024-09-10T21:10:26","date_gmt":"2024-09-10T19:10:26","guid":{"rendered":"https:\/\/www.schiebener.net\/wordpress\/?p=59125"},"modified":"2024-09-15T19:52:37","modified_gmt":"2024-09-15T17:52:37","slug":"die-initiative-weltoffenes-thueringen-zum-ausgang-der-landtagswahl","status":"publish","type":"post","link":"https:\/\/www.schiebener.net\/wordpress\/die-initiative-weltoffenes-thueringen-zum-ausgang-der-landtagswahl\/","title":{"rendered":"Die Initiative &#8222;Weltoffenes Th\u00fcringen&#8220; zum Ausgang der Landtagswahl"},"content":{"rendered":"<div class=\"wp-block-image\">\n<figure class=\"aligncenter size-full\"><img loading=\"lazy\" decoding=\"async\" width=\"1024\" height=\"421\" src=\"https:\/\/www.schiebener.net\/wordpress\/wp-content\/uploads\/2024\/09\/20240910WeltoffenesThueringenKlein.jpg\" alt=\"\" class=\"wp-image-59126\" srcset=\"https:\/\/www.schiebener.net\/wordpress\/wp-content\/uploads\/2024\/09\/20240910WeltoffenesThueringenKlein.jpg 1024w, https:\/\/www.schiebener.net\/wordpress\/wp-content\/uploads\/2024\/09\/20240910WeltoffenesThueringenKlein-300x123.jpg 300w, https:\/\/www.schiebener.net\/wordpress\/wp-content\/uploads\/2024\/09\/20240910WeltoffenesThueringenKlein-768x316.jpg 768w\" sizes=\"auto, (max-width: 709px) 85vw, (max-width: 909px) 67vw, (max-width: 1362px) 62vw, 840px\" \/><figcaption class=\"wp-element-caption\">Das Logo der Initiative<\/figcaption><\/figure>\n<\/div>\n\n\n<p><strong>Parallel zum <a href=\"https:\/\/www.schiebener.net\/wordpress\/muescheder-wandergruppe-oberhof-wgo-im-naturpark-thueringer-wald-unterwegs\/\" target=\"_blank\" rel=\"noreferrer noopener\">Reisebericht der M\u00fcscheder Wandergruppe Oberhof<\/a> flatterte eine Stellungnahme der Initiative &#8222;<a href=\"https:\/\/thueringen-weltoffen.de\/\" target=\"_blank\" rel=\"noreferrer noopener\">Weltoffenes Th\u00fcringen<\/a>&#8220; zum Ausgang der dortigen Landtagswahl in unseren Briefkasten. <\/strong><\/p>\n\n\n\n<p>Die darin ge\u00e4u\u00dferten Gedanken und \u00dcberlegungen halte ich als &#8222;Wessi&#8220; f\u00fcr wichtig, denn schlie\u00dflich leben wir unabh\u00e4ngig vom Bundesland in einer gemeinsamen Demokratie mit einem f\u00fcr alle geltenden Grundgesetz &#8211; so mangelhaft die politische Realit\u00e4t auch sein mag. Die Unterst\u00fctzung eines weltoffenen Th\u00fcringen ist daher f\u00fcr uns &#8222;erste B\u00fcrger*innenpflicht&#8220;. <\/p>\n\n\n\n<p>Aber lest selbst:<\/p>\n\n\n\n<!--more-->\n\n\n\n<p>Die Ergebnisse der Landtagswahlen sind mehr als ern\u00fcchternd, denn nun ist amtlich, was wir bef\u00fcrchtet haben: Jede:r Dritte Th\u00fcringer:in w\u00e4hlt eine Partei, die die Grundlagen eines weltoffenen und vielf\u00e4ltigen Landes \u2013 plurale Demokratie, Achtung der Menschenw\u00fcrde und Rechtsstaatlichkeit \u2013 negiert. Vorurteile, Ausgrenzung und Hass gef\u00e4hrden in einem bislang unbekannten Ausma\u00df das Zusammenleben im Freistaat. Der friedliche und respektvolle Umgang miteinander ist bedroht. Es geht ein Riss durch das Land, der nicht zuletzt auch seinen Wohlstand gef\u00e4hrdet.<\/p>\n\n\n\n<p>Trotz dieses ern\u00fcchternden Wahlergebnisses von letzter Woche gilt aber auch: Zwei von drei Th\u00fcringer:innen geben demokratischen Parteien ihre Stimme. Sie bilden in Th\u00fcringen die gro\u00dfe demokratische Mehrheit. Und die Initiative Weltoffenes Th\u00fcringen hat in den letzten Monaten gezeigt, dass diese Mehrheit nicht mehr bereit ist, zu schweigen.<\/p>\n\n\n\n<p>Wir erwarten von den nun gew\u00e4hlten Repr\u00e4sentant:innen der demokratischen Parteien, mit ihrem Auftrag der W\u00e4hler:innen verantwortungsvoll umzugehen. Auch die Erfahrungen zweier unterschiedlicher Diktaturen in Deutschland zeigen uns die Notwendigkeit, dass Demokrat:innen f\u00fcr ihre Werte gemeinsam einstehen m\u00fcssen. Wir brauchen einen Schulterschluss, um auch unter diesen herausfordernden Bedingungen eine stabile Regierung zu bilden, die die demokratischen Regeln unseres Zusammenlebens sch\u00fctzt.<\/p>\n\n\n\n<p>In den letzten Monaten haben sich in der Initiative Weltoffenes Th\u00fcringen so viele Organisationen und Einzelpersonen zusammengefunden wie nie zuvor. Sie haben der bislang h\u00e4ufig schweigenden Mehrheit eine sichtbare Stimme verliehen. Sie haben gezeigt: Wir sind nicht \u201eneutral\u201c, sondern werteorientiert und ein Teil der wehrhaften Demokratie.<\/p>\n\n\n\n<p>Insofern ist unsere gemeinsame Arbeit wichtiger denn je: Wir wollen die vielf\u00e4ltigen Vernetzungen, die wir in den Monaten vor der Wahl aufgebaut haben, nun nutzen, um zum einen die Regierungsbildung und die Politik im Freistaat kritisch zu begleiten. Aber vor allem werden wir an unseren so ganz verschiedenen Orten der Zivilgesellschaft \u2013 in den Vereinen, in den Unternehmen, in der Bildungsarbeit \u2013 Verantwortung f\u00fcr die Demokratie \u00fcbernehmen und gemeinsam daf\u00fcr wirken, dass Th\u00fcringen ein lebenswertes Land ist, in dem Menschen in ihrer Verschiedenheit respektiert werden.<\/p>\n\n\n\n<p>Bereits in diesem Monat werden wir uns zu einer Reihe von Strategietreffen zusammenfinden, um unsere weitere Arbeit f\u00fcr eine weltoffenes Th\u00fcringen zu organisieren. Es wird darum gehen, als B\u00fcndnis, das schnell gro\u00df geworden ist, weiter zusammen zu wachsen. Wichtig ist uns, gegenseitige Unterst\u00fctzung zu organisieren, gerade kleine Vereine und bedrohte Einzelpersonen und Engagierte in den l\u00e4ndlichen R\u00e4umen weiter zu unterst\u00fctzen. Dazu geh\u00f6rt es auch, mit den B\u00fcndnissen in Sachsen, Sachsen-Anhalt und Brandenburg den Schulterschluss zu suchen.<\/p>\n\n\n\n<p>Uns ist wichtig, auch euch als Unterst\u00fctzer:innen einzubeziehen. Wir melden uns nach den n\u00e4chsten Meetings daher noch einmal mit Terminvorschl\u00e4gen f\u00fcr ein Vernetzungstreffen, auf dem ihre eure Perspektive(n) einbringen k\u00f6nnt. Solltet ihr bis dahin Feedback, \u00c4nderungsvorschl\u00e4ge oder Ideen haben, schreibt uns gern unter team@thueringen-weltoffen.de &#8211; wir freuen uns auf eure Gedanken!&#8220;<\/p>\n","protected":false},"excerpt":{"rendered":"<p>Parallel zum Reisebericht der M\u00fcscheder Wandergruppe Oberhof flatterte eine Stellungnahme der Initiative &#8222;Weltoffenes Th\u00fcringen&#8220; zum Ausgang der dortigen Landtagswahl in unseren Briefkasten. Die darin ge\u00e4u\u00dferten Gedanken und \u00dcberlegungen halte ich &hellip; <a href=\"https:\/\/www.schiebener.net\/wordpress\/die-initiative-weltoffenes-thueringen-zum-ausgang-der-landtagswahl\/\" class=\"more-link\"><span class=\"screen-reader-text\">\u201eDie Initiative &#8222;Weltoffenes Th\u00fcringen&#8220; zum Ausgang der Landtagswahl\u201c <\/span>weiterlesen<\/a><\/p>\n","protected":false},"author":3,"featured_media":0,"comment_status":"open","ping_status":"open","sticky":false,"template":"","format":"standard","meta":{"footnotes":""},"categories":[303,6314],"tags":[1446,893],"class_list":["post-59125","post","type-post","status-publish","format-standard","hentry","category-in-unserem-briefkasten","category-rechtsextremismus","tag-landtagswahlen","tag-thuringen"],"_links":{"self":[{"href":"https:\/\/www.schiebener.net\/wordpress\/wp-json\/wp\/v2\/posts\/59125","targetHints":{"allow":["GET"]}}],"collection":[{"href":"https:\/\/www.schiebener.net\/wordpress\/wp-json\/wp\/v2\/posts"}],"about":[{"href":"https:\/\/www.schiebener.net\/wordpress\/wp-json\/wp\/v2\/types\/post"}],"author":[{"embeddable":true,"href":"https:\/\/www.schiebener.net\/wordpress\/wp-json\/wp\/v2\/users\/3"}],"replies":[{"embeddable":true,"href":"https:\/\/www.schiebener.net\/wordpress\/wp-json\/wp\/v2\/comments?post=59125"}],"version-history":[{"count":0,"href":"https:\/\/www.schiebener.net\/wordpress\/wp-json\/wp\/v2\/posts\/59125\/revisions"}],"wp:attachment":[{"href":"https:\/\/www.schiebener.net\/wordpress\/wp-json\/wp\/v2\/media?parent=59125"}],"wp:term":[{"taxonomy":"category","embeddable":true,"href":"https:\/\/www.schiebener.net\/wordpress\/wp-json\/wp\/v2\/categories?post=59125"},{"taxonomy":"post_tag","embeddable":true,"href":"https:\/\/www.schiebener.net\/wordpress\/wp-json\/wp\/v2\/tags?post=59125"}],"curies":[{"name":"wp","href":"https:\/\/api.w.org\/{rel}","templated":true}]}}