{"id":59121,"date":"2024-09-10T20:39:01","date_gmt":"2024-09-10T18:39:01","guid":{"rendered":"https:\/\/www.schiebener.net\/wordpress\/?p=59121"},"modified":"2024-09-11T02:42:31","modified_gmt":"2024-09-11T00:42:31","slug":"muescheder-wandergruppe-oberhof-wgo-im-naturpark-thueringer-wald-unterwegs","status":"publish","type":"post","link":"https:\/\/www.schiebener.net\/wordpress\/muescheder-wandergruppe-oberhof-wgo-im-naturpark-thueringer-wald-unterwegs\/","title":{"rendered":"M\u00fcscheder \u201eWandergruppe Oberhof (WGO)\u201c im Naturpark Th\u00fcringer Wald unterwegs"},"content":{"rendered":"<div class=\"wp-block-image\">\n<figure class=\"aligncenter size-large\"><img loading=\"lazy\" decoding=\"async\" width=\"1024\" height=\"768\" src=\"https:\/\/www.schiebener.net\/wordpress\/wp-content\/uploads\/2024\/09\/IMG-20240831-WA0052-1024x768.jpg\" alt=\"\" class=\"wp-image-59122\" srcset=\"https:\/\/www.schiebener.net\/wordpress\/wp-content\/uploads\/2024\/09\/IMG-20240831-WA0052-1024x768.jpg 1024w, https:\/\/www.schiebener.net\/wordpress\/wp-content\/uploads\/2024\/09\/IMG-20240831-WA0052-300x225.jpg 300w, https:\/\/www.schiebener.net\/wordpress\/wp-content\/uploads\/2024\/09\/IMG-20240831-WA0052-768x576.jpg 768w, https:\/\/www.schiebener.net\/wordpress\/wp-content\/uploads\/2024\/09\/IMG-20240831-WA0052-1536x1152.jpg 1536w, https:\/\/www.schiebener.net\/wordpress\/wp-content\/uploads\/2024\/09\/IMG-20240831-WA0052-1200x900.jpg 1200w, https:\/\/www.schiebener.net\/wordpress\/wp-content\/uploads\/2024\/09\/IMG-20240831-WA0052.jpg 1600w\" sizes=\"auto, (max-width: 709px) 85vw, (max-width: 909px) 67vw, (max-width: 1362px) 62vw, 840px\" \/><figcaption class=\"wp-element-caption\">Die Wandergruppe Oberhof vor der Drachenschlucht, v. l. J\u00fcrgen Hupe, Udo Senft, Walter Bast, Wolfgang G\u00fcnzel, Gerd St\u00fcttgen, Christian Keil, Gerd Sommer (Pressefoto)<\/figcaption><\/figure>\n<\/div>\n\n\n<p><strong>M\u00fcschede\/Masserberg. Eine besonders sch\u00f6ne Jahres-Tour hat die \u201eWandergruppe Oberhof (WGO)\u201c, ein Zusammenschluss von sieben Wanderern aus dem Eulendorf M\u00fcschede, unternommen. Nach dem Start der sechst\u00e4gigen Reise ging es per PKW zun\u00e4chst ins th\u00fcringische Eisenach, wo Christian Keil, Walter Bast, J\u00fcrgen Hupe, Wolfgang G\u00fcnzel, Udo Senft, Gerd Sommer und Gerd St\u00fcttgen die imposante dortige Drachenschlucht in einer dreist\u00fcndigen Wanderung eroberten, bevor es nach Masserberg im Naturpark Th\u00fcringer Wald weiterging, wo w\u00e4hrend ihrer Reise Quartier genommen wurde.<\/strong><\/p>\n\n\n\n<p><em>(Pressemitteilung)<\/em><\/p>\n\n\n\n<p>An den Folgetagen wurden die Wanderungen \u201eFamilienspa\u00df\u201c \u2013 Haus der Natur\u201c zur Talsperre Goldistal, die gro\u00dfe Rundwanderung um die Talsperre Sch\u00f6nbrunn, eine Tour durch die Fehrenbacher Schweiz und der Rundwanderweg um die und zur Werraquelle unternommen. So standen am Ende gut 75 Kilometer Strecke im wundersch\u00f6nen Th\u00fcringer Wald auf dem \u201eWandertacho\u201c.<\/p>\n\n\n\n<!--more-->\n\n\n\n<p>Allerdings sind auch im Th\u00fcringer Wald die Spuren von Trockenheit und Borkenk\u00e4fer un\u00fcbersehbar. Nicht unwesentliche Teile des dominierenden Nadelbaumbestandes sind bereits angegriffen und zum Teil auch schon abgeholzt worden.<\/p>\n\n\n\n<p>Beeindruckend war die vorbildliche Ausschilderung der Wanderwege. Auch ohne Komoot, GPS und andere Hilfsmittel war hier stets eine problemlose Orientierung m\u00f6glich.<\/p>\n\n\n\n<p>Ein Abstecher in die Stadt Suhl mit Besuchen des Fahrzeugmuseums und des Waffenmuseums rundeten den Wandertrip ab und sorgten f\u00fcr den kulturellen Part der WGO-Tour 2024.<\/p>\n\n\n<div class=\"wp-block-image\">\n<figure class=\"aligncenter size-large\"><img loading=\"lazy\" decoding=\"async\" width=\"1024\" height=\"768\" src=\"https:\/\/www.schiebener.net\/wordpress\/wp-content\/uploads\/2024\/09\/IMG-20240902-WA0007-1024x768.jpg\" alt=\"\" class=\"wp-image-59123\" srcset=\"https:\/\/www.schiebener.net\/wordpress\/wp-content\/uploads\/2024\/09\/IMG-20240902-WA0007-1024x768.jpg 1024w, https:\/\/www.schiebener.net\/wordpress\/wp-content\/uploads\/2024\/09\/IMG-20240902-WA0007-300x225.jpg 300w, https:\/\/www.schiebener.net\/wordpress\/wp-content\/uploads\/2024\/09\/IMG-20240902-WA0007-768x576.jpg 768w, https:\/\/www.schiebener.net\/wordpress\/wp-content\/uploads\/2024\/09\/IMG-20240902-WA0007-1536x1152.jpg 1536w, https:\/\/www.schiebener.net\/wordpress\/wp-content\/uploads\/2024\/09\/IMG-20240902-WA0007-1200x900.jpg 1200w, https:\/\/www.schiebener.net\/wordpress\/wp-content\/uploads\/2024\/09\/IMG-20240902-WA0007.jpg 1600w\" sizes=\"auto, (max-width: 709px) 85vw, (max-width: 909px) 67vw, (max-width: 1362px) 62vw, 840px\" \/><figcaption class=\"wp-element-caption\">Die Gruppe am Rundwanderweg der Talsperre Sch\u00f6nbrunn, v. l. Wolfgang G\u00fcnzel, Gerd Sommer, Christian Keil, Gerd St\u00fcttgen, Udo Senft, Walter Bast, J\u00fcrgen Hupe (Pressefoto)<\/figcaption><\/figure>\n<\/div>\n\n\n<p>Zur\u00fcckgekehrt bestand unter den Wanderfreunden Einigkeit, einen vielseitigen, sch\u00f6nen und h\u00f6chst interessanten Trip in den Th\u00fcringer Wald unternommen zu haben, bei dem sich Wandern, Erlebnis und Kultur zu einer guten Verbindung verschmolzen haben.<\/p>\n\n\n\n<p>Die Planungen f\u00fcr die Tour 2025 sind bereits angelaufen. Favorit ist derzeit eine Wanderexkursion in den Harz.<\/p>\n","protected":false},"excerpt":{"rendered":"<p>M\u00fcschede\/Masserberg. Eine besonders sch\u00f6ne Jahres-Tour hat die \u201eWandergruppe Oberhof (WGO)\u201c, ein Zusammenschluss von sieben Wanderern aus dem Eulendorf M\u00fcschede, unternommen. Nach dem Start der sechst\u00e4gigen Reise ging es per PKW &hellip; <a href=\"https:\/\/www.schiebener.net\/wordpress\/muescheder-wandergruppe-oberhof-wgo-im-naturpark-thueringer-wald-unterwegs\/\" class=\"more-link\"><span class=\"screen-reader-text\">\u201eM\u00fcscheder \u201eWandergruppe Oberhof (WGO)\u201c im Naturpark Th\u00fcringer Wald unterwegs\u201c <\/span>weiterlesen<\/a><\/p>\n","protected":false},"author":17,"featured_media":0,"comment_status":"open","ping_status":"open","sticky":false,"template":"","format":"standard","meta":{"footnotes":""},"categories":[1732,303,80,1043,2729,549],"tags":[6579],"class_list":["post-59121","post","type-post","status-publish","format-standard","hentry","category-freizeit","category-in-unserem-briefkasten","category-lokales","category-pressemitteilungen","category-reisen","category-umwelt","tag-wandern"],"_links":{"self":[{"href":"https:\/\/www.schiebener.net\/wordpress\/wp-json\/wp\/v2\/posts\/59121","targetHints":{"allow":["GET"]}}],"collection":[{"href":"https:\/\/www.schiebener.net\/wordpress\/wp-json\/wp\/v2\/posts"}],"about":[{"href":"https:\/\/www.schiebener.net\/wordpress\/wp-json\/wp\/v2\/types\/post"}],"author":[{"embeddable":true,"href":"https:\/\/www.schiebener.net\/wordpress\/wp-json\/wp\/v2\/users\/17"}],"replies":[{"embeddable":true,"href":"https:\/\/www.schiebener.net\/wordpress\/wp-json\/wp\/v2\/comments?post=59121"}],"version-history":[{"count":0,"href":"https:\/\/www.schiebener.net\/wordpress\/wp-json\/wp\/v2\/posts\/59121\/revisions"}],"wp:attachment":[{"href":"https:\/\/www.schiebener.net\/wordpress\/wp-json\/wp\/v2\/media?parent=59121"}],"wp:term":[{"taxonomy":"category","embeddable":true,"href":"https:\/\/www.schiebener.net\/wordpress\/wp-json\/wp\/v2\/categories?post=59121"},{"taxonomy":"post_tag","embeddable":true,"href":"https:\/\/www.schiebener.net\/wordpress\/wp-json\/wp\/v2\/tags?post=59121"}],"curies":[{"name":"wp","href":"https:\/\/api.w.org\/{rel}","templated":true}]}}