{"id":59106,"date":"2024-09-04T19:44:07","date_gmt":"2024-09-04T17:44:07","guid":{"rendered":"https:\/\/www.schiebener.net\/wordpress\/?p=59106"},"modified":"2024-09-04T19:44:07","modified_gmt":"2024-09-04T17:44:07","slug":"umfrage-adfc-fahrradklima-test-startet-wie-fahrradfreundlich-sind-unsere-staedte-und-gemeinden","status":"publish","type":"post","link":"https:\/\/www.schiebener.net\/wordpress\/umfrage-adfc-fahrradklima-test-startet-wie-fahrradfreundlich-sind-unsere-staedte-und-gemeinden\/","title":{"rendered":"Umfrage ADFC-Fahrradklima-Test startet: Wie fahrradfreundlich sind unsere St\u00e4dte und Gemeinden?"},"content":{"rendered":"<div class=\"wp-block-image\">\n<figure class=\"aligncenter size-large\"><img loading=\"lazy\" decoding=\"async\" width=\"1024\" height=\"1024\" src=\"https:\/\/www.schiebener.net\/wordpress\/wp-content\/uploads\/2024\/09\/Eben-oder-holprig_v2_1080x1080_Stoerer-1024x1024.jpg\" alt=\"\" class=\"wp-image-59107\" srcset=\"https:\/\/www.schiebener.net\/wordpress\/wp-content\/uploads\/2024\/09\/Eben-oder-holprig_v2_1080x1080_Stoerer-1024x1024.jpg 1024w, https:\/\/www.schiebener.net\/wordpress\/wp-content\/uploads\/2024\/09\/Eben-oder-holprig_v2_1080x1080_Stoerer-300x300.jpg 300w, https:\/\/www.schiebener.net\/wordpress\/wp-content\/uploads\/2024\/09\/Eben-oder-holprig_v2_1080x1080_Stoerer-150x150.jpg 150w, https:\/\/www.schiebener.net\/wordpress\/wp-content\/uploads\/2024\/09\/Eben-oder-holprig_v2_1080x1080_Stoerer-768x768.jpg 768w, https:\/\/www.schiebener.net\/wordpress\/wp-content\/uploads\/2024\/09\/Eben-oder-holprig_v2_1080x1080_Stoerer.jpg 1080w\" sizes=\"auto, (max-width: 709px) 85vw, (max-width: 909px) 67vw, (max-width: 1362px) 62vw, 840px\" \/><\/figure>\n<\/div>\n\n\n<p><strong>Am 1. September wurde die Online-Umfrage zum gro\u00dfen <a href=\"http:\/\/www.fkt.adfc.de\/\" target=\"_blank\" rel=\"noreferrer noopener\">ADFC-Fahrradklima-Test 2024<\/a> gestartet. Radfahrerinnen und Radfahrer aus ganz Deutschland sind eingeladen, anhand von 27 Fragen die Fahrradfreundlichkeit ihrer Wohnorte zu bewerten. Aus den Ergebnissen errechnet der ADFC das Ranking der fahrradfreundlichsten St\u00e4dte und Gemeinden Deutschlands. Individuelle Ortsprofile geben den Kommunen wertvolle R\u00fcckmeldungen, wie sie das Angebot f\u00fcr Radfahrende weiter verbessern k\u00f6nnen. Der ADFC-Fahrradklima-Test wird gef\u00f6rdert vom Bundesministerium f\u00fcr Digitales und Verkehr. Die Ergebnisse werden im Fr\u00fchjahr 2025 in Berlin vorgestellt.<\/strong><\/p>\n\n\n\n<p><strong>ADFC-Bundesvorsitzender Frank Masurat <\/strong>sagt: \u201eRadfahren ist einfach gut f\u00fcr alle. Weitsichtige St\u00e4dte und Gemeinden wissen das und erleichtern den Menschen den Umstieg auf zwei R\u00e4der. Der ADFC-Fahrradklima-Test 2024 wird aufzeigen, wo das schon gut gelingt. Er wird auch zeigen, wo Kommunen noch nachbessern m\u00fcssen. Etwa durch den Ausbau der Radwegenetze, neue Fahrradparkpl\u00e4tze, durch die Entsch\u00e4rfung stressiger Stra\u00dfenabschnitte oder durch eine aufmerksame Polizei, die Rad- und Fu\u00dfwege freih\u00e4lt und f\u00fcr ein gutes Miteinander im Verkehr sorgt. Wer sich zehn Minuten Zeit f\u00fcr den ADFC-Fahrradklima-Test nimmt, kann einen wichtigen Beitrag zur Verbesserung der Radfahrbedingungen im eigenen Umfeld leisten.\u201c<\/p>\n\n\n\n<!--more-->\n\n\n\n<p><strong>Schwerpunktthema: Das Miteinander im Verkehr<\/strong><\/p>\n\n\n\n<p>Der Fahrradclub f\u00fchrt den ADFC-Fahrradklima-Test 2024 zum elften Mal durch. Neben den Basisfragen \u2013 beispielsweise zum Sicherheitsgef\u00fchl beim Radfahren und zur Breite der Radwege \u2013 gibt es in diesem Jahr Zusatzfragen zum Miteinander im Verkehr. Hier geht es etwa darum, wie Radfahrende das Verhalten von anderen Verkehrsteilnehmenden bewerten, ob es r\u00fccksichtsvoll zugeht und ausreichend \u00dcberholabstand eingehalten wird.&nbsp; &nbsp;<\/p>\n\n\n\n<p><strong>Jetzt teilnehmen beim ADFC-Fahrradklima-Test<\/strong><\/p>\n\n\n\n<p>Bis zum 30. November 2024 kann man auf <a href=\"http:\/\/www.fkt.adfc.de\" target=\"_blank\" rel=\"noreferrer noopener\">www.fkt.adfc.de<\/a> an der Online-Umfrage zum ADFC-Fahrradklima-Test 2024 teilnehmen. Das Beantworten der 27 Fragen dauert nur rund zehn Minuten. Die Bewertung erfolgt auf einer Skala von eins bis sechs, vergleichbar mit Schulnoten. Wer mag, kann im Anschluss einen Newsletter abonnieren, um \u00fcber die Ergebnisse informiert zu werden. Die fahrradfreundlichsten St\u00e4dte in sechs Gr\u00f6\u00dfenklassen werden im Fr\u00fchjahr 2025 im Bundesverkehrsministerium ausgezeichnet.<\/p>\n\n\n\n<p><strong>Eine Viertelmillion Menschen nahm 2022 teil<\/strong><\/p>\n\n\n\n<p>Der ADFC-Fahrradklima-Test wird alle zwei Jahre durchgef\u00fchrt und gilt als der Zufriedenheitsindex der Radfahrenden in ganz Deutschland. Beim letzten Durchgang im Jahr 2022 haben rund 245.000 Personen bundesweit teilgenommen. Das Ergebnis ist ein aussagekr\u00e4ftiges Ranking der fahrradfreundlichsten St\u00e4dte und D\u00f6rfer. Im letzten Jahr lag das westf\u00e4lische Wettringen mit der Bestnote 2,0 ganz vorn in der Gunst der Radfahrenden. Bei den Gro\u00dfst\u00e4dten \u00fcber 500.000 Einwohnern lag Bremen auf Platz eins. Auch Schwachstellen in der kommunalen Fahrradf\u00f6rderung werden durch die lebensnahen R\u00fcckmeldungen der Radfahrenden sichtbar und k\u00f6nnen gezielt nachgebessert werden. Der ADFC-Fahrradklima-Test hilft dadurch, Deutschland zu einem attraktiven Fahrradland zu machen.&nbsp;<\/p>\n","protected":false},"excerpt":{"rendered":"<p>Am 1. September wurde die Online-Umfrage zum gro\u00dfen ADFC-Fahrradklima-Test 2024 gestartet. Radfahrerinnen und Radfahrer aus ganz Deutschland sind eingeladen, anhand von 27 Fragen die Fahrradfreundlichkeit ihrer Wohnorte zu bewerten. Aus &hellip; <a href=\"https:\/\/www.schiebener.net\/wordpress\/umfrage-adfc-fahrradklima-test-startet-wie-fahrradfreundlich-sind-unsere-staedte-und-gemeinden\/\" class=\"more-link\"><span class=\"screen-reader-text\">\u201eUmfrage ADFC-Fahrradklima-Test startet: Wie fahrradfreundlich sind unsere St\u00e4dte und Gemeinden?\u201c <\/span>weiterlesen<\/a><\/p>\n","protected":false},"author":17,"featured_media":0,"comment_status":"open","ping_status":"open","sticky":false,"template":"","format":"standard","meta":{"footnotes":""},"categories":[303,80,1043,618],"tags":[4417,5253,212,3782],"class_list":["post-59106","post","type-post","status-publish","format-standard","hentry","category-in-unserem-briefkasten","category-lokales","category-pressemitteilungen","category-verkehr","tag-adfc","tag-fahrradklimatest","tag-hochsauerland","tag-radfahren"],"_links":{"self":[{"href":"https:\/\/www.schiebener.net\/wordpress\/wp-json\/wp\/v2\/posts\/59106","targetHints":{"allow":["GET"]}}],"collection":[{"href":"https:\/\/www.schiebener.net\/wordpress\/wp-json\/wp\/v2\/posts"}],"about":[{"href":"https:\/\/www.schiebener.net\/wordpress\/wp-json\/wp\/v2\/types\/post"}],"author":[{"embeddable":true,"href":"https:\/\/www.schiebener.net\/wordpress\/wp-json\/wp\/v2\/users\/17"}],"replies":[{"embeddable":true,"href":"https:\/\/www.schiebener.net\/wordpress\/wp-json\/wp\/v2\/comments?post=59106"}],"version-history":[{"count":0,"href":"https:\/\/www.schiebener.net\/wordpress\/wp-json\/wp\/v2\/posts\/59106\/revisions"}],"wp:attachment":[{"href":"https:\/\/www.schiebener.net\/wordpress\/wp-json\/wp\/v2\/media?parent=59106"}],"wp:term":[{"taxonomy":"category","embeddable":true,"href":"https:\/\/www.schiebener.net\/wordpress\/wp-json\/wp\/v2\/categories?post=59106"},{"taxonomy":"post_tag","embeddable":true,"href":"https:\/\/www.schiebener.net\/wordpress\/wp-json\/wp\/v2\/tags?post=59106"}],"curies":[{"name":"wp","href":"https:\/\/api.w.org\/{rel}","templated":true}]}}