{"id":59103,"date":"2024-09-04T09:37:12","date_gmt":"2024-09-04T07:37:12","guid":{"rendered":"https:\/\/www.schiebener.net\/wordpress\/?p=59103"},"modified":"2024-09-04T09:37:45","modified_gmt":"2024-09-04T07:37:45","slug":"bundesweiter-warntag-am-12-september","status":"publish","type":"post","link":"https:\/\/www.schiebener.net\/wordpress\/bundesweiter-warntag-am-12-september\/","title":{"rendered":"Bundesweiter Warntag am 12. September"},"content":{"rendered":"<div class=\"wp-block-image\">\n<figure class=\"aligncenter size-full\"><img loading=\"lazy\" decoding=\"async\" width=\"512\" height=\"384\" src=\"https:\/\/www.schiebener.net\/wordpress\/wp-content\/uploads\/2011\/12\/winterberghsalarm.jpg\" alt=\"\" class=\"wp-image-15297\" srcset=\"https:\/\/www.schiebener.net\/wordpress\/wp-content\/uploads\/2011\/12\/winterberghsalarm.jpg 512w, https:\/\/www.schiebener.net\/wordpress\/wp-content\/uploads\/2011\/12\/winterberghsalarm-300x225.jpg 300w\" sizes=\"auto, (max-width: 512px) 85vw, 512px\" \/><figcaption class=\"wp-element-caption\">Alarmsirene auf einer Winterberger Schule (archivfoto: zoom)<\/figcaption><\/figure>\n<\/div>\n\n\n<p><strong>Hochsauerlandkreis. Am Donnerstag, 12. September, findet in diesem Jahr der bundesweite Warntag statt. Hierbei werden viele Warnkan\u00e4le erprobt, mit denen die Bev\u00f6lkerung vor Gefahren gewarnt werden k\u00f6nnen.<\/strong> <\/p>\n\n\n\n<p><em>(Pressemitteilung HSK)<\/em><\/p>\n\n\n\n<p>Um 11 Uhr werden in der Leitstelle des Hochsauerlandkreises in Meschede-Enste die Sirenen ausgel\u00f6st in der vorgeschriebenen Dauer und Tonfolge: eine Minute Entwarnung mit einem gleichbleibenden Heulton \u2013 eine Minute Warnung mit einem auf- und abschwellenden Heulton \u2013 eine Minute Entwarnung mit einer Pause von jeweils f\u00fcnf Minuten zwischen den Tonfolgen.<\/p>\n\n\n\n<!--more-->\n\n\n\n<p>Neben der Sirene soll die Bev\u00f6lkerung \u00fcber weitere Kan\u00e4le mit dem Probealarm sensibilisiert werden. Dazu z\u00e4hlen u.a. auch Warn-Apps wie NINA sowie Radio, Fernsehen und Infosysteme der Deutschen Bahn.<\/p>\n\n\n\n<p>\u00dcberpr\u00fcft wird auch wieder das Cell-Broadcast der Mobilfunkanbieter. Dieses erm\u00f6glicht das Versenden von Warnnachrichten direkt auf ein mobiles Endger\u00e4t. Damit die Warnung zu empfangen ist, muss sich das Betriebssystem auf dem aktuellen Stand befinden. M\u00f6glicherweise sind f\u00fcr einen Empfang vorab Einstellungen am Smartphone vorzunehmen. Ebenso muss das Handy eingeschaltet sein und darf sich nicht im Flugmodus befinden. \u00c4ltere Ger\u00e4te k\u00f6nnen Cell-Broadcast aus technischen Gr\u00fcnden m\u00f6glicherweise nicht empfangen. Weitere Informationen zu den Einstellungsm\u00f6glichkeiten sowie eine Liste der empfangsf\u00e4higen Ger\u00e4te sind unter <a href=\"http:\/\/www.bbk.bund.de\/cellbroadcast\" target=\"_blank\" rel=\"noreferrer noopener\">www.bbk.bund.de\/cellbroadcast<\/a> zu finden.<\/p>\n\n\n\n<p>\u00dcber eine \u00f6ffentliche Online-Umfrage unter <a href=\"http:\/\/www.warntag-umfrage.de\/\" target=\"_blank\" rel=\"noreferrer noopener\">www.warntag-umfrage.de<\/a> besteht die M\u00f6glichkeit, die Erfahrungen mit der Probewarnung dem Bundesamt f\u00fcr Bev\u00f6lkerungsschutz und Katastrophenhilfe (BBK) mitzuteilen. Hierbei wird beispielsweise abgefragt, ob die Probewarnung \u00fcber den Mobilfunkdienst Cell Broadcast empfangen worden ist, im Radio oder \u00fcber einen anderen Kanal geh\u00f6rt wurde. Die Umfrage startet am 12. September gegen 11 Uhr und endet am 19. September. Die anonym erhobenen Daten dienen dazu, die Warnabl\u00e4ufe in Deutschland per Feedback zu verbessern.<\/p>\n\n\n\n<p><\/p>\n","protected":false},"excerpt":{"rendered":"<p>Hochsauerlandkreis. Am Donnerstag, 12. September, findet in diesem Jahr der bundesweite Warntag statt. Hierbei werden viele Warnkan\u00e4le erprobt, mit denen die Bev\u00f6lkerung vor Gefahren gewarnt werden k\u00f6nnen. (Pressemitteilung HSK) Um &hellip; <a href=\"https:\/\/www.schiebener.net\/wordpress\/bundesweiter-warntag-am-12-september\/\" class=\"more-link\"><span class=\"screen-reader-text\">\u201eBundesweiter Warntag am 12. September\u201c <\/span>weiterlesen<\/a><\/p>\n","protected":false},"author":17,"featured_media":0,"comment_status":"open","ping_status":"open","sticky":false,"template":"","format":"standard","meta":{"footnotes":""},"categories":[303,1043],"tags":[],"class_list":["post-59103","post","type-post","status-publish","format-standard","hentry","category-in-unserem-briefkasten","category-pressemitteilungen"],"_links":{"self":[{"href":"https:\/\/www.schiebener.net\/wordpress\/wp-json\/wp\/v2\/posts\/59103","targetHints":{"allow":["GET"]}}],"collection":[{"href":"https:\/\/www.schiebener.net\/wordpress\/wp-json\/wp\/v2\/posts"}],"about":[{"href":"https:\/\/www.schiebener.net\/wordpress\/wp-json\/wp\/v2\/types\/post"}],"author":[{"embeddable":true,"href":"https:\/\/www.schiebener.net\/wordpress\/wp-json\/wp\/v2\/users\/17"}],"replies":[{"embeddable":true,"href":"https:\/\/www.schiebener.net\/wordpress\/wp-json\/wp\/v2\/comments?post=59103"}],"version-history":[{"count":0,"href":"https:\/\/www.schiebener.net\/wordpress\/wp-json\/wp\/v2\/posts\/59103\/revisions"}],"wp:attachment":[{"href":"https:\/\/www.schiebener.net\/wordpress\/wp-json\/wp\/v2\/media?parent=59103"}],"wp:term":[{"taxonomy":"category","embeddable":true,"href":"https:\/\/www.schiebener.net\/wordpress\/wp-json\/wp\/v2\/categories?post=59103"},{"taxonomy":"post_tag","embeddable":true,"href":"https:\/\/www.schiebener.net\/wordpress\/wp-json\/wp\/v2\/tags?post=59103"}],"curies":[{"name":"wp","href":"https:\/\/api.w.org\/{rel}","templated":true}]}}