{"id":59082,"date":"2024-08-31T19:55:56","date_gmt":"2024-08-31T17:55:56","guid":{"rendered":"https:\/\/www.schiebener.net\/wordpress\/?p=59082"},"modified":"2024-09-01T10:31:20","modified_gmt":"2024-09-01T08:31:20","slug":"weltpremiere-von-wdr-koproduktion-riefenstahl-auf-dem-filmfestival-in-venedig","status":"publish","type":"post","link":"https:\/\/www.schiebener.net\/wordpress\/weltpremiere-von-wdr-koproduktion-riefenstahl-auf-dem-filmfestival-in-venedig\/","title":{"rendered":"Weltpremiere von WDR-Koproduktion \u201eRIEFENSTAHL\u201c auf dem Filmfestival in Venedig"},"content":{"rendered":"<div class=\"wp-block-image\">\n<figure class=\"aligncenter size-full\"><img loading=\"lazy\" decoding=\"async\" width=\"704\" height=\"396\" src=\"https:\/\/www.schiebener.net\/wordpress\/wp-content\/uploads\/2024\/08\/20240831Leni_Riefenstahl_Roter_Teppich_Klein.jpg\" alt=\"\" class=\"wp-image-59083\" srcset=\"https:\/\/www.schiebener.net\/wordpress\/wp-content\/uploads\/2024\/08\/20240831Leni_Riefenstahl_Roter_Teppich_Klein.jpg 704w, https:\/\/www.schiebener.net\/wordpress\/wp-content\/uploads\/2024\/08\/20240831Leni_Riefenstahl_Roter_Teppich_Klein-300x169.jpg 300w\" sizes=\"auto, (max-width: 709px) 85vw, (max-width: 909px) 67vw, (max-width: 984px) 61vw, (max-width: 1362px) 45vw, 600px\" \/><figcaption class=\"wp-element-caption\">Roter Teppich mit Regisseur Andres Veiel und Produzentin Sandra Maischberger (\u00a9 WDR\/Rocco Giurato)<\/figcaption><\/figure>\n<\/div>\n\n\n<p><strong>Der Dokumentarfilm \u00fcber das Leben und Wirken der Regisseurin Leni Riefenstahl feierte vor zwei Tagen, am 29.8.2024, seine Weltpremiere auf den 81. Filmfestspielen in Venedig. \u201eRIEFENSTAHL\u201c ist der neue Film von Andres Veiel (BEUYS, BLACK BOX BRD) und wurde von Sandra Maischberger produziert.<\/strong><\/p>\n\n\n\n<p><em>(Pressemitteilung WDR)<\/em><\/p>\n\n\n\n<p>\u201eDie Verbindung von Kunst und Politik, die Verf\u00fchrbarkeit durch Bilder \u2013 das sind auch heute hochaktuelle Themen. Ich freue mich daher sehr, dass diese intensive Auseinandersetzung mit dem k\u00fcnstlerischen und politischen Wirken von Leni Riefenstahls Lebenswerk in Venedig ein internationales Forum bekommt\u201c, sagt J\u00f6rg Sch\u00f6nenborn, WDR Programmdirektor Information, Fiktion und Unterhaltung.<\/p>\n\n\n\n<p>Riefenstahl gilt als eine der umstrittensten Frauen des 20. Jahrhunderts. Zum einen wurde sie als Regisseurin f\u00fcr ihre Bildwelten gefeiert. Zum anderen stellte sie sich und ihre Filme in den Dienst der Nazis. Bis zu ihrem Tod betonte sie, dass ihre Kunst unpolitisch sei.<\/p>\n\n\n\n<!--more-->\n\n\n\n<p><strong>Erstmals Zugang zu Riefenstahls Nachlass<\/strong><\/p>\n\n\n\n<p>Der Film geht dieser Legende auf den Grund, anhand von bisher unver\u00f6ffentlichten Dokumenten, die Riefenstahl hinterlassen hat. Dazu haben das Team um Veiel und Maischberger erstmals 700 Kisten aus dem Nachlass der Regisseurin systematisch gesichtet und ausgewertet. Riefenstahl hatte verf\u00fcgt, dass diese mit dem Tod ihres Lebensgef\u00e4hrten 2016 der Stiftung Preu\u00dfischer Kulturbesitz vermacht wurden.<\/p>\n\n\n\n<p>Sechs Jahre dauerten Recherche und Produktion des Dokumentarfilms. Andres Veiel f\u00fcllte Leerstellen in Riefenstahls autobiographischen Erz\u00e4hlungen, fand unter anderem auch Aufzeichnungen und mitgeschnittene Gespr\u00e4che, die Riefenstahls Legende widerlegen. \u201eOffenbar hat sie eben viele der Materialien, die sie im Kern belasten, nicht als solche erkannt\u201c, so Veiel.<\/p>\n\n\n\n<p><strong>Die \u00c4sthetik der Bilder pr\u00e4senter denn je<\/strong><\/p>\n\n\n\n<p>Der Einfluss von Riefenstahls \u00c4sthetik ist heute pr\u00e4senter denn je \u2013 damit auch ihre Botschaft? Auch dieser Frage geht der Film nach. \u201eLeni Riefenstahls hundertj\u00e4hrige Lebens- und Wirkungsgeschichte ist ein Schl\u00fcssel zum Verst\u00e4ndnis der Mechanismen von Manipulation, wie sie uns gerade wieder begegnen. Ihr Werk zu dechiffrieren hei\u00dft: eine Urs\u00fcnde der Filmpropaganda offen zu legen, um sie im Heute wiedererkennen zu k\u00f6nnen\u201c, so Sandra Maischberger.<\/p>\n\n\n\n<p>Der Dokumentarfilm von Maischbergers Vincent Productions entstand unter Federf\u00fchrung des WDR in Koproduktion mit SWR, NDR, BR und rbb. Er wurde in Venedig au\u00dferhalb des Wettbewerbs uraufgef\u00fchrt.<\/p>\n\n\n\n<p>\u201eRIEFENSTAHL\u201c wurde bereits in knapp 20 L\u00e4nder verkauft und wird u.a. in Frankreich, Japan und Skandinavien zu sehen sein. Der Film kommt am 31. Oktober 2024 in die deutschen Kinos und wird voraussichtlich im ersten Quartal 2025 in der ARD ausgestrahlt.<\/p>\n\n\n\n<p>&#8212;&#8212;&#8212;&#8212;&#8212;&#8212;&#8212;&#8212;&#8212;&#8212;&#8211;<br \/><br \/><strong>Anmerkung zoom:<\/strong><br \/>Anl\u00e4sslich einer Riefenstahl-Ausstellung in Hallenberg hatte ich mich mit der Nazi-Filmerin und Propagandistin hier im Blog besch\u00e4ftigt bzw. Lesehinweise gegeben:<br \/><br \/><strong>Gegen das Vertuschen:<\/strong> Riefenstahls \u201eFilmsklaven\u201c aus Maxglan (PDF, ab Seite 7) \u2026 <a href=\"http:\/\/www.roma-service.at\/download\/dROMa64.pdf\" target=\"_blank\" rel=\"noreferrer noopener\">dROMa<\/a><\/p>\n\n\n\n<p><a href=\"https:\/\/www.schiebener.net\/wordpress\/um-zwei-wochen-verlaengert-riefenstahls-blick-auf-die-welt-ist-antihuman-gefuehllos-anti-aufklaererisch-todesgeil-und-faschistisch-georg-seesslen\/\" target=\"_blank\" rel=\"noreferrer noopener\">Um zwei Wochen verl\u00e4ngert: \u201eRiefenstahls Blick auf die Welt ist antihuman, gef\u00fchllos, anti-aufkl\u00e4rerisch, todesgeil und faschistisch\u201c (Georg See\u00dflen)<\/a><\/p>\n\n\n\n<p><a href=\"https:\/\/www.schiebener.net\/wordpress\/mit-riefenstahl-bin-ich-noch-nicht-durch-austellung-im-kump-hallenberg\/\" target=\"_blank\" rel=\"noreferrer noopener\">Mit Riefenstahl bin ich noch nicht durch \u2026 Ausstellung im Kump Hallenberg<\/a><\/p>\n\n\n\n<p><\/p>\n","protected":false},"excerpt":{"rendered":"<p>Der Dokumentarfilm \u00fcber das Leben und Wirken der Regisseurin Leni Riefenstahl feierte vor zwei Tagen, am 29.8.2024, seine Weltpremiere auf den 81. Filmfestspielen in Venedig. \u201eRIEFENSTAHL\u201c ist der neue Film &hellip; <a href=\"https:\/\/www.schiebener.net\/wordpress\/weltpremiere-von-wdr-koproduktion-riefenstahl-auf-dem-filmfestival-in-venedig\/\" class=\"more-link\"><span class=\"screen-reader-text\">\u201eWeltpremiere von WDR-Koproduktion \u201eRIEFENSTAHL\u201c auf dem Filmfestival in Venedig\u201c <\/span>weiterlesen<\/a><\/p>\n","protected":false},"author":3,"featured_media":0,"comment_status":"open","ping_status":"open","sticky":false,"template":"","format":"standard","meta":{"footnotes":""},"categories":[319,303,674,854,32,7507,1043,8669],"tags":[3117,6207,14],"class_list":["post-59082","post","type-post","status-publish","format-standard","hentry","category-geschichte","category-in-unserem-briefkasten","category-kultur","category-kunst","category-medien","category-nationalsozialismus","category-pressemitteilungen","category-rassismus","tag-film","tag-leni-riefenstahl","tag-wdr"],"_links":{"self":[{"href":"https:\/\/www.schiebener.net\/wordpress\/wp-json\/wp\/v2\/posts\/59082","targetHints":{"allow":["GET"]}}],"collection":[{"href":"https:\/\/www.schiebener.net\/wordpress\/wp-json\/wp\/v2\/posts"}],"about":[{"href":"https:\/\/www.schiebener.net\/wordpress\/wp-json\/wp\/v2\/types\/post"}],"author":[{"embeddable":true,"href":"https:\/\/www.schiebener.net\/wordpress\/wp-json\/wp\/v2\/users\/3"}],"replies":[{"embeddable":true,"href":"https:\/\/www.schiebener.net\/wordpress\/wp-json\/wp\/v2\/comments?post=59082"}],"version-history":[{"count":0,"href":"https:\/\/www.schiebener.net\/wordpress\/wp-json\/wp\/v2\/posts\/59082\/revisions"}],"wp:attachment":[{"href":"https:\/\/www.schiebener.net\/wordpress\/wp-json\/wp\/v2\/media?parent=59082"}],"wp:term":[{"taxonomy":"category","embeddable":true,"href":"https:\/\/www.schiebener.net\/wordpress\/wp-json\/wp\/v2\/categories?post=59082"},{"taxonomy":"post_tag","embeddable":true,"href":"https:\/\/www.schiebener.net\/wordpress\/wp-json\/wp\/v2\/tags?post=59082"}],"curies":[{"name":"wp","href":"https:\/\/api.w.org\/{rel}","templated":true}]}}