{"id":59028,"date":"2024-08-26T15:44:05","date_gmt":"2024-08-26T13:44:05","guid":{"rendered":"https:\/\/www.schiebener.net\/wordpress\/?p=59028"},"modified":"2024-08-26T15:44:05","modified_gmt":"2024-08-26T13:44:05","slug":"sonntag-im-hochsauerland-lesen-wandern-radfahren","status":"publish","type":"post","link":"https:\/\/www.schiebener.net\/wordpress\/sonntag-im-hochsauerland-lesen-wandern-radfahren\/","title":{"rendered":"Sonntag im Hochsauerland: Lesen, Wandern, Radfahren"},"content":{"rendered":"<div class=\"wp-block-image\">\n<figure class=\"aligncenter size-large\"><a href=\"https:\/\/www.schiebener.net\/wordpress\/wp-content\/uploads\/2024\/08\/2024082601StoeckerWeltVerbrennen.jpg\" target=\"_blank\" rel=\"noreferrer noopener\"><img loading=\"lazy\" decoding=\"async\" width=\"1024\" height=\"985\" src=\"https:\/\/www.schiebener.net\/wordpress\/wp-content\/uploads\/2024\/08\/2024082601StoeckerWeltVerbrennen-1024x985.jpg\" alt=\"\" class=\"wp-image-59029\" srcset=\"https:\/\/www.schiebener.net\/wordpress\/wp-content\/uploads\/2024\/08\/2024082601StoeckerWeltVerbrennen-1024x985.jpg 1024w, https:\/\/www.schiebener.net\/wordpress\/wp-content\/uploads\/2024\/08\/2024082601StoeckerWeltVerbrennen-300x289.jpg 300w, https:\/\/www.schiebener.net\/wordpress\/wp-content\/uploads\/2024\/08\/2024082601StoeckerWeltVerbrennen-768x739.jpg 768w, https:\/\/www.schiebener.net\/wordpress\/wp-content\/uploads\/2024\/08\/2024082601StoeckerWeltVerbrennen-1536x1478.jpg 1536w, https:\/\/www.schiebener.net\/wordpress\/wp-content\/uploads\/2024\/08\/2024082601StoeckerWeltVerbrennen-1200x1154.jpg 1200w, https:\/\/www.schiebener.net\/wordpress\/wp-content\/uploads\/2024\/08\/2024082601StoeckerWeltVerbrennen.jpg 2048w\" sizes=\"auto, (max-width: 709px) 85vw, (max-width: 909px) 67vw, (max-width: 1362px) 62vw, 840px\" \/><\/a><figcaption class=\"wp-element-caption\">Das Buch von Christian St\u00f6cker, aufgeschlagen mit Beschreibung als Einlage (foto: zoom)<\/figcaption><\/figure>\n<\/div>\n\n\n<p><strong>Es ist nicht schwer, im Hochsauerland den Sonntag auf angenehme Weise zu verbringen. Christian St\u00f6ckers Buch, <em>M\u00e4nner die die Welt verbrennen<\/em> habe ich, passend <a href=\"https:\/\/www.schiebener.net\/wordpress\/gruendung-des-kommunalen-unternehmens-erneuerbare-energien-hochsauerlandkreis-gmbh-eeh-und-beteiligung-der-stadt-winterberg-an-der-eeh\/\" target=\"_blank\" rel=\"noreferrer noopener\">zum Blogartikel und den Diskussionen um die Energiewende in Winterberg<\/a>, verschlungen. <\/strong><\/p>\n\n\n\n<p><a href=\"https:\/\/de.wikipedia.org\/wiki\/Christian_St%C3%B6cker\" target=\"_blank\" rel=\"noreferrer noopener\">St\u00f6cker <\/a>schreibt fl\u00fcssig, mit vielen Fakten, Hintergr\u00fcnden und Quellen \u00fcber die Klimakrise, die Energiewende und ihre Boykotteure. Lest den Klappentext im Bild und dann am besten das Buch selbst. Ich habe es mir in einer \u00f6ffentlichen Bibliothek ausgeliehen, man kann es selbstverst\u00e4ndlich auch kaufen. Sinngem\u00e4\u00dfes Zitat aus dem Buch: <em>Nicht ausgegeben ist auch gespart (schw\u00e4b. Hausfrau)<\/em>.<\/p>\n\n\n\n<p>Wer nach der Lekt\u00fcre noch den Unfug von Vernunftkraft, E.I.K.E, u.a. glaubt, dem ist nicht zu helfen.<\/p>\n\n\n\n<p>Auf jeden Fall rauchte mir der Kopf, Zeit f\u00fcr einen Spaziergang um den Schmantel und den Kreuzberg. Ich finde dieses St\u00fcckchen Winterberg sehr entspannend.<\/p>\n\n\n<div class=\"wp-block-image\">\n<figure class=\"aligncenter size-large\"><a href=\"https:\/\/www.schiebener.net\/wordpress\/wp-content\/uploads\/2024\/08\/2024082502WinterbergWanderung.jpg\" target=\"_blank\" rel=\"noreferrer noopener\"><img loading=\"lazy\" decoding=\"async\" width=\"1024\" height=\"683\" src=\"https:\/\/www.schiebener.net\/wordpress\/wp-content\/uploads\/2024\/08\/2024082502WinterbergWanderung-1024x683.jpg\" alt=\"\" class=\"wp-image-59021\" srcset=\"https:\/\/www.schiebener.net\/wordpress\/wp-content\/uploads\/2024\/08\/2024082502WinterbergWanderung-1024x683.jpg 1024w, https:\/\/www.schiebener.net\/wordpress\/wp-content\/uploads\/2024\/08\/2024082502WinterbergWanderung-300x200.jpg 300w, https:\/\/www.schiebener.net\/wordpress\/wp-content\/uploads\/2024\/08\/2024082502WinterbergWanderung-768x512.jpg 768w, https:\/\/www.schiebener.net\/wordpress\/wp-content\/uploads\/2024\/08\/2024082502WinterbergWanderung-1536x1024.jpg 1536w, https:\/\/www.schiebener.net\/wordpress\/wp-content\/uploads\/2024\/08\/2024082502WinterbergWanderung-1200x800.jpg 1200w, https:\/\/www.schiebener.net\/wordpress\/wp-content\/uploads\/2024\/08\/2024082502WinterbergWanderung.jpg 2048w\" sizes=\"auto, (max-width: 709px) 85vw, (max-width: 909px) 67vw, (max-width: 1362px) 62vw, 840px\" \/><\/a><figcaption class=\"wp-element-caption\">Unterhalb des Kreuzbergs, N\u00e4he Hesborner Weg (foto: zoom)<\/figcaption><\/figure>\n<\/div>\n\n\n<p>Es fehlt inzwischen manche alte Waldfl\u00e4che, die der Klimawandel hinweggerafft hat, aber die Kahlschl\u00e4ge sind zum gr\u00f6\u00dften Teil ergr\u00fcnt: Gras, Kr\u00e4uter, Str\u00e4ucher.<\/p>\n\n\n\n<p>Wer die Gegend vorher nicht gekannt hat, dem f\u00e4llt nicht unbedingt auf, dass hier Klimawandel und Borkenk\u00e4fer gew\u00fctet haben.<\/p>\n\n\n<div class=\"wp-block-image\">\n<figure class=\"aligncenter size-large\"><a href=\"https:\/\/www.schiebener.net\/wordpress\/wp-content\/uploads\/2024\/08\/2024082501WinterbergWanderung.jpg\" target=\"_blank\" rel=\"noreferrer noopener\"><img loading=\"lazy\" decoding=\"async\" width=\"1024\" height=\"683\" src=\"https:\/\/www.schiebener.net\/wordpress\/wp-content\/uploads\/2024\/08\/2024082501WinterbergWanderung-1024x683.jpg\" alt=\"\" class=\"wp-image-59020\" srcset=\"https:\/\/www.schiebener.net\/wordpress\/wp-content\/uploads\/2024\/08\/2024082501WinterbergWanderung-1024x683.jpg 1024w, https:\/\/www.schiebener.net\/wordpress\/wp-content\/uploads\/2024\/08\/2024082501WinterbergWanderung-300x200.jpg 300w, https:\/\/www.schiebener.net\/wordpress\/wp-content\/uploads\/2024\/08\/2024082501WinterbergWanderung-768x512.jpg 768w, https:\/\/www.schiebener.net\/wordpress\/wp-content\/uploads\/2024\/08\/2024082501WinterbergWanderung-1536x1025.jpg 1536w, https:\/\/www.schiebener.net\/wordpress\/wp-content\/uploads\/2024\/08\/2024082501WinterbergWanderung-1200x800.jpg 1200w, https:\/\/www.schiebener.net\/wordpress\/wp-content\/uploads\/2024\/08\/2024082501WinterbergWanderung.jpg 2048w\" sizes=\"auto, (max-width: 709px) 85vw, (max-width: 909px) 67vw, (max-width: 1362px) 62vw, 840px\" \/><\/a><figcaption class=\"wp-element-caption\">Blick auf den Funkturm am Kreuzbergweg in Winterberg (foto: zoom)<\/figcaption><\/figure>\n<\/div>\n\n\n<p>Im Blogbeitrag <em><a href=\"https:\/\/www.schiebener.net\/wordpress\/wie-es-um-den-zustand-des-deutschen-walds-bestellt-ist\/\" target=\"_blank\" rel=\"noreferrer noopener\">Wie es um den Zustand des deutschen Walds bestellt ist<\/a><\/em> kann man die Waldfl\u00e4chen zwischen Winterberg und Z\u00fcschen von 2016 mit 2023 vergleichen, also einem Zeitraum nach dem gro\u00dfen <a href=\"https:\/\/de.m.wikipedia.org\/wiki\/Orkan_Kyrill\" target=\"_blank\" rel=\"noreferrer noopener\">Orkan Kyrill von 2007<\/a>.<\/p>\n\n\n\n<p>Lesen, Wandern, Essen nicht vergessen; im sp\u00e4ten Licht des Tages noch eine kleine Runde mit dem Rad drehen; danach das n\u00e4chste Buch beginnen.<\/p>\n\n\n<div class=\"wp-block-image\">\n<figure class=\"aligncenter size-large\"><a href=\"https:\/\/www.schiebener.net\/wordpress\/wp-content\/uploads\/2024\/08\/2024082503BoedefeldRadtour.jpg\"><img loading=\"lazy\" decoding=\"async\" width=\"1024\" height=\"768\" src=\"https:\/\/www.schiebener.net\/wordpress\/wp-content\/uploads\/2024\/08\/2024082503BoedefeldRadtour-1024x768.jpg\" alt=\"\" class=\"wp-image-59022\" srcset=\"https:\/\/www.schiebener.net\/wordpress\/wp-content\/uploads\/2024\/08\/2024082503BoedefeldRadtour-1024x768.jpg 1024w, https:\/\/www.schiebener.net\/wordpress\/wp-content\/uploads\/2024\/08\/2024082503BoedefeldRadtour-300x225.jpg 300w, https:\/\/www.schiebener.net\/wordpress\/wp-content\/uploads\/2024\/08\/2024082503BoedefeldRadtour-768x576.jpg 768w, https:\/\/www.schiebener.net\/wordpress\/wp-content\/uploads\/2024\/08\/2024082503BoedefeldRadtour-1536x1151.jpg 1536w, https:\/\/www.schiebener.net\/wordpress\/wp-content\/uploads\/2024\/08\/2024082503BoedefeldRadtour-1200x899.jpg 1200w, https:\/\/www.schiebener.net\/wordpress\/wp-content\/uploads\/2024\/08\/2024082503BoedefeldRadtour.jpg 2048w\" sizes=\"auto, (max-width: 709px) 85vw, (max-width: 909px) 67vw, (max-width: 1362px) 62vw, 840px\" \/><\/a><figcaption class=\"wp-element-caption\">Mit dem Rad Richtung B\u00f6defeld (foto: zoom)<\/figcaption><\/figure>\n<\/div>\n\n\n<p>Feierabend. \ud83d\ude42<\/p>\n","protected":false},"excerpt":{"rendered":"<p>Es ist nicht schwer, im Hochsauerland den Sonntag auf angenehme Weise zu verbringen. Christian St\u00f6ckers Buch, M\u00e4nner die die Welt verbrennen habe ich, passend zum Blogartikel und den Diskussionen um &hellip; <a href=\"https:\/\/www.schiebener.net\/wordpress\/sonntag-im-hochsauerland-lesen-wandern-radfahren\/\" class=\"more-link\"><span class=\"screen-reader-text\">\u201eSonntag im Hochsauerland: Lesen, Wandern, Radfahren\u201c <\/span>weiterlesen<\/a><\/p>\n","protected":false},"author":3,"featured_media":0,"comment_status":"open","ping_status":"open","sticky":false,"template":"","format":"standard","meta":{"footnotes":""},"categories":[218,174,1732,2489,8406,80,71,549,648],"tags":[129,3782,6579],"class_list":["post-59028","post","type-post","status-publish","format-standard","hentry","category-bucher","category-dit-und-dat","category-freizeit","category-in-eigener-sache","category-klimakrise","category-lokales","category-sport","category-umwelt","category-was-tun-gegen-langweile","tag-lesen","tag-radfahren","tag-wandern"],"_links":{"self":[{"href":"https:\/\/www.schiebener.net\/wordpress\/wp-json\/wp\/v2\/posts\/59028","targetHints":{"allow":["GET"]}}],"collection":[{"href":"https:\/\/www.schiebener.net\/wordpress\/wp-json\/wp\/v2\/posts"}],"about":[{"href":"https:\/\/www.schiebener.net\/wordpress\/wp-json\/wp\/v2\/types\/post"}],"author":[{"embeddable":true,"href":"https:\/\/www.schiebener.net\/wordpress\/wp-json\/wp\/v2\/users\/3"}],"replies":[{"embeddable":true,"href":"https:\/\/www.schiebener.net\/wordpress\/wp-json\/wp\/v2\/comments?post=59028"}],"version-history":[{"count":0,"href":"https:\/\/www.schiebener.net\/wordpress\/wp-json\/wp\/v2\/posts\/59028\/revisions"}],"wp:attachment":[{"href":"https:\/\/www.schiebener.net\/wordpress\/wp-json\/wp\/v2\/media?parent=59028"}],"wp:term":[{"taxonomy":"category","embeddable":true,"href":"https:\/\/www.schiebener.net\/wordpress\/wp-json\/wp\/v2\/categories?post=59028"},{"taxonomy":"post_tag","embeddable":true,"href":"https:\/\/www.schiebener.net\/wordpress\/wp-json\/wp\/v2\/tags?post=59028"}],"curies":[{"name":"wp","href":"https:\/\/api.w.org\/{rel}","templated":true}]}}