{"id":58935,"date":"2024-08-17T21:49:31","date_gmt":"2024-08-17T19:49:31","guid":{"rendered":"https:\/\/www.schiebener.net\/wordpress\/?p=58935"},"modified":"2024-08-17T21:49:31","modified_gmt":"2024-08-17T19:49:31","slug":"sauerlaender-buergerliste-arnsberg-sbl-laedt-zu-treffen-ein","status":"publish","type":"post","link":"https:\/\/www.schiebener.net\/wordpress\/sauerlaender-buergerliste-arnsberg-sbl-laedt-zu-treffen-ein\/","title":{"rendered":"Sauerl\u00e4nder B\u00fcrgerliste Arnsberg (SBL) l\u00e4dt zu Treffen ein"},"content":{"rendered":"\n<p><strong>Arnsberg. Die Sauerl\u00e4nder B\u00fcrgerliste Arnsberg (SBL) l\u00e4dt f\u00fcr Dienstag, den 27.08.2024, um 19.30 Uhr, Gastst\u00e4tte \u201eZum alten Schlo\u00df\u201c, Schlo\u00dfstr. 21, in Arnsberg zu einem \u00f6ffentlichen Treffen ein. <\/strong><\/p>\n\n\n\n<p><em>(Pressemitteilung SBL)<\/em><\/p>\n\n\n\n<p>Gerd St\u00fcttgen, Ratsmitglied der SBL, wird aus dem Rat und den Aussch\u00fcssen berichten. Reinhard Loos, Fraktionsvorsitzender der SBL im HSK, berichtet aktuell \u00fcber die Kreispolitik. Weiterhin sollen der Sachstand der gestellten Antr\u00e4ge sowie die n\u00e4chsten politischen Aktionen und Antr\u00e4ge beraten werden. Auch der Wahlkampf f\u00fcr die Kommunalwahl 2025 wirft seine Schatten bereits voraus. Nat\u00fcrlich k\u00f6nnen auch andere Themen besprochen werden.<\/p>\n\n\n\n<p>G\u00e4ste sind ganz herzlich willkommen. Eine Anmeldung ist nicht erforderlich.<\/p>\n\n\n\n<p>Die SBL in Arnsberg freut sich schon jetzt auf eine rege Diskussion.<\/p>\n","protected":false},"excerpt":{"rendered":"<p>Arnsberg. Die Sauerl\u00e4nder B\u00fcrgerliste Arnsberg (SBL) l\u00e4dt f\u00fcr Dienstag, den 27.08.2024, um 19.30 Uhr, Gastst\u00e4tte \u201eZum alten Schlo\u00df\u201c, Schlo\u00dfstr. 21, in Arnsberg zu einem \u00f6ffentlichen Treffen ein. (Pressemitteilung SBL) Gerd &hellip; <a href=\"https:\/\/www.schiebener.net\/wordpress\/sauerlaender-buergerliste-arnsberg-sbl-laedt-zu-treffen-ein\/\" class=\"more-link\"><span class=\"screen-reader-text\">\u201eSauerl\u00e4nder B\u00fcrgerliste Arnsberg (SBL) l\u00e4dt zu Treffen ein\u201c <\/span>weiterlesen<\/a><\/p>\n","protected":false},"author":17,"featured_media":0,"comment_status":"open","ping_status":"open","sticky":false,"template":"","format":"standard","meta":{"footnotes":""},"categories":[303,80,1043],"tags":[1350,1357,227],"class_list":["post-58935","post","type-post","status-publish","format-standard","hentry","category-in-unserem-briefkasten","category-lokales","category-pressemitteilungen","tag-arnsberg","tag-gerd-stuttgen","tag-sauerlander-burgerliste"],"_links":{"self":[{"href":"https:\/\/www.schiebener.net\/wordpress\/wp-json\/wp\/v2\/posts\/58935","targetHints":{"allow":["GET"]}}],"collection":[{"href":"https:\/\/www.schiebener.net\/wordpress\/wp-json\/wp\/v2\/posts"}],"about":[{"href":"https:\/\/www.schiebener.net\/wordpress\/wp-json\/wp\/v2\/types\/post"}],"author":[{"embeddable":true,"href":"https:\/\/www.schiebener.net\/wordpress\/wp-json\/wp\/v2\/users\/17"}],"replies":[{"embeddable":true,"href":"https:\/\/www.schiebener.net\/wordpress\/wp-json\/wp\/v2\/comments?post=58935"}],"version-history":[{"count":0,"href":"https:\/\/www.schiebener.net\/wordpress\/wp-json\/wp\/v2\/posts\/58935\/revisions"}],"wp:attachment":[{"href":"https:\/\/www.schiebener.net\/wordpress\/wp-json\/wp\/v2\/media?parent=58935"}],"wp:term":[{"taxonomy":"category","embeddable":true,"href":"https:\/\/www.schiebener.net\/wordpress\/wp-json\/wp\/v2\/categories?post=58935"},{"taxonomy":"post_tag","embeddable":true,"href":"https:\/\/www.schiebener.net\/wordpress\/wp-json\/wp\/v2\/tags?post=58935"}],"curies":[{"name":"wp","href":"https:\/\/api.w.org\/{rel}","templated":true}]}}