{"id":58933,"date":"2024-08-18T16:57:32","date_gmt":"2024-08-18T14:57:32","guid":{"rendered":"https:\/\/www.schiebener.net\/wordpress\/?p=58933"},"modified":"2024-08-18T20:18:20","modified_gmt":"2024-08-18T18:18:20","slug":"mobile-retter-und-ersthelfer-retten-einem-78-jaehrigen-am-hennesee-das-leben","status":"publish","type":"post","link":"https:\/\/www.schiebener.net\/wordpress\/mobile-retter-und-ersthelfer-retten-einem-78-jaehrigen-am-hennesee-das-leben\/","title":{"rendered":"Mobile Retter und Ersthelfer retten einem 78-J\u00e4hrigen am Hennesee das Leben"},"content":{"rendered":"<div class=\"wp-block-image\">\n<figure class=\"aligncenter size-large\"><a href=\"https:\/\/www.schiebener.net\/wordpress\/wp-content\/uploads\/2024\/08\/20240816MobileRetterKlein.jpg\" target=\"_blank\" rel=\"noreferrer noopener\"><img loading=\"lazy\" decoding=\"async\" width=\"1024\" height=\"632\" src=\"https:\/\/www.schiebener.net\/wordpress\/wp-content\/uploads\/2024\/08\/20240816MobileRetterKlein-1024x632.jpg\" alt=\"\" class=\"wp-image-58954\" srcset=\"https:\/\/www.schiebener.net\/wordpress\/wp-content\/uploads\/2024\/08\/20240816MobileRetterKlein-1024x632.jpg 1024w, https:\/\/www.schiebener.net\/wordpress\/wp-content\/uploads\/2024\/08\/20240816MobileRetterKlein-300x185.jpg 300w, https:\/\/www.schiebener.net\/wordpress\/wp-content\/uploads\/2024\/08\/20240816MobileRetterKlein-768x474.jpg 768w, https:\/\/www.schiebener.net\/wordpress\/wp-content\/uploads\/2024\/08\/20240816MobileRetterKlein-1536x947.jpg 1536w, https:\/\/www.schiebener.net\/wordpress\/wp-content\/uploads\/2024\/08\/20240816MobileRetterKlein-1200x740.jpg 1200w, https:\/\/www.schiebener.net\/wordpress\/wp-content\/uploads\/2024\/08\/20240816MobileRetterKlein.jpg 2048w\" sizes=\"auto, (max-width: 709px) 85vw, (max-width: 909px) 67vw, (max-width: 1362px) 62vw, 840px\" \/><\/a><figcaption class=\"wp-element-caption\">V.l.n.r. Nicole Gerke, Johannes Stratmann, Barbara Schilling-Stratmann, Jonathan Gerlach und Stefan B\u00fcngener. (Foto: HSK)<\/figcaption><\/figure>\n<\/div>\n\n\n<p><strong>Meschede\/Hochsauerlandkreis. Die <em>Mobilen Retter<\/em> sind ein Netz von ehrenamtlichen Helferinnen und Helfern und werden per App bei Notf\u00e4llen alarmiert. Der Hochsauerlandkreis als Koordinator der <em>Mobilen Rette<\/em>r im Kreisgebiet freut sich erneut \u00fcber eine weitere Erfolgsgeschichte.<\/strong><\/p>\n\n\n\n<p><em>(Pressemitteilung HSK)<\/em><\/p>\n\n\n\n<p>Am 07. Januar 2024 hat das schnelle und koordinierte Handeln eines Ersthelfers und den <em>Mobilen Rettern<\/em> Jonathan Gerlach und Stefan B\u00fcngener dem Mescheder Johannes Stratmann das Leben gerettet. Der Vorfall ereignete sich am Hennesee, als der 78-J\u00e4hrige w\u00e4hrend eines Spaziergangs mit seiner Frau Barbara Schilling-Stratmann pl\u00f6tzlich zusammenbrach und einen Herzinfarkt erlitt.<\/p>\n\n\n\n<!--more-->\n\n\n\n<p>Dank der sofort eingeleiteten Laienreanimation durch einen anwesenden Ersthelfer konnte die Zeit wertvoll \u00fcberbr\u00fcckt werden, bis die professionellen Rettungskr\u00e4fte eintrafen. Nur wenige Minuten nach dem Notruf erreichten <em>Mobile Retter<\/em> den Ort des Geschehens und \u00fcbernahmen gemeinsam mit dem eintreffenden Rettungsdienst die Reanimationsma\u00dfnahmen.<br \/><br \/>Sieben Monate sp\u00e4ter bedankte sich Johannes Stratmann am Donnerstagnachmittag (15. August) bei seinen Schutzengeln im Zentrum f\u00fcr Feuerschutz und Rettungswesen des Hochsauerlandkreises. \u201eIch erinnere mich nicht mehr an die Rettung, umso dankbarer bin ich, dass ich meinen Lebensrettern jetzt gegen\u00fcbersitze und meinen Dank pers\u00f6nlich aussprechen kann\u201c, so Johannes Stratmann. Auch seine Frau Barbara Schilling-Stratmann bedankte sich mehrfach bei den <em>Mobilen Rettern<\/em> und freut sich dar\u00fcber, dass sie wieder mit ihrem Mann Spazierg\u00e4nge machen kann.<\/p>\n\n\n\n<p>Stefan B\u00fcngener hat aufgeh\u00f6rt seine Eins\u00e4tze als Mobiler Retter zu z\u00e4hlen. F\u00fcr Jonathan Gerlach hingegen war der 07. Januar sein erster Einsatz. \u201eWir haben uns sehr \u00fcber die Einladung gefreut, vor allem aber nat\u00fcrlich dar\u00fcber, dass unser Einsatz gut verlaufen ist und wir nun gemeinsam \u00fcber das Geschehene sprechen k\u00f6nnen\u201c, waren sich B\u00fcngener und Gerlach einig.<br \/><br \/>\u201eDieser Vorfall unterstreicht die immense Bedeutung von Laienreanimation und der schnellen Verf\u00fcgbarkeit von <em>Mobilen Rettern<\/em>\u201c, sagte Nicole Gerke, Koordinatorin f\u00fcr das Projekt \u201eMobile Retter HSK\u201c im Fachdienst \u201eRettungsdienst\/Feuer- und Katastrophenschutz. \u201eJede Sekunde z\u00e4hlt, und durch die schnelle Reaktion konnte hier wieder ein Menschenleben gerettet werden.\u201c<\/p>\n\n\n\n<p><br \/><\/p>\n","protected":false},"excerpt":{"rendered":"<p>Meschede\/Hochsauerlandkreis. Die Mobilen Retter sind ein Netz von ehrenamtlichen Helferinnen und Helfern und werden per App bei Notf\u00e4llen alarmiert. Der Hochsauerlandkreis als Koordinator der Mobilen Retter im Kreisgebiet freut sich &hellip; <a href=\"https:\/\/www.schiebener.net\/wordpress\/mobile-retter-und-ersthelfer-retten-einem-78-jaehrigen-am-hennesee-das-leben\/\" class=\"more-link\"><span class=\"screen-reader-text\">\u201eMobile Retter und Ersthelfer retten einem 78-J\u00e4hrigen am Hennesee das Leben\u201c <\/span>weiterlesen<\/a><\/p>\n","protected":false},"author":17,"featured_media":0,"comment_status":"open","ping_status":"open","sticky":false,"template":"","format":"standard","meta":{"footnotes":""},"categories":[7088,303,80,1043],"tags":[2545,835,264,8921],"class_list":["post-58933","post","type-post","status-publish","format-standard","hentry","category-gesundheit","category-in-unserem-briefkasten","category-lokales","category-pressemitteilungen","tag-hennesee","tag-hochsauerlandkreis","tag-meschede","tag-mobile-retter"],"_links":{"self":[{"href":"https:\/\/www.schiebener.net\/wordpress\/wp-json\/wp\/v2\/posts\/58933","targetHints":{"allow":["GET"]}}],"collection":[{"href":"https:\/\/www.schiebener.net\/wordpress\/wp-json\/wp\/v2\/posts"}],"about":[{"href":"https:\/\/www.schiebener.net\/wordpress\/wp-json\/wp\/v2\/types\/post"}],"author":[{"embeddable":true,"href":"https:\/\/www.schiebener.net\/wordpress\/wp-json\/wp\/v2\/users\/17"}],"replies":[{"embeddable":true,"href":"https:\/\/www.schiebener.net\/wordpress\/wp-json\/wp\/v2\/comments?post=58933"}],"version-history":[{"count":0,"href":"https:\/\/www.schiebener.net\/wordpress\/wp-json\/wp\/v2\/posts\/58933\/revisions"}],"wp:attachment":[{"href":"https:\/\/www.schiebener.net\/wordpress\/wp-json\/wp\/v2\/media?parent=58933"}],"wp:term":[{"taxonomy":"category","embeddable":true,"href":"https:\/\/www.schiebener.net\/wordpress\/wp-json\/wp\/v2\/categories?post=58933"},{"taxonomy":"post_tag","embeddable":true,"href":"https:\/\/www.schiebener.net\/wordpress\/wp-json\/wp\/v2\/tags?post=58933"}],"curies":[{"name":"wp","href":"https:\/\/api.w.org\/{rel}","templated":true}]}}