{"id":58912,"date":"2024-08-14T16:42:23","date_gmt":"2024-08-14T14:42:23","guid":{"rendered":"https:\/\/www.schiebener.net\/wordpress\/?p=58912"},"modified":"2024-08-14T16:42:23","modified_gmt":"2024-08-14T14:42:23","slug":"wdr-programmaenderung-anlaesslich-des-todes-von-richard-rogler","status":"publish","type":"post","link":"https:\/\/www.schiebener.net\/wordpress\/wdr-programmaenderung-anlaesslich-des-todes-von-richard-rogler\/","title":{"rendered":"WDR-Programm\u00e4nderung anl\u00e4sslich des Todes von Richard Rogler"},"content":{"rendered":"<div class=\"wp-block-image\">\n<figure class=\"aligncenter size-full\"><a href=\"https:\/\/www.schiebener.net\/wordpress\/wp-content\/uploads\/2024\/08\/20240814RichardRoglerKabarettist.jpg\" target=\"_blank\" rel=\"noreferrer noopener\"><img loading=\"lazy\" decoding=\"async\" width=\"704\" height=\"396\" src=\"https:\/\/www.schiebener.net\/wordpress\/wp-content\/uploads\/2024\/08\/20240814RichardRoglerKabarettist.jpg\" alt=\"\" class=\"wp-image-58913\" srcset=\"https:\/\/www.schiebener.net\/wordpress\/wp-content\/uploads\/2024\/08\/20240814RichardRoglerKabarettist.jpg 704w, https:\/\/www.schiebener.net\/wordpress\/wp-content\/uploads\/2024\/08\/20240814RichardRoglerKabarettist-300x169.jpg 300w\" sizes=\"auto, (max-width: 709px) 85vw, (max-width: 909px) 67vw, (max-width: 984px) 61vw, (max-width: 1362px) 45vw, 600px\" \/><\/a><figcaption class=\"wp-element-caption\">\u00a9 WDR\/dpa\/J\u00f6rg Carstensen<\/figcaption><\/figure>\n<\/div>\n\n\n<p><strong>Anl\u00e4sslich des Todes von Richard Rogler, der am Sonntag, 11. August 2024 in K\u00f6ln gestorben ist, wiederholt das WDR Fernsehen ein Portrait des Kabarettisten zu seinem 60. Geburtstag und sein Soloprogramm \u201eEwiges Leben\u201c. Bei WDR5.de sind Ausschnitte aus dem Programm \u201eAnfang offen\u201c zu h\u00f6ren.<\/strong><\/p>\n\n\n\n<p><em>(Pressemitteilung WDR)<\/em><\/p>\n\n\n\n<p>Richard Rogler trat vor fast 40 Jahren erstmals f\u00fcr den Westdeutschen Rundfunk vor die Kamera \u2013 mit Glossen f\u00fcr unsere Ausgaben des ARD-Wirtschaftsmagazins \u201ePlusminus\u201c. In der Folge bereicherte er \u00fcber Jahrzehnte die WDR-Programme im H\u00f6rfunk und im Fernsehen. Von 1987 bis 1998 spielte Rogler die Rolle des Maklers Panowski in der \u201eLindenstra\u00dfe\u201c und war Stammgast in \u201eStratmanns\u201c Kneipentheater im WDR Fernsehen. Mit seinem ersten Soloprogramm \u201eFreiheit aushalten!\u201c, durch die von ihm 1988 aus der Taufe gehobenen \u201eMitternachtsspitzen\u201c und nicht zuletzt durch seine fiktiven Dialoge mit einem Herrn Rundfunkrat erlangte Richard Rogler Kultstatus.<br \/><br \/>WDR-Unterhaltungschefin Karin Kuhn: \u201eDer Tod von Richard Rogler, der Tod von Deutschlands erstem Professor f\u00fcr Kabarett, ist schlicht und einfach: sehr traurig. Der WDR ist dem K\u00fcnstler f\u00fcr seine langj\u00e4hrige Verbundenheit zutiefst dankbar.\u201c<br \/><br \/><strong>Folgende Sendungen mit Richard Rogler zeigt das WDR Fernsehen:<\/strong><br \/><br \/><em>Freitag, 16.08.2024, 0.00 Uhr<br \/>\u201eSechzig aushalten &#8211; Portrait zum 60. Geburtstag von Richard Rogler\u201c<br \/>Ein Film von Lothar Schr\u00f6der, Erstsendung 2009<br \/><br \/>WDR FS Sonntag, 18.08.2024, 23.15 Uhr<br \/>\u201eEwiges Leben\u201c<br \/>Solo-Programm von Richard Rogler, Erstsendung 2009<br \/><\/em><br \/><strong>Bei WDR5.de stehen ein Nachruf und ein Zusammenschnitt zum H\u00f6ren bereit.<\/strong><\/p>\n\n\n\n<ul class=\"wp-block-list\">\n<li><a href=\"https:\/\/www1.wdr.de\/mediathek\/audio\/wdr5\/wdr5-westblick-aktuell\/kabarettist-richard-rogler-ist-verstorben-100.html\" target=\"_blank\" rel=\"noreferrer noopener\">Nachruf bei WDR5 | <strong>mehr<\/strong><\/a><\/li>\n\n\n\n<li><a href=\"https:\/\/www1.wdr.de\/radio\/wdr5\/sendungen\/unterhaltung-am-wochenende\/in-memoriam-richard-rogler-100.html\" target=\"_blank\" rel=\"noreferrer noopener\">In memoriam Richard Rogler | <strong>mehr<\/strong><\/a><\/li>\n<\/ul>\n","protected":false},"excerpt":{"rendered":"<p>Anl\u00e4sslich des Todes von Richard Rogler, der am Sonntag, 11. August 2024 in K\u00f6ln gestorben ist, wiederholt das WDR Fernsehen ein Portrait des Kabarettisten zu seinem 60. Geburtstag und sein &hellip; <a href=\"https:\/\/www.schiebener.net\/wordpress\/wdr-programmaenderung-anlaesslich-des-todes-von-richard-rogler\/\" class=\"more-link\"><span class=\"screen-reader-text\">\u201eWDR-Programm\u00e4nderung anl\u00e4sslich des Todes von Richard Rogler\u201c <\/span>weiterlesen<\/a><\/p>\n","protected":false},"author":17,"featured_media":0,"comment_status":"open","ping_status":"open","sticky":false,"template":"","format":"standard","meta":{"footnotes":""},"categories":[303,674,1043,2782],"tags":[667,9222,14],"class_list":["post-58912","post","type-post","status-publish","format-standard","hentry","category-in-unserem-briefkasten","category-kultur","category-pressemitteilungen","category-satire","tag-koln","tag-richard-rogler","tag-wdr"],"_links":{"self":[{"href":"https:\/\/www.schiebener.net\/wordpress\/wp-json\/wp\/v2\/posts\/58912","targetHints":{"allow":["GET"]}}],"collection":[{"href":"https:\/\/www.schiebener.net\/wordpress\/wp-json\/wp\/v2\/posts"}],"about":[{"href":"https:\/\/www.schiebener.net\/wordpress\/wp-json\/wp\/v2\/types\/post"}],"author":[{"embeddable":true,"href":"https:\/\/www.schiebener.net\/wordpress\/wp-json\/wp\/v2\/users\/17"}],"replies":[{"embeddable":true,"href":"https:\/\/www.schiebener.net\/wordpress\/wp-json\/wp\/v2\/comments?post=58912"}],"version-history":[{"count":0,"href":"https:\/\/www.schiebener.net\/wordpress\/wp-json\/wp\/v2\/posts\/58912\/revisions"}],"wp:attachment":[{"href":"https:\/\/www.schiebener.net\/wordpress\/wp-json\/wp\/v2\/media?parent=58912"}],"wp:term":[{"taxonomy":"category","embeddable":true,"href":"https:\/\/www.schiebener.net\/wordpress\/wp-json\/wp\/v2\/categories?post=58912"},{"taxonomy":"post_tag","embeddable":true,"href":"https:\/\/www.schiebener.net\/wordpress\/wp-json\/wp\/v2\/tags?post=58912"}],"curies":[{"name":"wp","href":"https:\/\/api.w.org\/{rel}","templated":true}]}}