{"id":58792,"date":"2024-07-22T22:22:35","date_gmt":"2024-07-22T20:22:35","guid":{"rendered":"https:\/\/www.schiebener.net\/wordpress\/?p=58792"},"modified":"2024-07-22T22:22:35","modified_gmt":"2024-07-22T20:22:35","slug":"nie-wieder-ist-jetzt-konzert","status":"publish","type":"post","link":"https:\/\/www.schiebener.net\/wordpress\/nie-wieder-ist-jetzt-konzert\/","title":{"rendered":"\u201eNie Wieder Ist Jetzt!\u201c &#8211; Konzert"},"content":{"rendered":"\n<h3 class=\"wp-block-heading\"><br \/>Der Werkkreis Kultur Meschede e. V. (WKM) begeht in diesem Jahr sein 45-j\u00e4hriges Jubil\u00e4um. <\/h3>\n\n\n<div class=\"wp-block-image\">\n<figure class=\"aligncenter size-full\"><a href=\"https:\/\/www.schiebener.net\/wordpress\/wp-content\/uploads\/2024\/07\/2024072201BuergerstiftungKlein.jpg\" target=\"_blank\" rel=\"noreferrer noopener\"><img loading=\"lazy\" decoding=\"async\" width=\"1024\" height=\"518\" src=\"https:\/\/www.schiebener.net\/wordpress\/wp-content\/uploads\/2024\/07\/2024072201BuergerstiftungKlein.jpg\" alt=\"\" class=\"wp-image-58793\" srcset=\"https:\/\/www.schiebener.net\/wordpress\/wp-content\/uploads\/2024\/07\/2024072201BuergerstiftungKlein.jpg 1024w, https:\/\/www.schiebener.net\/wordpress\/wp-content\/uploads\/2024\/07\/2024072201BuergerstiftungKlein-300x152.jpg 300w, https:\/\/www.schiebener.net\/wordpress\/wp-content\/uploads\/2024\/07\/2024072201BuergerstiftungKlein-768x389.jpg 768w\" sizes=\"auto, (max-width: 709px) 85vw, (max-width: 909px) 67vw, (max-width: 1362px) 62vw, 840px\" \/><\/a><figcaption class=\"wp-element-caption\">Auch die B\u00fcrgerstiftung Meschede unterst\u00fctzt die Veranstaltung mit einer Spende. Bei der symbolischen Spenden\u00fcbergabe: Holger Kliemannel (1. Vorsitzender WKM), J\u00fcrgen D\u00f6rner (Vorstandsvorsitzender B\u00fcrgerstiftung Meschede), J\u00f6rg Hohmann (Stiftungsratsvorsitzender B\u00fcrgerstiftung Meschede), Kai Kroggel (2. Vorsitzender WKM). (Foto: Werkkreis Kultur Meschede)<\/figcaption><\/figure>\n<\/div>\n\n\n<p><strong>Seit 1979 ist der Werkkreis Kultur Meschede (WKM) ehrenamtlich im Rahmen der Kulturf\u00f6rderung in Meschede t\u00e4tig. Damit ist der Kulturverein einer der \u00e4ltesten noch existierenden Kleinkunst- und Konzertveranstalter im Sauerland.\u00a0Auch f\u00fcr das Jubil\u00e4umsjahr hat sich der WKM wieder einiges ausgedacht und m\u00f6chte vor allem mit einem Konzert in Meschede ein deutliches Zeichen setzen: Am 21. September 2024 findet das \u201eNie Wieder Ist Jetzt!\u201c \u2013 Konzert in der Innenstadt von Meschede statt.<\/strong><\/p>\n\n\n\n<p>Ein kostenloses Rock-Konzert gegen Hass und Rassismus mitten in der City von Meschede. In ganz Deutschland, so auch in Meschede, gehen die Menschen auf die Stra\u00dfe, um gegen Rechtsextremismus zu demonstrieren. Mit diesem Open-Air-Festival schlie\u00dfen wir uns den Demonstranten an, setzen gemeinsam ein Zeichen gegen Hass und Rassismus und zeigen, wie bunt Meschede ist.<\/p>\n\n\n\n<p>Besonders freut sich der WKM \u00fcber die Zusage der B\u00fcrgerstiftung Meschede, das Konzert zu unterst\u00fctzen. Im Jahr 2023 plante der WKM bereits ein Open-Air Festival was leider kurzfristig abgesagt wurde \u2013 die B\u00fcrgerstiftung Meschede hat damals eine Spende f\u00fcr das Festival geleistet und diese trotz der Absage nicht zur\u00fcckgefordert.<\/p>\n\n\n\n<p>\u201eDas Konzept, ein Konzert in der Innenstadt zu organisieren, welches neben der musikalischen Aussage durch die Bands f\u00fcr Demokratie und gegen Extremismus und Hass auszurichten, als auch Mescheder B\u00fcrger, Vereine, Schulen etc. mit ins Boot zu holen, hat uns \u00fcberzeugt und wir sind uns sicher, dass die Unterst\u00fctzung zum Erfolg dieses Konzerts beitr\u00e4gt, so J\u00fcrgen D\u00f6rner, Vorstandsvorsitzender und J\u00f6rg Hohmann, Stiftungsratsvorsitzender der B\u00fcrgerstiftung Meschede.<\/p>\n\n\n\n<p>Bei der symbolischen Spenden-\u00dcbergabe an den ersten Vorsitzenden des WKM, Holger Kliemannel und seinen Stellvertreter, Kai Kroggel, betonten alle Teilnehmer nochmal, wie wichtig es ist, immer wieder \u201eFlagge zu zeigen\u201c und durch die federf\u00fchrende Organisation des WKM, k\u00f6nnen sich weitere Vereine und Institutionen sowie B\u00fcrger und Schulen mit einbringen und pr\u00e4sentieren und die Veranstaltung unterst\u00fctzen, w\u00e4hrend der WKM das organisatorische \u00fcbernimmt.<\/p>\n\n\n\n<p>Aber solch eine Organisation ist nicht alleine durch den WKM m\u00f6glich: Dank der sofortigen Zusagen durch die Sparkasse Mitten im Sauerland, dem Stadtmarketing Meschede, der Stadt Meschede, der Katholischen Kirche Meschede-Bestwig und vielen anderen Institutionen, Vereinen und Privatpersonen kann der WKM das Konzert organisieren und durchf\u00fchren.<\/p>\n\n\n\n<p>Neben finanziellen Zusagen durch Spenden bedarf es aber auch der Mitwirkung am Tag des Konzerts selber: so m\u00fcssen Bierwagen mit Zapfteams best\u00fcckt werden, es werden Helfer gebraucht und im Vorfeld m\u00fcssen Plakate aufgehangen werden.<\/p>\n\n\n\n<p>Auch k\u00f6nnen Beitr\u00e4ge w\u00e4hrend der Umbauphasen zwischen den auftretenden Bands von Schulen oder Vereine &amp; Institutionen dargebracht werden und es k\u00f6nnen St\u00e4nde in der Innenstadt aufgestellt werden. Das Motto ist klar: F\u00dcR DIE DEMOKRATIE und GEGEN HASS, EXTREMISMUS und RASSISMUS.<\/p>\n\n\n\n<p>Alle Menschen, Vereine, Institutionen aus Meschede und Umgebung sind herzlich eingeladen, diesen Tag mit zu gestalten. Wer das Konzert unterst\u00fctzen m\u00f6chte, kann sich gerne beim WKM melden: <a href=\"mailto:wkmeschede@gmail.com\">wkmeschede@gmail.com<\/a><\/p>\n\n\n\n<p>Weitere Infos unter <a href=\"http:\/\/www.meschede.de\/wkm\" target=\"_blank\" rel=\"noreferrer noopener\">www.meschede.de\/wkm<\/a><\/p>\n","protected":false},"excerpt":{"rendered":"<p>Der Werkkreis Kultur Meschede e. V. (WKM) begeht in diesem Jahr sein 45-j\u00e4hriges Jubil\u00e4um. Seit 1979 ist der Werkkreis Kultur Meschede (WKM) ehrenamtlich im Rahmen der Kulturf\u00f6rderung in Meschede t\u00e4tig. &hellip; <a href=\"https:\/\/www.schiebener.net\/wordpress\/nie-wieder-ist-jetzt-konzert\/\" class=\"more-link\"><span class=\"screen-reader-text\">\u201e\u201eNie Wieder Ist Jetzt!\u201c &#8211; Konzert\u201c <\/span>weiterlesen<\/a><\/p>\n","protected":false},"author":17,"featured_media":0,"comment_status":"open","ping_status":"open","sticky":false,"template":"","format":"standard","meta":{"footnotes":""},"categories":[303,674,80,27,1043,8669,6314],"tags":[7012],"class_list":["post-58792","post","type-post","status-publish","format-standard","hentry","category-in-unserem-briefkasten","category-kultur","category-lokales","category-musik","category-pressemitteilungen","category-rassismus","category-rechtsextremismus","tag-werkkreis-kultur-meschede"],"_links":{"self":[{"href":"https:\/\/www.schiebener.net\/wordpress\/wp-json\/wp\/v2\/posts\/58792","targetHints":{"allow":["GET"]}}],"collection":[{"href":"https:\/\/www.schiebener.net\/wordpress\/wp-json\/wp\/v2\/posts"}],"about":[{"href":"https:\/\/www.schiebener.net\/wordpress\/wp-json\/wp\/v2\/types\/post"}],"author":[{"embeddable":true,"href":"https:\/\/www.schiebener.net\/wordpress\/wp-json\/wp\/v2\/users\/17"}],"replies":[{"embeddable":true,"href":"https:\/\/www.schiebener.net\/wordpress\/wp-json\/wp\/v2\/comments?post=58792"}],"version-history":[{"count":0,"href":"https:\/\/www.schiebener.net\/wordpress\/wp-json\/wp\/v2\/posts\/58792\/revisions"}],"wp:attachment":[{"href":"https:\/\/www.schiebener.net\/wordpress\/wp-json\/wp\/v2\/media?parent=58792"}],"wp:term":[{"taxonomy":"category","embeddable":true,"href":"https:\/\/www.schiebener.net\/wordpress\/wp-json\/wp\/v2\/categories?post=58792"},{"taxonomy":"post_tag","embeddable":true,"href":"https:\/\/www.schiebener.net\/wordpress\/wp-json\/wp\/v2\/tags?post=58792"}],"curies":[{"name":"wp","href":"https:\/\/api.w.org\/{rel}","templated":true}]}}