{"id":58680,"date":"2024-07-04T21:50:14","date_gmt":"2024-07-04T19:50:14","guid":{"rendered":"https:\/\/www.schiebener.net\/wordpress\/?p=58680"},"modified":"2024-07-05T10:05:09","modified_gmt":"2024-07-05T08:05:09","slug":"blick-vom-balkon-zum-mannstein-das-vierte-windrad-ist-bald-komplett","status":"publish","type":"post","link":"https:\/\/www.schiebener.net\/wordpress\/blick-vom-balkon-zum-mannstein-das-vierte-windrad-ist-bald-komplett\/","title":{"rendered":"Blick vom Balkon zum Mannstein: Das vierte Windrad ist bald komplett"},"content":{"rendered":"<div class=\"wp-block-image\">\n<figure class=\"aligncenter size-large\"><img loading=\"lazy\" decoding=\"async\" width=\"1024\" height=\"683\" src=\"https:\/\/www.schiebener.net\/wordpress\/wp-content\/uploads\/2024\/07\/2024070401MannsteinWKA-1024x683.jpg\" alt=\"\" class=\"wp-image-58681\" srcset=\"https:\/\/www.schiebener.net\/wordpress\/wp-content\/uploads\/2024\/07\/2024070401MannsteinWKA-1024x683.jpg 1024w, https:\/\/www.schiebener.net\/wordpress\/wp-content\/uploads\/2024\/07\/2024070401MannsteinWKA-300x200.jpg 300w, https:\/\/www.schiebener.net\/wordpress\/wp-content\/uploads\/2024\/07\/2024070401MannsteinWKA-768x512.jpg 768w, https:\/\/www.schiebener.net\/wordpress\/wp-content\/uploads\/2024\/07\/2024070401MannsteinWKA-1536x1024.jpg 1536w, https:\/\/www.schiebener.net\/wordpress\/wp-content\/uploads\/2024\/07\/2024070401MannsteinWKA-1200x800.jpg 1200w, https:\/\/www.schiebener.net\/wordpress\/wp-content\/uploads\/2024\/07\/2024070401MannsteinWKA.jpg 2048w\" sizes=\"auto, (max-width: 709px) 85vw, (max-width: 909px) 67vw, (max-width: 1362px) 62vw, 840px\" \/><figcaption class=\"wp-element-caption\">Links sieht man Turm und Gondel der WKA sowie den Kran. Es fehlen noch die Rotorbl\u00e4tter. (foto: zoom)<\/figcaption><\/figure>\n<\/div>\n\n\n<p><strong>Ich freue mich, dass es endlich auch vor meiner Haust\u00fcr, gewisserma\u00dfen <em>in my backyard<\/em>, mit der Windenergie vorangeht. Gerade der Ausbau dieser Energieform ist wichtig f\u00fcr die gesamte Energiewende, ohne die wir die Klimakrise nicht in den Griff bekommen werden.<\/strong><\/p>\n\n\n\n<p>Ich m\u00f6chte nicht, dass meine Kinder und Enkelkinder in einer kaputten Welt leben, weil unsere Generation es versaut hat. Die Klimakatastrophe ist eine reale Gefahr.<\/p>\n\n\n\n<p>Warum unsere Gesellschaft bislang viel zu z\u00f6gerlich agiert und was jetzt wichtig ist, erkl\u00e4rte heute Prof. Dr. Martin Hundhausen im Gespr\u00e4ch mit Sebastian Sonntag bei <em>Quarks &#8211; Wissenschaft und mehr<\/em> auf WDR5.<\/p>\n\n\n\n<p>H\u00f6rt euch die Sendung an. Es lohnt sich. Hier sind die Sendung und darunter der Link zu <strong><em>Energiewende &#8211; Ewiges Leben durch Einfrieren &#8211; Kr\u00e4uter<\/em><\/strong>:<\/p>\n\n\n\n<figure class=\"wp-block-audio\"><audio controls src=\"https:\/\/wdrmedien-a.akamaihd.net\/medp\/podcast\/weltweit\/fsk0\/314\/3142565\/3142565_58114583.mp3\"><\/audio><\/figure>\n\n\n\n<p><a href=\"https:\/\/wdrmedien-a.akamaihd.net\/medp\/podcast\/weltweit\/fsk0\/314\/3142565\/3142565_58114583.mp3\">https:\/\/wdrmedien-a.akamaihd.net\/medp\/podcast\/weltweit\/fsk0\/314\/3142565\/3142565_58114583.mp3<\/a><\/p>\n\n\n\n<p><em><strong>Energiewende<\/strong><\/em> ist der erste Teil. Die anderen beiden Themen kann man sich nat\u00fcrlich ebenfalls anh\u00f6ren.<\/p>\n","protected":false},"excerpt":{"rendered":"<p>Ich freue mich, dass es endlich auch vor meiner Haust\u00fcr, gewisserma\u00dfen in my backyard, mit der Windenergie vorangeht. Gerade der Ausbau dieser Energieform ist wichtig f\u00fcr die gesamte Energiewende, ohne &hellip; <a href=\"https:\/\/www.schiebener.net\/wordpress\/blick-vom-balkon-zum-mannstein-das-vierte-windrad-ist-bald-komplett\/\" class=\"more-link\"><span class=\"screen-reader-text\">\u201eBlick vom Balkon zum Mannstein: Das vierte Windrad ist bald komplett\u201c <\/span>weiterlesen<\/a><\/p>\n","protected":false},"author":3,"featured_media":0,"comment_status":"open","ping_status":"open","sticky":false,"template":"","format":"standard","meta":{"footnotes":""},"categories":[7088,8406,80,549,8524],"tags":[3691,8240,5649,190,207,4732,4928],"class_list":["post-58680","post","type-post","status-publish","format-standard","hentry","category-gesundheit","category-klimakrise","category-lokales","category-umwelt","category-wissenschaft","tag-energiewende","tag-klimakrise","tag-mannstein","tag-olsberg","tag-wdr5","tag-windenergie","tag-windpark"],"_links":{"self":[{"href":"https:\/\/www.schiebener.net\/wordpress\/wp-json\/wp\/v2\/posts\/58680","targetHints":{"allow":["GET"]}}],"collection":[{"href":"https:\/\/www.schiebener.net\/wordpress\/wp-json\/wp\/v2\/posts"}],"about":[{"href":"https:\/\/www.schiebener.net\/wordpress\/wp-json\/wp\/v2\/types\/post"}],"author":[{"embeddable":true,"href":"https:\/\/www.schiebener.net\/wordpress\/wp-json\/wp\/v2\/users\/3"}],"replies":[{"embeddable":true,"href":"https:\/\/www.schiebener.net\/wordpress\/wp-json\/wp\/v2\/comments?post=58680"}],"version-history":[{"count":0,"href":"https:\/\/www.schiebener.net\/wordpress\/wp-json\/wp\/v2\/posts\/58680\/revisions"}],"wp:attachment":[{"href":"https:\/\/www.schiebener.net\/wordpress\/wp-json\/wp\/v2\/media?parent=58680"}],"wp:term":[{"taxonomy":"category","embeddable":true,"href":"https:\/\/www.schiebener.net\/wordpress\/wp-json\/wp\/v2\/categories?post=58680"},{"taxonomy":"post_tag","embeddable":true,"href":"https:\/\/www.schiebener.net\/wordpress\/wp-json\/wp\/v2\/tags?post=58680"}],"curies":[{"name":"wp","href":"https:\/\/api.w.org\/{rel}","templated":true}]}}