{"id":58634,"date":"2024-06-27T22:49:24","date_gmt":"2024-06-27T20:49:24","guid":{"rendered":"https:\/\/www.schiebener.net\/wordpress\/?p=58634"},"modified":"2024-06-27T22:49:24","modified_gmt":"2024-06-27T20:49:24","slug":"morgens-vor-der-grossen-hitze","status":"publish","type":"post","link":"https:\/\/www.schiebener.net\/wordpress\/morgens-vor-der-grossen-hitze\/","title":{"rendered":"Morgens vor der gro\u00dfen Hitze"},"content":{"rendered":"<div class=\"wp-block-image\">\n<figure class=\"aligncenter size-large\"><a href=\"https:\/\/www.schiebener.net\/wordpress\/wp-content\/uploads\/2024\/06\/2024062701RadtourBoedefeld.jpg\" target=\"_blank\" rel=\"noreferrer noopener\"><img loading=\"lazy\" decoding=\"async\" width=\"1024\" height=\"683\" src=\"https:\/\/www.schiebener.net\/wordpress\/wp-content\/uploads\/2024\/06\/2024062701RadtourBoedefeld-1024x683.jpg\" alt=\"\" class=\"wp-image-58635\" srcset=\"https:\/\/www.schiebener.net\/wordpress\/wp-content\/uploads\/2024\/06\/2024062701RadtourBoedefeld-1024x683.jpg 1024w, https:\/\/www.schiebener.net\/wordpress\/wp-content\/uploads\/2024\/06\/2024062701RadtourBoedefeld-300x200.jpg 300w, https:\/\/www.schiebener.net\/wordpress\/wp-content\/uploads\/2024\/06\/2024062701RadtourBoedefeld-768x512.jpg 768w, https:\/\/www.schiebener.net\/wordpress\/wp-content\/uploads\/2024\/06\/2024062701RadtourBoedefeld-1536x1024.jpg 1536w, https:\/\/www.schiebener.net\/wordpress\/wp-content\/uploads\/2024\/06\/2024062701RadtourBoedefeld-1200x800.jpg 1200w, https:\/\/www.schiebener.net\/wordpress\/wp-content\/uploads\/2024\/06\/2024062701RadtourBoedefeld.jpg 2048w\" sizes=\"auto, (max-width: 709px) 85vw, (max-width: 909px) 67vw, (max-width: 1362px) 62vw, 840px\" \/><\/a><figcaption class=\"wp-element-caption\">Am Radweg Richtung B\u00f6defeld (foto: zoom)<\/figcaption><\/figure>\n<\/div>\n\n\n<p><strong>Mein Wohlf\u00fchl-Klima ist 18\u00b0 Celsius, bedeckter Himmel, trocken bis leichter Nieselregen, nicht allzu viel Wind.<\/strong><\/p>\n\n\n\n<p>Heute Morgen musste ich mich sputen, um vor der gro\u00dfen Hitze noch eine kleine Runde mit dem Rad fahren zu k\u00f6nnen. Danach habe ich mich bis zum Abend nur noch in Innenr\u00e4umen aufgehalten.<\/p>\n\n\n\n<p>Ich freue mich auf den Herbst.<\/p>\n","protected":false},"excerpt":{"rendered":"<p>Mein Wohlf\u00fchl-Klima ist 18\u00b0 Celsius, bedeckter Himmel, trocken bis leichter Nieselregen, nicht allzu viel Wind. Heute Morgen musste ich mich sputen, um vor der gro\u00dfen Hitze noch eine kleine Runde &hellip; <a href=\"https:\/\/www.schiebener.net\/wordpress\/morgens-vor-der-grossen-hitze\/\" class=\"more-link\"><span class=\"screen-reader-text\">\u201eMorgens vor der gro\u00dfen Hitze\u201c <\/span>weiterlesen<\/a><\/p>\n","protected":false},"author":3,"featured_media":0,"comment_status":"open","ping_status":"open","sticky":false,"template":"","format":"standard","meta":{"footnotes":""},"categories":[174,1732,2489,8406,80,549],"tags":[1232,8256,2364,3782],"class_list":["post-58634","post","type-post","status-publish","format-standard","hentry","category-dit-und-dat","category-freizeit","category-in-eigener-sache","category-klimakrise","category-lokales","category-umwelt","tag-bodefeld","tag-hitzewelle","tag-mohn","tag-radfahren"],"_links":{"self":[{"href":"https:\/\/www.schiebener.net\/wordpress\/wp-json\/wp\/v2\/posts\/58634","targetHints":{"allow":["GET"]}}],"collection":[{"href":"https:\/\/www.schiebener.net\/wordpress\/wp-json\/wp\/v2\/posts"}],"about":[{"href":"https:\/\/www.schiebener.net\/wordpress\/wp-json\/wp\/v2\/types\/post"}],"author":[{"embeddable":true,"href":"https:\/\/www.schiebener.net\/wordpress\/wp-json\/wp\/v2\/users\/3"}],"replies":[{"embeddable":true,"href":"https:\/\/www.schiebener.net\/wordpress\/wp-json\/wp\/v2\/comments?post=58634"}],"version-history":[{"count":0,"href":"https:\/\/www.schiebener.net\/wordpress\/wp-json\/wp\/v2\/posts\/58634\/revisions"}],"wp:attachment":[{"href":"https:\/\/www.schiebener.net\/wordpress\/wp-json\/wp\/v2\/media?parent=58634"}],"wp:term":[{"taxonomy":"category","embeddable":true,"href":"https:\/\/www.schiebener.net\/wordpress\/wp-json\/wp\/v2\/categories?post=58634"},{"taxonomy":"post_tag","embeddable":true,"href":"https:\/\/www.schiebener.net\/wordpress\/wp-json\/wp\/v2\/tags?post=58634"}],"curies":[{"name":"wp","href":"https:\/\/api.w.org\/{rel}","templated":true}]}}