{"id":58617,"date":"2024-06-26T16:41:49","date_gmt":"2024-06-26T14:41:49","guid":{"rendered":"https:\/\/www.schiebener.net\/wordpress\/?p=58617"},"modified":"2024-06-26T16:41:49","modified_gmt":"2024-06-26T14:41:49","slug":"ruhrtriennale-praesentiert-angelique-kidjo","status":"publish","type":"post","link":"https:\/\/www.schiebener.net\/wordpress\/ruhrtriennale-praesentiert-angelique-kidjo\/","title":{"rendered":"Ruhrtriennale pr\u00e4sentiert Ang\u00e9lique Kidjo"},"content":{"rendered":"\n<h3 class=\"wp-block-heading\">Tickets f\u00fcr das Konzert am 4.9. in der Duisburger Gie\u00dfhalle gibt es ab sofort im Vorverkauf<\/h3>\n\n\n<div class=\"wp-block-image\">\n<figure class=\"aligncenter size-large\"><a href=\"https:\/\/www.schiebener.net\/wordpress\/wp-content\/uploads\/2024\/06\/AngeliqueKidjoKlein.jpg\" target=\"_blank\" rel=\"noreferrer noopener\"><img loading=\"lazy\" decoding=\"async\" width=\"683\" height=\"1024\" src=\"https:\/\/www.schiebener.net\/wordpress\/wp-content\/uploads\/2024\/06\/AngeliqueKidjoKlein-683x1024.jpg\" alt=\"\" class=\"wp-image-58618\" srcset=\"https:\/\/www.schiebener.net\/wordpress\/wp-content\/uploads\/2024\/06\/AngeliqueKidjoKlein-683x1024.jpg 683w, https:\/\/www.schiebener.net\/wordpress\/wp-content\/uploads\/2024\/06\/AngeliqueKidjoKlein-200x300.jpg 200w, https:\/\/www.schiebener.net\/wordpress\/wp-content\/uploads\/2024\/06\/AngeliqueKidjoKlein-768x1152.jpg 768w, https:\/\/www.schiebener.net\/wordpress\/wp-content\/uploads\/2024\/06\/AngeliqueKidjoKlein-1024x1536.jpg 1024w, https:\/\/www.schiebener.net\/wordpress\/wp-content\/uploads\/2024\/06\/AngeliqueKidjoKlein-1200x1800.jpg 1200w, https:\/\/www.schiebener.net\/wordpress\/wp-content\/uploads\/2024\/06\/AngeliqueKidjoKlein.jpg 1365w\" sizes=\"auto, (max-width: 709px) 85vw, (max-width: 909px) 67vw, (max-width: 984px) 61vw, (max-width: 1362px) 45vw, 600px\" \/><\/a><figcaption class=\"wp-element-caption\">Angelique Kidjo (Pressefoto: \u00a9 Marc Arthur Kidjo)<\/figcaption><\/figure>\n<\/div>\n\n\n<p><strong>Die beninisch-franz\u00f6sische Singer-Songwriterin Ang\u00e9lique Kidjo ist am 4. September bei der Ruhrtriennale zu Gast. Mit ihrem Auftritt in der Gie\u00dfhalle komplettiert sie die diesj\u00e4hrige Konzertreihe im Landschaftspark Duisburg-Nord. Die f\u00fcnffache Grammy-Gewinnerin hat unter anderem mit Bono, Tony Allen und den Talking Heads zusammengearbeitet und pr\u00e4sentiert in Duisburg ihr Konzertprogramm <em>Mother Nature II<\/em>.\u00a0<\/strong><\/p>\n\n\n\n<!--more-->\n\n\n\n<p>Kidjo verschmilzt kubanische Salsa, kongolesische Rumba, Soul, Jazz und westafrikanische Musiktraditionen mit modernem afrikanischem Pop. Unwiderstehliche Beats und lebensfrohe Melodien transportieren wichtige Botschaften \u00fcber die Klimakrise und den Kampf um Freiheit. \u201eMusik ist f\u00fcr mich wie eine Sprache\u201c, sagt Kidjo, \u201esie ist so kraftvoll und transformativ und wir teilen sie und f\u00fcgen ihr etwas hinzu. Ich habe mich nie von Grenzen davon abhalten lassen, kreativ zu sein und Musik weiterzuentwickeln.\u201c<\/p>\n\n\n\n<p>Schon in ihrer Jugend engagierte sich Ang\u00e9lique Kidjo aktiv gegen die Diktatur, die in ihrem Heimatland herrschte. Als erste afrikanische Frau, die zur UNICEF-Botschafterin ernannt wurde, setzt sie sich f\u00fcr die Bildung von M\u00e4dchen, gegen Genitalverst\u00fcmmelung und fr\u00fche Heirat ein. Amnesty International hat Kidjo f\u00fcr ihren Einsatz gegen Ungerechtigkeit mit dem h\u00f6chsten Menschenrechtspreis ausgezeichnet. 2019 wurde sie mit dem Ehrenpreis des Deutschen Nachhaltigkeitspreises ausgezeichnet.<\/p>\n\n\n\n<p>Gr\u00fcnde genug, um Kidjos musikalisches Verm\u00e4chtnis und ihren sozialen Einfluss mit einem energiegeladenen Konzert bei der Ruhrtriennale zu feiern.<\/p>\n\n\n\n<p>Tickets f\u00fcr das Konzert am 4.9. in der Duisburger Gie\u00dfhalle gibt es ab sofort im Vorverkauf. Weitere Informationen unter <a href=\"https:\/\/5qjok.r.sp1-brevo.net\/mk\/cl\/f\/sh\/1t6Af4OiGsDg0aX9ClBA37OvVCIJDn\/f13VyL92vFI1\" target=\"_blank\" rel=\"noreferrer noopener\">www.ruhr3.com\/kidjo<\/a>,<\/p>\n","protected":false},"excerpt":{"rendered":"<p>Tickets f\u00fcr das Konzert am 4.9. in der Duisburger Gie\u00dfhalle gibt es ab sofort im Vorverkauf Die beninisch-franz\u00f6sische Singer-Songwriterin Ang\u00e9lique Kidjo ist am 4. September bei der Ruhrtriennale zu Gast. &hellip; <a href=\"https:\/\/www.schiebener.net\/wordpress\/ruhrtriennale-praesentiert-angelique-kidjo\/\" class=\"more-link\"><span class=\"screen-reader-text\">\u201eRuhrtriennale pr\u00e4sentiert Ang\u00e9lique Kidjo\u201c <\/span>weiterlesen<\/a><\/p>\n","protected":false},"author":17,"featured_media":0,"comment_status":"open","ping_status":"open","sticky":false,"template":"","format":"standard","meta":{"footnotes":""},"categories":[303,27,1043],"tags":[7325,5179,486],"class_list":["post-58617","post","type-post","status-publish","format-standard","hentry","category-in-unserem-briefkasten","category-musik","category-pressemitteilungen","tag-konzert","tag-landschaftspark-duisburg-nord","tag-ruhrtriennale"],"_links":{"self":[{"href":"https:\/\/www.schiebener.net\/wordpress\/wp-json\/wp\/v2\/posts\/58617","targetHints":{"allow":["GET"]}}],"collection":[{"href":"https:\/\/www.schiebener.net\/wordpress\/wp-json\/wp\/v2\/posts"}],"about":[{"href":"https:\/\/www.schiebener.net\/wordpress\/wp-json\/wp\/v2\/types\/post"}],"author":[{"embeddable":true,"href":"https:\/\/www.schiebener.net\/wordpress\/wp-json\/wp\/v2\/users\/17"}],"replies":[{"embeddable":true,"href":"https:\/\/www.schiebener.net\/wordpress\/wp-json\/wp\/v2\/comments?post=58617"}],"version-history":[{"count":0,"href":"https:\/\/www.schiebener.net\/wordpress\/wp-json\/wp\/v2\/posts\/58617\/revisions"}],"wp:attachment":[{"href":"https:\/\/www.schiebener.net\/wordpress\/wp-json\/wp\/v2\/media?parent=58617"}],"wp:term":[{"taxonomy":"category","embeddable":true,"href":"https:\/\/www.schiebener.net\/wordpress\/wp-json\/wp\/v2\/categories?post=58617"},{"taxonomy":"post_tag","embeddable":true,"href":"https:\/\/www.schiebener.net\/wordpress\/wp-json\/wp\/v2\/tags?post=58617"}],"curies":[{"name":"wp","href":"https:\/\/api.w.org\/{rel}","templated":true}]}}