{"id":58588,"date":"2024-06-20T18:22:15","date_gmt":"2024-06-20T16:22:15","guid":{"rendered":"https:\/\/www.schiebener.net\/wordpress\/?p=58588"},"modified":"2024-06-20T18:22:15","modified_gmt":"2024-06-20T16:22:15","slug":"sprache-macht-politik-40-teilnehmende-diskutieren-im-kreishaus-meschede","status":"publish","type":"post","link":"https:\/\/www.schiebener.net\/wordpress\/sprache-macht-politik-40-teilnehmende-diskutieren-im-kreishaus-meschede\/","title":{"rendered":"Sprache macht Politik &#8211; 40 Teilnehmende diskutieren im Kreishaus Meschede"},"content":{"rendered":"<div class=\"wp-block-image\">\n<figure class=\"aligncenter size-large\"><img loading=\"lazy\" decoding=\"async\" width=\"1024\" height=\"357\" src=\"https:\/\/www.schiebener.net\/wordpress\/wp-content\/uploads\/2024\/06\/20240620SpracheKlein-1024x357.jpg\" alt=\"\" class=\"wp-image-58589\" srcset=\"https:\/\/www.schiebener.net\/wordpress\/wp-content\/uploads\/2024\/06\/20240620SpracheKlein-1024x357.jpg 1024w, https:\/\/www.schiebener.net\/wordpress\/wp-content\/uploads\/2024\/06\/20240620SpracheKlein-300x104.jpg 300w, https:\/\/www.schiebener.net\/wordpress\/wp-content\/uploads\/2024\/06\/20240620SpracheKlein-768x267.jpg 768w, https:\/\/www.schiebener.net\/wordpress\/wp-content\/uploads\/2024\/06\/20240620SpracheKlein-1536x535.jpg 1536w, https:\/\/www.schiebener.net\/wordpress\/wp-content\/uploads\/2024\/06\/20240620SpracheKlein-1200x418.jpg 1200w, https:\/\/www.schiebener.net\/wordpress\/wp-content\/uploads\/2024\/06\/20240620SpracheKlein.jpg 2048w\" sizes=\"auto, (max-width: 709px) 85vw, (max-width: 909px) 67vw, (max-width: 1362px) 62vw, 840px\" \/><figcaption class=\"wp-element-caption\">40 Teilnehmende diskutieren im Kreishaus Meschede das Thema &#8222;Sprache macht Politik&#8220;. (Foto: HSK)<\/figcaption><\/figure>\n<\/div>\n\n\n<p><strong>Ist Sprache ein politisches Machtinstrument? Wie werden Begriffe politisch von Parteien \u201ebesetzt\u201c? Welche Strategien verbergen sich hinter gezielten Tabubr\u00fcchen? Was ist durch die Meinungsfreiheit gedeckt? Und wie kann man ansetzen, um extremistischen Parolen Paroli zu bieten?<\/strong><\/p>\n\n\n\n<!--more-->\n\n\n\n<p><em>(Pressemitteilung HSK)<\/em><\/p>\n\n\n\n<p>Diese Fragen beantwortete ein Vortrag des Sprachwissenschaftlers Prof. Dr. Niehr im Kreishaus Meschede. Anschlie\u00dfend entspann sich eine intensive Diskussion mit 40 interessierten Teilnehmerinnen und Teilnehmern. Was k\u00f6nnen Elternhaus, Kindergarten, Schule zur Anregung politischen Diskurses beitragen, welche Ver\u00e4nderungen macht Sprache durch, welche Auswirkungen haben soziale Medien?<\/p>\n\n\n\n<p>\u201eSprache ist das machtvollste Instrument, das im politischen Geschehen zur Verf\u00fcgung steht,\u201c so Karin Sch\u00fcttler-Schmies, Gleichstellungsbeauftragte des Hochsauerlandkreises. \u201eEin Bewusstsein f\u00fcr die Wirkung von Sprache zu schaffen ist daher mein gro\u00dfes Anliegen.\u201c <\/p>\n\n\n\n<p>Der Vortrag war eine Kooperationsveranstaltung der VHS HSK, des Mescheder B\u00fcndnisses f\u00fcr Demokratie und Solidarit\u00e4t e.V. und der Gleichstellungsbeauftragten des Hochsauerlandkreises im Rahmen des \u201eAktionsprogramms Kommune \u2013 Frauen in die Politik!\u201c<\/p>\n\n\n\n<p><em><strong>Anmerkung zoom:<\/strong><br \/>Ich war am Samstag nicht im Sauerland, um selbst an der Veranstaltung teilzunehmen. In der Pressemitteilung hei\u00dft es: &#8222;Diese Fragen beantwortete ein Vortrag des Sprachwissenschaftlers Prof. Dr. Niehr im Kreishaus Meschede.&#8220; Leider werden die Antworten nicht in der PM benannt. Ich werde mich bem\u00fchen, mehr zu erfahren.<\/em><\/p>\n","protected":false},"excerpt":{"rendered":"<p>Ist Sprache ein politisches Machtinstrument? Wie werden Begriffe politisch von Parteien \u201ebesetzt\u201c? Welche Strategien verbergen sich hinter gezielten Tabubr\u00fcchen? Was ist durch die Meinungsfreiheit gedeckt? Und wie kann man ansetzen, &hellip; <a href=\"https:\/\/www.schiebener.net\/wordpress\/sprache-macht-politik-40-teilnehmende-diskutieren-im-kreishaus-meschede\/\" class=\"more-link\"><span class=\"screen-reader-text\">\u201eSprache macht Politik &#8211; 40 Teilnehmende diskutieren im Kreishaus Meschede\u201c <\/span>weiterlesen<\/a><\/p>\n","protected":false},"author":17,"featured_media":0,"comment_status":"open","ping_status":"open","sticky":false,"template":"","format":"standard","meta":{"footnotes":""},"categories":[303,80,1043],"tags":[835,3208,2168],"class_list":["post-58588","post","type-post","status-publish","format-standard","hentry","category-in-unserem-briefkasten","category-lokales","category-pressemitteilungen","tag-hochsauerlandkreis","tag-kreishaus-meschede","tag-vhs"],"_links":{"self":[{"href":"https:\/\/www.schiebener.net\/wordpress\/wp-json\/wp\/v2\/posts\/58588","targetHints":{"allow":["GET"]}}],"collection":[{"href":"https:\/\/www.schiebener.net\/wordpress\/wp-json\/wp\/v2\/posts"}],"about":[{"href":"https:\/\/www.schiebener.net\/wordpress\/wp-json\/wp\/v2\/types\/post"}],"author":[{"embeddable":true,"href":"https:\/\/www.schiebener.net\/wordpress\/wp-json\/wp\/v2\/users\/17"}],"replies":[{"embeddable":true,"href":"https:\/\/www.schiebener.net\/wordpress\/wp-json\/wp\/v2\/comments?post=58588"}],"version-history":[{"count":0,"href":"https:\/\/www.schiebener.net\/wordpress\/wp-json\/wp\/v2\/posts\/58588\/revisions"}],"wp:attachment":[{"href":"https:\/\/www.schiebener.net\/wordpress\/wp-json\/wp\/v2\/media?parent=58588"}],"wp:term":[{"taxonomy":"category","embeddable":true,"href":"https:\/\/www.schiebener.net\/wordpress\/wp-json\/wp\/v2\/categories?post=58588"},{"taxonomy":"post_tag","embeddable":true,"href":"https:\/\/www.schiebener.net\/wordpress\/wp-json\/wp\/v2\/tags?post=58588"}],"curies":[{"name":"wp","href":"https:\/\/api.w.org\/{rel}","templated":true}]}}