{"id":58428,"date":"2024-06-03T22:33:26","date_gmt":"2024-06-03T20:33:26","guid":{"rendered":"https:\/\/www.schiebener.net\/wordpress\/?p=58428"},"modified":"2024-06-03T23:19:22","modified_gmt":"2024-06-03T21:19:22","slug":"das-stadtradeln-2024-im-hochsauerlandkreis-hat-begonnen","status":"publish","type":"post","link":"https:\/\/www.schiebener.net\/wordpress\/das-stadtradeln-2024-im-hochsauerlandkreis-hat-begonnen\/","title":{"rendered":"Das Stadtradeln 2024 im Hochsauerlandkreis hat begonnen"},"content":{"rendered":"\n<h3 class=\"wp-block-heading\">Die HSK-Kommunen radeln vom 1. &#8211; 21. Juni<\/h3>\n\n\n<div class=\"wp-block-image\">\n<figure class=\"aligncenter size-large\"><a href=\"https:\/\/www.schiebener.net\/wordpress\/wp-content\/uploads\/2024\/06\/2024060101EppendorferMoor.jpg\" target=\"_blank\" rel=\"noreferrer noopener\"><img loading=\"lazy\" decoding=\"async\" width=\"676\" height=\"1024\" src=\"https:\/\/www.schiebener.net\/wordpress\/wp-content\/uploads\/2024\/06\/2024060101EppendorferMoor-676x1024.jpg\" alt=\"\" class=\"wp-image-58429\" srcset=\"https:\/\/www.schiebener.net\/wordpress\/wp-content\/uploads\/2024\/06\/2024060101EppendorferMoor-676x1024.jpg 676w, https:\/\/www.schiebener.net\/wordpress\/wp-content\/uploads\/2024\/06\/2024060101EppendorferMoor-198x300.jpg 198w, https:\/\/www.schiebener.net\/wordpress\/wp-content\/uploads\/2024\/06\/2024060101EppendorferMoor-768x1163.jpg 768w, https:\/\/www.schiebener.net\/wordpress\/wp-content\/uploads\/2024\/06\/2024060101EppendorferMoor-1014x1536.jpg 1014w, https:\/\/www.schiebener.net\/wordpress\/wp-content\/uploads\/2024\/06\/2024060101EppendorferMoor-1200x1818.jpg 1200w, https:\/\/www.schiebener.net\/wordpress\/wp-content\/uploads\/2024\/06\/2024060101EppendorferMoor.jpg 1352w\" sizes=\"auto, (max-width: 709px) 85vw, (max-width: 909px) 67vw, (max-width: 984px) 61vw, (max-width: 1362px) 45vw, 600px\" \/><\/a><figcaption class=\"wp-element-caption\"> Rast im Schatten am Eppendorfer Moor (foto: zoom)<\/figcaption><\/figure>\n<\/div>\n\n\n<p><strong>In Winterberg sollte das Stadtradeln eigentlich mit einer Auftakt-Tour am Nordhang beginnen. Die Veranstaltung wurde wegen des erwarteten schlechten Wetters kurzfristig abgesagt. Mir ist das egal, denn ich habe bei sch\u00f6nstem sonnigen Wetter und viel W\u00e4rme meinen individuellen Stadtradel-Auftakt in Hamburg absolviert.<\/strong><\/p>\n\n\n\n<p>Seit gestern geht es im Sauerland weiter.<\/p>\n\n\n\n<p>Winterberg ist mit seinen 14 Ortsteilen nicht gerade das Musterst\u00e4dtchen unter den radelnden Gemeinden und wird auch dieses Jahr keinen Blumentopf gewinnen. Bis heute Abend verzeichnet das Stadtradel-Portal 34 aktive Radelnde, welche in 12 Teams Kilometer sammeln.<\/p>\n\n\n\n<p>Wer sich keiner Gruppe zuordnet, landet automatisch im <em>offenen Team Winterberg<\/em>. Die zur\u00fcckgelegten Strecken kann man oder frau mit der Stadtradel-App aufzeichnen.<\/p>\n\n\n\n<p>Zur Anmeldung ist es nie zu sp\u00e4t. Hier geht es lang: <a href=\"https:\/\/www.stadtradeln.de\/winterberg\" target=\"_blank\" rel=\"noreferrer noopener\">https:\/\/www.stadtradeln.de\/winterberg<\/a>.<\/p>\n\n\n\n<p>Ich bin gespannt, ob ich dieses Jahr neue Strecken entdecken werde. <\/p>\n\n\n<div class=\"wp-block-image\">\n<figure class=\"aligncenter size-large\"><a href=\"https:\/\/www.schiebener.net\/wordpress\/wp-content\/uploads\/2024\/06\/2024060302KahlerAsten.jpg\" target=\"_blank\" rel=\"noreferrer noopener\"><img loading=\"lazy\" decoding=\"async\" width=\"1024\" height=\"473\" src=\"https:\/\/www.schiebener.net\/wordpress\/wp-content\/uploads\/2024\/06\/2024060302KahlerAsten-1024x473.jpg\" alt=\"\" class=\"wp-image-58430\" srcset=\"https:\/\/www.schiebener.net\/wordpress\/wp-content\/uploads\/2024\/06\/2024060302KahlerAsten-1024x473.jpg 1024w, https:\/\/www.schiebener.net\/wordpress\/wp-content\/uploads\/2024\/06\/2024060302KahlerAsten-300x139.jpg 300w, https:\/\/www.schiebener.net\/wordpress\/wp-content\/uploads\/2024\/06\/2024060302KahlerAsten-768x355.jpg 768w, https:\/\/www.schiebener.net\/wordpress\/wp-content\/uploads\/2024\/06\/2024060302KahlerAsten-1536x710.jpg 1536w, https:\/\/www.schiebener.net\/wordpress\/wp-content\/uploads\/2024\/06\/2024060302KahlerAsten-1200x554.jpg 1200w, https:\/\/www.schiebener.net\/wordpress\/wp-content\/uploads\/2024\/06\/2024060302KahlerAsten.jpg 2048w\" sizes=\"auto, (max-width: 709px) 85vw, (max-width: 909px) 67vw, (max-width: 1362px) 62vw, 840px\" \/><\/a><figcaption class=\"wp-element-caption\">Eine Runde auf dem Kahlen Asten (foto: zoom)<\/figcaption><\/figure>\n<\/div>\n\n\n<p>Heute habe ich es mit Ach und Krach auf den Kahlen Asten geschafft. Die faule Runde. Hin \u00fcber&#8217;s Gro\u00dfe Bildchen und zur\u00fcck \u00fcber die Kernstadt. Mehr als 28 Kilometer waren nicht drin.<\/p>\n\n\n\n<p>\u00dcber dem Kahlen Asten scheint ein Fluch zu schweben, denn erneut liegt die Restauration des Astenturms brach.<\/p>\n\n\n<div class=\"wp-block-image\">\n<figure class=\"aligncenter size-large\"><a href=\"https:\/\/www.schiebener.net\/wordpress\/wp-content\/uploads\/2024\/06\/IMG_20240603_165849-scaled.jpg\" target=\"_blank\" rel=\"noreferrer noopener\"><img loading=\"lazy\" decoding=\"async\" width=\"472\" height=\"1024\" src=\"https:\/\/www.schiebener.net\/wordpress\/wp-content\/uploads\/2024\/06\/IMG_20240603_165849-472x1024.jpg\" alt=\"\" class=\"wp-image-58431\" srcset=\"https:\/\/www.schiebener.net\/wordpress\/wp-content\/uploads\/2024\/06\/IMG_20240603_165849-472x1024.jpg 472w, https:\/\/www.schiebener.net\/wordpress\/wp-content\/uploads\/2024\/06\/IMG_20240603_165849-138x300.jpg 138w, https:\/\/www.schiebener.net\/wordpress\/wp-content\/uploads\/2024\/06\/IMG_20240603_165849-768x1668.jpg 768w, https:\/\/www.schiebener.net\/wordpress\/wp-content\/uploads\/2024\/06\/IMG_20240603_165849-707x1536.jpg 707w, https:\/\/www.schiebener.net\/wordpress\/wp-content\/uploads\/2024\/06\/IMG_20240603_165849-943x2048.jpg 943w, https:\/\/www.schiebener.net\/wordpress\/wp-content\/uploads\/2024\/06\/IMG_20240603_165849-1200x2606.jpg 1200w, https:\/\/www.schiebener.net\/wordpress\/wp-content\/uploads\/2024\/06\/IMG_20240603_165849-scaled.jpg 1179w\" sizes=\"auto, (max-width: 472px) 85vw, 472px\" \/><\/a><figcaption class=\"wp-element-caption\">Der Astenturm ist nicht mehr sehr einladend. (foto: zoom)<\/figcaption><\/figure>\n<\/div>\n\n\n<p>Der Kahle Asten ist zwar der bekannteste Berg des Sauerlandes, aber gleichzeitig auch der trostloseste. Wer dem Trubel der Stadt und den Winterberger Attraktionen (Erlebnis&#8230;xyz) entkommen will, ist dort gut aufgehoben. Eine Top-Location f\u00fcr Melancholiker*innen.<\/p>\n\n\n\n<p>Ich bin jedenfalls gern dort oben. <br \/><br \/>Meldet euch zum Stadtradeln an. Jeder Kilometer z\u00e4hlt. Man sieht sich.<\/p>\n\n\n\n<p>F\u00fcr die Radfahrer*innen au\u00dferhalb Winterbergs und allgemeine Informationen:<br \/><a href=\"https:\/\/www.stadtradeln.de\/home\" target=\"_blank\" rel=\"noreferrer noopener\">https:\/\/www.stadtradeln.de\/home<\/a><\/p>\n\n\n\n<p>Direkt zum Link f\u00fcr die App:<br \/><a href=\"https:\/\/www.stadtradeln.de\/app\" target=\"_blank\" rel=\"noreferrer noopener\">https:\/\/www.stadtradeln.de\/app<\/a><\/p>\n","protected":false},"excerpt":{"rendered":"<p>Die HSK-Kommunen radeln vom 1. &#8211; 21. Juni In Winterberg sollte das Stadtradeln eigentlich mit einer Auftakt-Tour am Nordhang beginnen. Die Veranstaltung wurde wegen des erwarteten schlechten Wetters kurzfristig abgesagt. &hellip; <a href=\"https:\/\/www.schiebener.net\/wordpress\/das-stadtradeln-2024-im-hochsauerlandkreis-hat-begonnen\/\" class=\"more-link\"><span class=\"screen-reader-text\">\u201eDas Stadtradeln 2024 im Hochsauerlandkreis hat begonnen\u201c <\/span>weiterlesen<\/a><\/p>\n","protected":false},"author":3,"featured_media":0,"comment_status":"open","ping_status":"open","sticky":false,"template":"","format":"standard","meta":{"footnotes":""},"categories":[1732,2489,80,71,648],"tags":[835,9112],"class_list":["post-58428","post","type-post","status-publish","format-standard","hentry","category-freizeit","category-in-eigener-sache","category-lokales","category-sport","category-was-tun-gegen-langweile","tag-hochsauerlandkreis","tag-stadtradeln"],"_links":{"self":[{"href":"https:\/\/www.schiebener.net\/wordpress\/wp-json\/wp\/v2\/posts\/58428","targetHints":{"allow":["GET"]}}],"collection":[{"href":"https:\/\/www.schiebener.net\/wordpress\/wp-json\/wp\/v2\/posts"}],"about":[{"href":"https:\/\/www.schiebener.net\/wordpress\/wp-json\/wp\/v2\/types\/post"}],"author":[{"embeddable":true,"href":"https:\/\/www.schiebener.net\/wordpress\/wp-json\/wp\/v2\/users\/3"}],"replies":[{"embeddable":true,"href":"https:\/\/www.schiebener.net\/wordpress\/wp-json\/wp\/v2\/comments?post=58428"}],"version-history":[{"count":0,"href":"https:\/\/www.schiebener.net\/wordpress\/wp-json\/wp\/v2\/posts\/58428\/revisions"}],"wp:attachment":[{"href":"https:\/\/www.schiebener.net\/wordpress\/wp-json\/wp\/v2\/media?parent=58428"}],"wp:term":[{"taxonomy":"category","embeddable":true,"href":"https:\/\/www.schiebener.net\/wordpress\/wp-json\/wp\/v2\/categories?post=58428"},{"taxonomy":"post_tag","embeddable":true,"href":"https:\/\/www.schiebener.net\/wordpress\/wp-json\/wp\/v2\/tags?post=58428"}],"curies":[{"name":"wp","href":"https:\/\/api.w.org\/{rel}","templated":true}]}}