{"id":58353,"date":"2024-05-27T07:12:53","date_gmt":"2024-05-27T05:12:53","guid":{"rendered":"https:\/\/www.schiebener.net\/wordpress\/?p=58353"},"modified":"2024-05-27T07:14:03","modified_gmt":"2024-05-27T05:14:03","slug":"sauerlaender-buergerliste-arnsberg-sbl-laedt-wieder-zu-treffen-ein","status":"publish","type":"post","link":"https:\/\/www.schiebener.net\/wordpress\/sauerlaender-buergerliste-arnsberg-sbl-laedt-wieder-zu-treffen-ein\/","title":{"rendered":"Sauerl\u00e4nder B\u00fcrgerliste Arnsberg (SBL) l\u00e4dt zu \u00f6ffentlichem Treffen ein"},"content":{"rendered":"\n<p><strong>Die Sauerl\u00e4nder B\u00fcrgerliste Arnsberg (SBL) l\u00e4dt f\u00fcr Dienstag, den 11.06.2024, um 19.30 Uhr, Gastst\u00e4tte \u201eZum alten Schlo\u00df\u201c, Schlo\u00dfstr. 21, in Arnsberg zu einem \u00f6ffentlichen Treffen ein.<\/strong> \u00a0<\/p>\n\n\n\n<p><em>(Pressemitteilung SBL Arnsberg)<\/em><\/p>\n\n\n\n<p>Gerd St\u00fcttgen, Ratsmitglied der SBL, wird aus dem Rat und den Aussch\u00fcssen berichten. Reinhard Loos, Fraktionsvorsitzender der SBL im HSK, berichtet aktuell \u00fcber die Kreispolitik. Weiterhin sollen der Sachstand der gestellten Antr\u00e4ge sowie die n\u00e4chsten politischen Aktionen und Antr\u00e4ge beraten werden. Auch der Wahlkampf 2025 wirft seine Schatten bereits voraus. Selbstverst\u00e4ndlich k\u00f6nnen auch andere Themen besprochen werden.<\/p>\n\n\n\n<p>G\u00e4ste sind ganz herzlich willkommen. Eine Anmeldung ist nicht erforderlich.<\/p>\n\n\n\n<p>Die SBL in Arnsberg freut sich auf eine rege Diskussion.<\/p>\n","protected":false},"excerpt":{"rendered":"<p>Die Sauerl\u00e4nder B\u00fcrgerliste Arnsberg (SBL) l\u00e4dt f\u00fcr Dienstag, den 11.06.2024, um 19.30 Uhr, Gastst\u00e4tte \u201eZum alten Schlo\u00df\u201c, Schlo\u00dfstr. 21, in Arnsberg zu einem \u00f6ffentlichen Treffen ein. \u00a0 (Pressemitteilung SBL Arnsberg) &hellip; <a href=\"https:\/\/www.schiebener.net\/wordpress\/sauerlaender-buergerliste-arnsberg-sbl-laedt-wieder-zu-treffen-ein\/\" class=\"more-link\"><span class=\"screen-reader-text\">\u201eSauerl\u00e4nder B\u00fcrgerliste Arnsberg (SBL) l\u00e4dt zu \u00f6ffentlichem Treffen ein\u201c <\/span>weiterlesen<\/a><\/p>\n","protected":false},"author":17,"featured_media":0,"comment_status":"open","ping_status":"open","sticky":false,"template":"","format":"standard","meta":{"footnotes":""},"categories":[303,24,1043],"tags":[1357,1042,6854],"class_list":["post-58353","post","type-post","status-publish","format-standard","hentry","category-in-unserem-briefkasten","category-politik","category-pressemitteilungen","tag-gerd-stuttgen","tag-reinhard-loos","tag-sauerlaender-buergerliste-sblfw"],"_links":{"self":[{"href":"https:\/\/www.schiebener.net\/wordpress\/wp-json\/wp\/v2\/posts\/58353","targetHints":{"allow":["GET"]}}],"collection":[{"href":"https:\/\/www.schiebener.net\/wordpress\/wp-json\/wp\/v2\/posts"}],"about":[{"href":"https:\/\/www.schiebener.net\/wordpress\/wp-json\/wp\/v2\/types\/post"}],"author":[{"embeddable":true,"href":"https:\/\/www.schiebener.net\/wordpress\/wp-json\/wp\/v2\/users\/17"}],"replies":[{"embeddable":true,"href":"https:\/\/www.schiebener.net\/wordpress\/wp-json\/wp\/v2\/comments?post=58353"}],"version-history":[{"count":0,"href":"https:\/\/www.schiebener.net\/wordpress\/wp-json\/wp\/v2\/posts\/58353\/revisions"}],"wp:attachment":[{"href":"https:\/\/www.schiebener.net\/wordpress\/wp-json\/wp\/v2\/media?parent=58353"}],"wp:term":[{"taxonomy":"category","embeddable":true,"href":"https:\/\/www.schiebener.net\/wordpress\/wp-json\/wp\/v2\/categories?post=58353"},{"taxonomy":"post_tag","embeddable":true,"href":"https:\/\/www.schiebener.net\/wordpress\/wp-json\/wp\/v2\/tags?post=58353"}],"curies":[{"name":"wp","href":"https:\/\/api.w.org\/{rel}","templated":true}]}}