{"id":58296,"date":"2024-05-26T21:49:33","date_gmt":"2024-05-26T19:49:33","guid":{"rendered":"https:\/\/www.schiebener.net\/wordpress\/?p=58296"},"modified":"2024-05-26T22:06:51","modified_gmt":"2024-05-26T20:06:51","slug":"auf-zur-wasserkuppe-tag-5-bad-kissingen-gemuenden-am-main-altengronau-a-d-sinn","status":"publish","type":"post","link":"https:\/\/www.schiebener.net\/wordpress\/auf-zur-wasserkuppe-tag-5-bad-kissingen-gemuenden-am-main-altengronau-a-d-sinn\/","title":{"rendered":"Auf zur Wasserkuppe Tag 5: Bad Kissingen \u2013 Gem\u00fcnden am Main \u2013 Altengronau a.d. Sinn"},"content":{"rendered":"<div class=\"wp-block-image\">\n<figure class=\"aligncenter size-large\"><a href=\"https:\/\/www.schiebener.net\/wordpress\/wp-content\/uploads\/2024\/05\/20240411KissingenAltengronau.jpg\" target=\"_blank\" rel=\"noreferrer noopener\"><img loading=\"lazy\" decoding=\"async\" width=\"501\" height=\"1024\" src=\"https:\/\/www.schiebener.net\/wordpress\/wp-content\/uploads\/2024\/05\/20240411KissingenAltengronau-501x1024.jpg\" alt=\"\" class=\"wp-image-58297\" srcset=\"https:\/\/www.schiebener.net\/wordpress\/wp-content\/uploads\/2024\/05\/20240411KissingenAltengronau-501x1024.jpg 501w, https:\/\/www.schiebener.net\/wordpress\/wp-content\/uploads\/2024\/05\/20240411KissingenAltengronau-147x300.jpg 147w, https:\/\/www.schiebener.net\/wordpress\/wp-content\/uploads\/2024\/05\/20240411KissingenAltengronau-768x1569.jpg 768w, https:\/\/www.schiebener.net\/wordpress\/wp-content\/uploads\/2024\/05\/20240411KissingenAltengronau-752x1536.jpg 752w, https:\/\/www.schiebener.net\/wordpress\/wp-content\/uploads\/2024\/05\/20240411KissingenAltengronau-1002x2048.jpg 1002w, https:\/\/www.schiebener.net\/wordpress\/wp-content\/uploads\/2024\/05\/20240411KissingenAltengronau.jpg 1024w\" sizes=\"auto, (max-width: 501px) 85vw, 501px\" \/><\/a><figcaption class=\"wp-element-caption\">Bad Kissingen &#8211; Gem\u00fcnden &#8211; Altengronau (screeshot: zoom)<\/figcaption><\/figure>\n<\/div>\n\n\n<p><strong>Der erste Tag nach der Wasserkuppe war \u00fcberhaupt nicht anstrengend. Selbst das Sinntal entpuppte sich unerwarteterweise als ein Klacks. Von Bad Kissingen aus ging es entlang der Fr\u00e4nkischen Saale bis nach Gem\u00fcnden, von dort auf einem weiteren Radweg durch das Sinntal bis hinauf nach Altengronau: 85 km, 1200 m Anstieg, 1179 m Abstieg.<\/strong><\/p>\n\n\n\n<p>Der Tag endete mit einem Spaziergang zum J\u00fcdischen Friedhof oberhalb von Altengronau.<\/p>\n\n\n\n<p>Es folgen ein paar Bilder und S\u00e4tze.<\/p>\n\n\n\n<!--more-->\n\n\n<div class=\"wp-block-image\">\n<figure class=\"aligncenter size-large\"><a href=\"https:\/\/www.schiebener.net\/wordpress\/wp-content\/uploads\/2024\/05\/2024041102KissingenAltengronau.jpg\" target=\"_blank\" rel=\"noreferrer noopener\"><img loading=\"lazy\" decoding=\"async\" width=\"1024\" height=\"655\" src=\"https:\/\/www.schiebener.net\/wordpress\/wp-content\/uploads\/2024\/05\/2024041102KissingenAltengronau-1024x655.jpg\" alt=\"\" class=\"wp-image-58312\" srcset=\"https:\/\/www.schiebener.net\/wordpress\/wp-content\/uploads\/2024\/05\/2024041102KissingenAltengronau-1024x655.jpg 1024w, https:\/\/www.schiebener.net\/wordpress\/wp-content\/uploads\/2024\/05\/2024041102KissingenAltengronau-300x192.jpg 300w, https:\/\/www.schiebener.net\/wordpress\/wp-content\/uploads\/2024\/05\/2024041102KissingenAltengronau-768x491.jpg 768w, https:\/\/www.schiebener.net\/wordpress\/wp-content\/uploads\/2024\/05\/2024041102KissingenAltengronau-1536x982.jpg 1536w, https:\/\/www.schiebener.net\/wordpress\/wp-content\/uploads\/2024\/05\/2024041102KissingenAltengronau-1200x767.jpg 1200w, https:\/\/www.schiebener.net\/wordpress\/wp-content\/uploads\/2024\/05\/2024041102KissingenAltengronau.jpg 2048w\" sizes=\"auto, (max-width: 709px) 85vw, (max-width: 909px) 67vw, (max-width: 1362px) 62vw, 840px\" \/><\/a><figcaption class=\"wp-element-caption\">Gem\u00fctliches Radeln durch die Wiesen entlang der Fr\u00e4nkischen Saale (foto: zoom)<\/figcaption><\/figure>\n<\/div>\n\n\n<p>Das Wetter verbesserte sich in der Woche unserer Radtour von Tag zu Tag. Das Radeln entlang der Fr\u00e4nkischen Saale war ganz und gar nicht anstrengend. Allein ein strarker Westwind h\u00e4tte uns die Laune verderben k\u00f6nnen. Wir hatten einen Bilderbuchtag erwischt.<\/p>\n\n\n<div class=\"wp-block-image\">\n<figure class=\"aligncenter size-large\"><a href=\"https:\/\/www.schiebener.net\/wordpress\/wp-content\/uploads\/2024\/05\/2024041118KissingenAltengronau.jpg\" target=\"_blank\" rel=\"noreferrer noopener\"><img loading=\"lazy\" decoding=\"async\" width=\"1024\" height=\"472\" src=\"https:\/\/www.schiebener.net\/wordpress\/wp-content\/uploads\/2024\/05\/2024041118KissingenAltengronau-1024x472.jpg\" alt=\"\" class=\"wp-image-58328\" srcset=\"https:\/\/www.schiebener.net\/wordpress\/wp-content\/uploads\/2024\/05\/2024041118KissingenAltengronau-1024x472.jpg 1024w, https:\/\/www.schiebener.net\/wordpress\/wp-content\/uploads\/2024\/05\/2024041118KissingenAltengronau-300x138.jpg 300w, https:\/\/www.schiebener.net\/wordpress\/wp-content\/uploads\/2024\/05\/2024041118KissingenAltengronau-768x354.jpg 768w, https:\/\/www.schiebener.net\/wordpress\/wp-content\/uploads\/2024\/05\/2024041118KissingenAltengronau-1536x707.jpg 1536w, https:\/\/www.schiebener.net\/wordpress\/wp-content\/uploads\/2024\/05\/2024041118KissingenAltengronau-1200x553.jpg 1200w, https:\/\/www.schiebener.net\/wordpress\/wp-content\/uploads\/2024\/05\/2024041118KissingenAltengronau.jpg 2048w\" sizes=\"auto, (max-width: 709px) 85vw, (max-width: 909px) 67vw, (max-width: 1362px) 62vw, 840px\" \/><\/a><figcaption class=\"wp-element-caption\">Blick \u00fcber die Saale bei Hammelburg-Westheim. Zu sehen ist die Kirche von Langendorf. (foto: zoom)<\/figcaption><\/figure>\n<\/div>\n\n\n<p>Ehrlich gesagt hatten wir bef\u00fcrchtet, dass ein Tag in der Flu\u00dfebene ohne Herausforderungen und langweilig w\u00e4re, aber irgendwie haben wir uns dann doch eingegroovt und Bilderbuchdeutschland genossen. Au\u00dferdem kann man ohne bergauf-bergab die Seele baumeln lassen und sich gem\u00fctlich unterhalten.<\/p>\n\n\n<div class=\"wp-block-image\">\n<figure class=\"aligncenter size-large\"><a href=\"https:\/\/www.schiebener.net\/wordpress\/wp-content\/uploads\/2024\/05\/2024041119KissingenAltengronau.jpg\" target=\"_blank\" rel=\"noreferrer noopener\"><img loading=\"lazy\" decoding=\"async\" width=\"1024\" height=\"472\" src=\"https:\/\/www.schiebener.net\/wordpress\/wp-content\/uploads\/2024\/05\/2024041119KissingenAltengronau-1024x472.jpg\" alt=\"\" class=\"wp-image-58329\" srcset=\"https:\/\/www.schiebener.net\/wordpress\/wp-content\/uploads\/2024\/05\/2024041119KissingenAltengronau-1024x472.jpg 1024w, https:\/\/www.schiebener.net\/wordpress\/wp-content\/uploads\/2024\/05\/2024041119KissingenAltengronau-300x138.jpg 300w, https:\/\/www.schiebener.net\/wordpress\/wp-content\/uploads\/2024\/05\/2024041119KissingenAltengronau-768x354.jpg 768w, https:\/\/www.schiebener.net\/wordpress\/wp-content\/uploads\/2024\/05\/2024041119KissingenAltengronau-1536x707.jpg 1536w, https:\/\/www.schiebener.net\/wordpress\/wp-content\/uploads\/2024\/05\/2024041119KissingenAltengronau-1200x553.jpg 1200w, https:\/\/www.schiebener.net\/wordpress\/wp-content\/uploads\/2024\/05\/2024041119KissingenAltengronau.jpg 2048w\" sizes=\"auto, (max-width: 709px) 85vw, (max-width: 909px) 67vw, (max-width: 1362px) 62vw, 840px\" \/><\/a><figcaption class=\"wp-element-caption\">Die Erdfunkstelle Fuchsstadt bei Hammelburg. (foto: zoom)<\/figcaption><\/figure>\n<\/div>\n\n\n<p>Die riesigen Sch\u00fcsseln der Erdfunkstelle Fuchsstadt hatte ich bislang nur von der Autobahn 7 gesehen. Vom Fahrrad aus war der Anblick allerdings imposanter. <\/p>\n\n\n\n<p>Schneller als gedacht radelten wir dann schon in das Sinntal hinein. Gem\u00fcnden haben wir links liegen lassen. In Schaippach stolperten wir \u00fcber <a href=\"https:\/\/www.mainpost.de\/regional\/main-spessart\/s-laedle-in-schaippach-angela-haas-zufrieden-mit-dem-geglueckten-versuch-art-10890944\" target=\"_blank\" rel=\"noreferrer noopener\">S&#8217;L\u00e4dle von Angela Haas<\/a>. Mit einer Kleinigkeit zu Essen und Trinken konnten wir auf den B\u00e4nken an der Sinn entspannen.<\/p>\n\n\n<div class=\"wp-block-image\">\n<figure class=\"aligncenter size-large\"><a href=\"https:\/\/www.schiebener.net\/wordpress\/wp-content\/uploads\/2024\/05\/2024041121KissingenAltengronau.jpg\" target=\"_blank\" rel=\"noreferrer noopener\"><img loading=\"lazy\" decoding=\"async\" width=\"1024\" height=\"472\" src=\"https:\/\/www.schiebener.net\/wordpress\/wp-content\/uploads\/2024\/05\/2024041121KissingenAltengronau-1024x472.jpg\" alt=\"\" class=\"wp-image-58331\" srcset=\"https:\/\/www.schiebener.net\/wordpress\/wp-content\/uploads\/2024\/05\/2024041121KissingenAltengronau-1024x472.jpg 1024w, https:\/\/www.schiebener.net\/wordpress\/wp-content\/uploads\/2024\/05\/2024041121KissingenAltengronau-300x138.jpg 300w, https:\/\/www.schiebener.net\/wordpress\/wp-content\/uploads\/2024\/05\/2024041121KissingenAltengronau-768x354.jpg 768w, https:\/\/www.schiebener.net\/wordpress\/wp-content\/uploads\/2024\/05\/2024041121KissingenAltengronau-1536x707.jpg 1536w, https:\/\/www.schiebener.net\/wordpress\/wp-content\/uploads\/2024\/05\/2024041121KissingenAltengronau-1200x553.jpg 1200w, https:\/\/www.schiebener.net\/wordpress\/wp-content\/uploads\/2024\/05\/2024041121KissingenAltengronau.jpg 2048w\" sizes=\"auto, (max-width: 709px) 85vw, (max-width: 909px) 67vw, (max-width: 1362px) 62vw, 840px\" \/><\/a><figcaption class=\"wp-element-caption\">Pause mit Sinn auf der Wiese vor S&#8216; L\u00e4dle (foto: zoom)<\/figcaption><\/figure>\n<\/div>\n\n\n<p>Als wir durch den Sinngrund die Sinn hinauf radelten (wundersch\u00f6ner Radweg), wunderte ich mich \u00fcber die Hobbyfotograf*innen in den Wiesen. Aus der Ferne sah es aus wie Kn\u00f6teriche. Sicherheitshalber bin ich dann doch abgestiegen und habe das Smartphone gez\u00fcckt.<\/p>\n\n\n\n<p>Von wegen Kn\u00f6terich! Die Schachbrettblume. <\/p>\n\n\n\n<figure class=\"wp-block-image size-large\"><a href=\"https:\/\/www.schiebener.net\/wordpress\/wp-content\/uploads\/2024\/05\/2024041122KissingenAltengronau.jpg\" target=\"_blank\" rel=\"noreferrer noopener\"><img loading=\"lazy\" decoding=\"async\" width=\"472\" height=\"1024\" src=\"https:\/\/www.schiebener.net\/wordpress\/wp-content\/uploads\/2024\/05\/2024041122KissingenAltengronau-472x1024.jpg\" alt=\"\" class=\"wp-image-58332\" srcset=\"https:\/\/www.schiebener.net\/wordpress\/wp-content\/uploads\/2024\/05\/2024041122KissingenAltengronau-472x1024.jpg 472w, https:\/\/www.schiebener.net\/wordpress\/wp-content\/uploads\/2024\/05\/2024041122KissingenAltengronau-138x300.jpg 138w, https:\/\/www.schiebener.net\/wordpress\/wp-content\/uploads\/2024\/05\/2024041122KissingenAltengronau-768x1668.jpg 768w, https:\/\/www.schiebener.net\/wordpress\/wp-content\/uploads\/2024\/05\/2024041122KissingenAltengronau-707x1536.jpg 707w, https:\/\/www.schiebener.net\/wordpress\/wp-content\/uploads\/2024\/05\/2024041122KissingenAltengronau.jpg 943w\" sizes=\"auto, (max-width: 472px) 85vw, 472px\" \/><\/a><figcaption class=\"wp-element-caption\">Schachblume im Sinngrund (foto: zoom)<\/figcaption><\/figure>\n\n\n\n<p>Erst im Quartier haben wir dann gesehen, dass wir eine Woche zu fr\u00fch waren und die <em>Schachblumentage<\/em> verpassen w\u00fcrden. Zehn Millionen Exemplare auf 30 Kilometer Tall\u00e4nge. Fantastisch. <\/p>\n\n\n<div class=\"wp-block-image\">\n<figure class=\"aligncenter size-large\"><a href=\"https:\/\/www.schiebener.net\/wordpress\/wp-content\/uploads\/2024\/05\/2024041125KissingenAltengronau.jpg\" target=\"_blank\" rel=\"noreferrer noopener\"><img loading=\"lazy\" decoding=\"async\" width=\"943\" height=\"1024\" src=\"https:\/\/www.schiebener.net\/wordpress\/wp-content\/uploads\/2024\/05\/2024041125KissingenAltengronau-943x1024.jpg\" alt=\"\" class=\"wp-image-58335\" srcset=\"https:\/\/www.schiebener.net\/wordpress\/wp-content\/uploads\/2024\/05\/2024041125KissingenAltengronau-943x1024.jpg 943w, https:\/\/www.schiebener.net\/wordpress\/wp-content\/uploads\/2024\/05\/2024041125KissingenAltengronau-276x300.jpg 276w, https:\/\/www.schiebener.net\/wordpress\/wp-content\/uploads\/2024\/05\/2024041125KissingenAltengronau-768x834.jpg 768w, https:\/\/www.schiebener.net\/wordpress\/wp-content\/uploads\/2024\/05\/2024041125KissingenAltengronau-1414x1536.jpg 1414w, https:\/\/www.schiebener.net\/wordpress\/wp-content\/uploads\/2024\/05\/2024041125KissingenAltengronau-1200x1304.jpg 1200w, https:\/\/www.schiebener.net\/wordpress\/wp-content\/uploads\/2024\/05\/2024041125KissingenAltengronau.jpg 1885w\" sizes=\"auto, (max-width: 709px) 85vw, (max-width: 909px) 67vw, (max-width: 1362px) 62vw, 840px\" \/><\/a><figcaption class=\"wp-element-caption\">Beschreibung von 2023, <a href=\"https:\/\/www.spessart-erleben.de\/content\/schachblumenfest-obersinn\">dieses Jahr 2024 am 20.\/21. April<\/a>. (foto: zoom)<\/figcaption><\/figure>\n<\/div>\n\n\n<p>\u00dcber Burgsinn, Mittelsinn und Obersinn erreichten wir schlie\u00dflich Altengronau, wo wir <a href=\"https:\/\/www.bettundbike.de\/unterkunft\/bed-breakfast-by-lis-1005773\">ein Bed &amp; Breakfast<\/a> gebucht hatten.<\/p>\n\n\n\n<p>Die gr\u00f6\u00dfte \u00dcberraschung des Tages wartete noch auf uns. Im Ort hatten wir ein Hinweisschild mit der Beschriftung <em>Judenfriedhof<\/em> gesehen. Allein diese abwertende, despektierliche Bezeichnung hat mich &#8222;auf 180&#8220; gebracht. Hier im Blog erkl\u00e4re ich, aus welchem Grund: <a href=\"https:\/\/www.schiebener.net\/wordpress\/ist-der-begriff-judenfriedhof-antisemitisch-ja-das-ist-er\/\" target=\"_blank\" rel=\"noreferrer noopener\">Ist der Begriff \u201eJudenfriedhof\u201c antisemitisch? Ja, das ist er!<\/a><\/p>\n\n\n\n<p>Die Schilder <em>Judenfriedhof<\/em> haben wir allerdings nur im Ort selbst gesehen. Am Friedhof selbst enthielten alle Tafeln und Erkl\u00e4rungen richtig den Namen <em>J\u00fcdischer Friedhof<\/em>.<\/p>\n\n\n\n<p>Der Text auf der Tafel und viele weitere Informationen sind hier zu finden:<br \/><br \/><a href=\"https:\/\/www.alemannia-judaica.de\/altengronau_friedhof.htm\">https:\/\/www.alemannia-judaica.de\/altengronau_friedhof.htm<\/a><\/p>\n\n\n<div class=\"wp-block-image\">\n<figure class=\"aligncenter size-large\"><a href=\"https:\/\/www.schiebener.net\/wordpress\/wp-content\/uploads\/2024\/05\/2024041104KissingenAltengronau.jpg\" target=\"_blank\" rel=\"noreferrer noopener\"><img loading=\"lazy\" decoding=\"async\" width=\"630\" height=\"1024\" src=\"https:\/\/www.schiebener.net\/wordpress\/wp-content\/uploads\/2024\/05\/2024041104KissingenAltengronau-630x1024.jpg\" alt=\"\" class=\"wp-image-58314\" srcset=\"https:\/\/www.schiebener.net\/wordpress\/wp-content\/uploads\/2024\/05\/2024041104KissingenAltengronau-630x1024.jpg 630w, https:\/\/www.schiebener.net\/wordpress\/wp-content\/uploads\/2024\/05\/2024041104KissingenAltengronau-184x300.jpg 184w, https:\/\/www.schiebener.net\/wordpress\/wp-content\/uploads\/2024\/05\/2024041104KissingenAltengronau-768x1249.jpg 768w, https:\/\/www.schiebener.net\/wordpress\/wp-content\/uploads\/2024\/05\/2024041104KissingenAltengronau-944x1536.jpg 944w, https:\/\/www.schiebener.net\/wordpress\/wp-content\/uploads\/2024\/05\/2024041104KissingenAltengronau-1200x1952.jpg 1200w, https:\/\/www.schiebener.net\/wordpress\/wp-content\/uploads\/2024\/05\/2024041104KissingenAltengronau.jpg 1259w\" sizes=\"auto, (max-width: 709px) 85vw, (max-width: 909px) 67vw, (max-width: 984px) 61vw, (max-width: 1362px) 45vw, 600px\" \/><\/a><figcaption class=\"wp-element-caption\">Hinweistafel, erstellt vom &#8222;Arch\u00e4ologischen Spessart-Projekt e.V.&#8220; (<a href=\"http:\/\/www.spessartprojekt.de\">www.spessartprojekt.de<\/a>)&nbsp;<\/figcaption><\/figure>\n<\/div>\n\n\n<p>Um auf den Friedhof zu gelangen, mussten wir abends noch einen kleinen Berg hinauf. Fast 1500 Grabsteine waren oben zu besichtigen, 30 bis 60 hatten wir allerh\u00f6chstens erwartet. Das Geheimnis dieser Gr\u00f6\u00dfe:<br \/><br \/>&#8222;Der j\u00fcdische Friedhof in Altengronau, der in der zweiten H\u00e4lfte des 17. Jahrhunderts angelegt wurde (1661 genannt), diente mehreren Gemeinden als Begr\u00e4bnisplatz, darunter auch einigen Gemeinden aus Bayern (au\u00dfer Altengronau f\u00fcr Heubach, Lohrhaupten, Oberzell, Sterbfritz, Uttrichshausen, Z\u00fcntersbach, Gem\u00fcnden, Br\u00fcckenau, Unterriedenberg, Zeitlofs, Geroda, Platz, Schondra, Mittelsinn, Burgsinn, V\u00f6lkersleier, Rieneck, Dittlofsroda). Die Friedhofsgr\u00f6\u00dfe umfasst 88,87 ar. Ein Totenhaus (Tahara-Haus) ist vorhanden. Seit 1875 wurde der neue Friedhofsteil belegt. Insgesamt etwa 1.500 Beisetzungen wurden auf dem Friedhof vorgenommen. 2003 wurde ein neue Hinweistafel zur Geschichte des Friedhofes angebracht.&#8220;&nbsp;<\/p>\n\n\n<div class=\"wp-block-image\">\n<figure class=\"aligncenter size-large\"><a href=\"https:\/\/www.schiebener.net\/wordpress\/wp-content\/uploads\/2024\/05\/2024041105KissingenAltengronau.jpg\" target=\"_blank\" rel=\"noreferrer noopener\"><img loading=\"lazy\" decoding=\"async\" width=\"1024\" height=\"678\" src=\"https:\/\/www.schiebener.net\/wordpress\/wp-content\/uploads\/2024\/05\/2024041105KissingenAltengronau-1024x678.jpg\" alt=\"\" class=\"wp-image-58315\" srcset=\"https:\/\/www.schiebener.net\/wordpress\/wp-content\/uploads\/2024\/05\/2024041105KissingenAltengronau-1024x678.jpg 1024w, https:\/\/www.schiebener.net\/wordpress\/wp-content\/uploads\/2024\/05\/2024041105KissingenAltengronau-300x198.jpg 300w, https:\/\/www.schiebener.net\/wordpress\/wp-content\/uploads\/2024\/05\/2024041105KissingenAltengronau-768x508.jpg 768w, https:\/\/www.schiebener.net\/wordpress\/wp-content\/uploads\/2024\/05\/2024041105KissingenAltengronau-1536x1016.jpg 1536w, https:\/\/www.schiebener.net\/wordpress\/wp-content\/uploads\/2024\/05\/2024041105KissingenAltengronau-1200x794.jpg 1200w, https:\/\/www.schiebener.net\/wordpress\/wp-content\/uploads\/2024\/05\/2024041105KissingenAltengronau.jpg 2048w\" sizes=\"auto, (max-width: 709px) 85vw, (max-width: 909px) 67vw, (max-width: 1362px) 62vw, 840px\" \/><\/a><\/figure>\n<\/div>\n\n<div class=\"wp-block-image\">\n<figure class=\"aligncenter size-large\"><a href=\"https:\/\/www.schiebener.net\/wordpress\/wp-content\/uploads\/2024\/05\/2024041106KissingenAltengronau.jpg\" target=\"_blank\" rel=\"noreferrer noopener\"><img loading=\"lazy\" decoding=\"async\" width=\"1024\" height=\"670\" src=\"https:\/\/www.schiebener.net\/wordpress\/wp-content\/uploads\/2024\/05\/2024041106KissingenAltengronau-1024x670.jpg\" alt=\"\" class=\"wp-image-58316\" srcset=\"https:\/\/www.schiebener.net\/wordpress\/wp-content\/uploads\/2024\/05\/2024041106KissingenAltengronau-1024x670.jpg 1024w, https:\/\/www.schiebener.net\/wordpress\/wp-content\/uploads\/2024\/05\/2024041106KissingenAltengronau-300x196.jpg 300w, https:\/\/www.schiebener.net\/wordpress\/wp-content\/uploads\/2024\/05\/2024041106KissingenAltengronau-768x503.jpg 768w, https:\/\/www.schiebener.net\/wordpress\/wp-content\/uploads\/2024\/05\/2024041106KissingenAltengronau-1536x1005.jpg 1536w, https:\/\/www.schiebener.net\/wordpress\/wp-content\/uploads\/2024\/05\/2024041106KissingenAltengronau-1200x785.jpg 1200w, https:\/\/www.schiebener.net\/wordpress\/wp-content\/uploads\/2024\/05\/2024041106KissingenAltengronau.jpg 2048w\" sizes=\"auto, (max-width: 709px) 85vw, (max-width: 909px) 67vw, (max-width: 1362px) 62vw, 840px\" \/><\/a><figcaption class=\"wp-element-caption\">Der Friedhof scheint erst k\u00fcrzlich gesch\u00e4ndet worden zu sein. Die Bruchstellen an den Grabsteinen sind noch frisch. (foto: zoom)<\/figcaption><\/figure>\n<\/div>\n\n<div class=\"wp-block-image\">\n<figure class=\"aligncenter size-large\"><a href=\"https:\/\/www.schiebener.net\/wordpress\/wp-content\/uploads\/2024\/05\/2024041108KissingenAltengronau-1024x670.jpg\" target=\"_blank\" rel=\"noreferrer noopener\"><img loading=\"lazy\" decoding=\"async\" width=\"1024\" height=\"670\" src=\"https:\/\/www.schiebener.net\/wordpress\/wp-content\/uploads\/2024\/05\/2024041108KissingenAltengronau-1024x670.jpg\" alt=\"\" class=\"wp-image-58318\" srcset=\"https:\/\/www.schiebener.net\/wordpress\/wp-content\/uploads\/2024\/05\/2024041108KissingenAltengronau-1024x670.jpg 1024w, https:\/\/www.schiebener.net\/wordpress\/wp-content\/uploads\/2024\/05\/2024041108KissingenAltengronau-300x196.jpg 300w, https:\/\/www.schiebener.net\/wordpress\/wp-content\/uploads\/2024\/05\/2024041108KissingenAltengronau-768x503.jpg 768w, https:\/\/www.schiebener.net\/wordpress\/wp-content\/uploads\/2024\/05\/2024041108KissingenAltengronau-1536x1005.jpg 1536w, https:\/\/www.schiebener.net\/wordpress\/wp-content\/uploads\/2024\/05\/2024041108KissingenAltengronau-1200x785.jpg 1200w, https:\/\/www.schiebener.net\/wordpress\/wp-content\/uploads\/2024\/05\/2024041108KissingenAltengronau.jpg 2048w\" sizes=\"auto, (max-width: 709px) 85vw, (max-width: 909px) 67vw, (max-width: 1362px) 62vw, 840px\" \/><\/a><figcaption class=\"wp-element-caption\">Abendatmosph\u00e4re (foto: zoom)<\/figcaption><\/figure>\n<\/div>\n\n<div class=\"wp-block-image\">\n<figure class=\"aligncenter size-large\"><a href=\"https:\/\/www.schiebener.net\/wordpress\/wp-content\/uploads\/2024\/05\/2024041113KissingenAltengronau.jpg\" target=\"_blank\" rel=\"noreferrer noopener\"><img loading=\"lazy\" decoding=\"async\" width=\"1024\" height=\"683\" src=\"https:\/\/www.schiebener.net\/wordpress\/wp-content\/uploads\/2024\/05\/2024041113KissingenAltengronau-1024x683.jpg\" alt=\"\" class=\"wp-image-58323\" srcset=\"https:\/\/www.schiebener.net\/wordpress\/wp-content\/uploads\/2024\/05\/2024041113KissingenAltengronau-1024x683.jpg 1024w, https:\/\/www.schiebener.net\/wordpress\/wp-content\/uploads\/2024\/05\/2024041113KissingenAltengronau-300x200.jpg 300w, https:\/\/www.schiebener.net\/wordpress\/wp-content\/uploads\/2024\/05\/2024041113KissingenAltengronau-768x512.jpg 768w, https:\/\/www.schiebener.net\/wordpress\/wp-content\/uploads\/2024\/05\/2024041113KissingenAltengronau-1536x1024.jpg 1536w, https:\/\/www.schiebener.net\/wordpress\/wp-content\/uploads\/2024\/05\/2024041113KissingenAltengronau-1200x800.jpg 1200w, https:\/\/www.schiebener.net\/wordpress\/wp-content\/uploads\/2024\/05\/2024041113KissingenAltengronau.jpg 2048w\" sizes=\"auto, (max-width: 709px) 85vw, (max-width: 909px) 67vw, (max-width: 1362px) 62vw, 840px\" \/><\/a><figcaption class=\"wp-element-caption\">&#8222;Segnende H\u00e4nde&#8220; der Kohanim auf alten Grabsteinen &#8211; dieses Symbol der Familien&nbsp;<br \/>der Kohanim ist das verbreitetste Symbol auf dem Altengronauer Friedhof. (foto: zoom)<\/figcaption><\/figure>\n<\/div>\n\n<div class=\"wp-block-image\">\n<figure class=\"aligncenter size-large\"><a href=\"https:\/\/www.schiebener.net\/wordpress\/wp-content\/uploads\/2024\/05\/2024041115KissingenAltengronau-1024x683.jpg\" target=\"_blank\" rel=\"noreferrer noopener\"><img loading=\"lazy\" decoding=\"async\" width=\"1024\" height=\"683\" src=\"https:\/\/www.schiebener.net\/wordpress\/wp-content\/uploads\/2024\/05\/2024041115KissingenAltengronau-1024x683.jpg\" alt=\"\" class=\"wp-image-58325\" srcset=\"https:\/\/www.schiebener.net\/wordpress\/wp-content\/uploads\/2024\/05\/2024041115KissingenAltengronau-1024x683.jpg 1024w, https:\/\/www.schiebener.net\/wordpress\/wp-content\/uploads\/2024\/05\/2024041115KissingenAltengronau-300x200.jpg 300w, https:\/\/www.schiebener.net\/wordpress\/wp-content\/uploads\/2024\/05\/2024041115KissingenAltengronau-768x512.jpg 768w, https:\/\/www.schiebener.net\/wordpress\/wp-content\/uploads\/2024\/05\/2024041115KissingenAltengronau-1536x1024.jpg 1536w, https:\/\/www.schiebener.net\/wordpress\/wp-content\/uploads\/2024\/05\/2024041115KissingenAltengronau-1200x800.jpg 1200w, https:\/\/www.schiebener.net\/wordpress\/wp-content\/uploads\/2024\/05\/2024041115KissingenAltengronau.jpg 2048w\" sizes=\"auto, (max-width: 709px) 85vw, (max-width: 909px) 67vw, (max-width: 1362px) 62vw, 840px\" \/><\/a><figcaption class=\"wp-element-caption\">Blick vom Friedhof \u00fcber Altengronau. (foto: zoom)<\/figcaption><\/figure>\n<\/div>\n\n\n<p>An der Auswahl der Bilder l\u00e4sst sich unschwer erkennen, was uns an diesem 5. Tag der Rh\u00f6ntour wie und am meisten beeindruckt hatte.<\/p>\n\n\n\n<p>Auch am n\u00e4chsten Tag blieb das Wetter sonnig und warm. Im n\u00e4chsten Beitrag wird es wieder zur\u00fcck in die Rh\u00f6n gehen. <\/p>\n","protected":false},"excerpt":{"rendered":"<p>Der erste Tag nach der Wasserkuppe war \u00fcberhaupt nicht anstrengend. Selbst das Sinntal entpuppte sich unerwarteterweise als ein Klacks. Von Bad Kissingen aus ging es entlang der Fr\u00e4nkischen Saale bis &hellip; <a href=\"https:\/\/www.schiebener.net\/wordpress\/auf-zur-wasserkuppe-tag-5-bad-kissingen-gemuenden-am-main-altengronau-a-d-sinn\/\" class=\"more-link\"><span class=\"screen-reader-text\">\u201eAuf zur Wasserkuppe Tag 5: Bad Kissingen \u2013 Gem\u00fcnden am Main \u2013 Altengronau a.d. Sinn\u201c <\/span>weiterlesen<\/a><\/p>\n","protected":false},"author":3,"featured_media":0,"comment_status":"open","ping_status":"open","sticky":false,"template":"","format":"standard","meta":{"footnotes":""},"categories":[2489,2729,618],"tags":[334,1769,9209,9210],"class_list":["post-58296","post","type-post","status-publish","format-standard","hentry","category-in-eigener-sache","category-reisen","category-verkehr","tag-judischer-friedhof","tag-radtour","tag-rhoen","tag-wasserkuppe"],"_links":{"self":[{"href":"https:\/\/www.schiebener.net\/wordpress\/wp-json\/wp\/v2\/posts\/58296","targetHints":{"allow":["GET"]}}],"collection":[{"href":"https:\/\/www.schiebener.net\/wordpress\/wp-json\/wp\/v2\/posts"}],"about":[{"href":"https:\/\/www.schiebener.net\/wordpress\/wp-json\/wp\/v2\/types\/post"}],"author":[{"embeddable":true,"href":"https:\/\/www.schiebener.net\/wordpress\/wp-json\/wp\/v2\/users\/3"}],"replies":[{"embeddable":true,"href":"https:\/\/www.schiebener.net\/wordpress\/wp-json\/wp\/v2\/comments?post=58296"}],"version-history":[{"count":0,"href":"https:\/\/www.schiebener.net\/wordpress\/wp-json\/wp\/v2\/posts\/58296\/revisions"}],"wp:attachment":[{"href":"https:\/\/www.schiebener.net\/wordpress\/wp-json\/wp\/v2\/media?parent=58296"}],"wp:term":[{"taxonomy":"category","embeddable":true,"href":"https:\/\/www.schiebener.net\/wordpress\/wp-json\/wp\/v2\/categories?post=58296"},{"taxonomy":"post_tag","embeddable":true,"href":"https:\/\/www.schiebener.net\/wordpress\/wp-json\/wp\/v2\/tags?post=58296"}],"curies":[{"name":"wp","href":"https:\/\/api.w.org\/{rel}","templated":true}]}}