{"id":58256,"date":"2024-05-14T22:01:25","date_gmt":"2024-05-14T20:01:25","guid":{"rendered":"https:\/\/www.schiebener.net\/wordpress\/?p=58256"},"modified":"2024-05-14T22:01:25","modified_gmt":"2024-05-14T20:01:25","slug":"mescheder-gruenden-friedensgruppe","status":"publish","type":"post","link":"https:\/\/www.schiebener.net\/wordpress\/mescheder-gruenden-friedensgruppe\/","title":{"rendered":"Mescheder gr\u00fcnden Friedensgruppe"},"content":{"rendered":"<div class=\"wp-block-image\">\n<figure class=\"aligncenter size-large\"><img loading=\"lazy\" decoding=\"async\" width=\"725\" height=\"1024\" src=\"https:\/\/www.schiebener.net\/wordpress\/wp-content\/uploads\/2024\/05\/20240510MFF-725x1024.jpg\" alt=\"\" class=\"wp-image-58257\" srcset=\"https:\/\/www.schiebener.net\/wordpress\/wp-content\/uploads\/2024\/05\/20240510MFF-725x1024.jpg 725w, https:\/\/www.schiebener.net\/wordpress\/wp-content\/uploads\/2024\/05\/20240510MFF-212x300.jpg 212w, https:\/\/www.schiebener.net\/wordpress\/wp-content\/uploads\/2024\/05\/20240510MFF-768x1085.jpg 768w, https:\/\/www.schiebener.net\/wordpress\/wp-content\/uploads\/2024\/05\/20240510MFF.jpg 1024w\" sizes=\"auto, (max-width: 709px) 85vw, (max-width: 909px) 67vw, (max-width: 984px) 61vw, (max-width: 1362px) 45vw, 600px\" \/><figcaption class=\"wp-element-caption\">Gespr\u00e4che und Diskussionen am Stand der Friedensinitiative (Foto: MFF)<\/figcaption><\/figure>\n<\/div>\n\n\n<p><strong>Das Mescheder Friedensforum, im M\u00e4rz 2024 gegr\u00fcndet, hat sich am 10. Mai zum ersten Mal an die \u00d6ffentlichkeit gewandt.<\/strong><br \/><br \/>Angesichts der Kriege um die Ukraine und in Israel\/Pal\u00e4stina, in Sorge um den Weltfrieden, m\u00f6chten die Friedensfreund:innen in der \u00d6ffentlichkeit Akzente setzen und bei der Politik den Vorrang von Verhandlungsl\u00f6sungen anmahnen.<\/p>\n\n\n\n<!--more-->\n\n\n\n<p>Die Mescheder Gruppe hat sich anl\u00e4sslich des 8. Mai, des Jahrestages der Befreiung vom Faschismus, am darauf folgenden Markttag mit einem Infostand (siehe auch <a href=\"https:\/\/www.schiebener.net\/wordpress\/wp-content\/uploads\/2024\/05\/Flugblatt-Mescheder-Friedensforum-Maerz-2024.pdf\" target=\"_blank\" rel=\"noreferrer noopener\">beigef\u00fcgtes Statement<\/a>) zum ersten Mal der \u00d6ffentlichkeit pr\u00e4sentiert und Interessierte zum Gespr\u00e4ch eingeladen.<\/p>\n\n\n\n<p>Die Aktivist:innen werten die Aktion als Erfolg: &#8222;Am Infostand wurden etliche konstruktive Gespr\u00e4che gef\u00fchrt.&#8220; Mehrere Interessierte h\u00e4tten ihre Bereitschaft bekundet, die Arbeit der Friedensgruppe zu unterst\u00fctzen. <\/p>\n\n\n\n<p>&#8222;Am st\u00e4rksten ber\u00fchrt hat uns das Gespr\u00e4ch mit einer 94j\u00e4hrigen Meschederin, die als junges M\u00e4dchen noch selber die Bombenangriffe auf unsere Stadt miterlebt hat.\u201c<\/p>\n\n\n\n<p>Wenngleich es auch Menschen gab, die sich keine andere L\u00f6sung vorstellen k\u00f6nnen, als immer weitere und mehr Waffen in die Ukraine zu liefern, um dort einen Sieg \u00fcber Russland zu erzwingen, waren die meisten Menschen friedlichen und Verhandlungsl\u00f6sungen gegen\u00fcber aufgeschlossen und sehen diese als bessere Alternative an. <\/p>\n\n\n\n<p>Allein, der Weg zu einer gemeinsamen Sicherheitsarchitektur in Europa wird \u2013 das ist allen Beteiligten klar \u2013 noch beschwerlich sein, aus Sicht des MFF jedoch ohne Alternative.<\/p>\n\n\n\n<p>Eine stetige Eskalation, schon gar nicht eine nukleare, kann sich eigentlich niemand w\u00fcnschen.<\/p>\n\n\n\n<p>Das Mescheder Friedensforum m\u00f6chte auch weiterhin in die \u00d6ffentlichkeit wirken und mit Menschen ins Gespr\u00e4ch kommen. Interessierte k\u00f6nnen sich auch mit E-Mail an die Gruppe wenden, um von den n\u00e4chsten Aktionen benachrichtigt zu werden. <\/p>\n\n\n\n<p>Die Mailanschrift lautet: <a href=\"mailto:Meschederfriedensforum@gmail.com\" target=\"_blank\" rel=\"noreferrer noopener\">Meschederfriedensforum@gmail.com<\/a>.<\/p>\n","protected":false},"excerpt":{"rendered":"<p>Das Mescheder Friedensforum, im M\u00e4rz 2024 gegr\u00fcndet, hat sich am 10. Mai zum ersten Mal an die \u00d6ffentlichkeit gewandt. Angesichts der Kriege um die Ukraine und in Israel\/Pal\u00e4stina, in Sorge &hellip; <a href=\"https:\/\/www.schiebener.net\/wordpress\/mescheder-gruenden-friedensgruppe\/\" class=\"more-link\"><span class=\"screen-reader-text\">\u201eMescheder gr\u00fcnden Friedensgruppe\u201c <\/span>weiterlesen<\/a><\/p>\n","protected":false},"author":17,"featured_media":0,"comment_status":"open","ping_status":"open","sticky":false,"template":"","format":"standard","meta":{"footnotes":""},"categories":[80,24,1043],"tags":[8969,264],"class_list":["post-58256","post","type-post","status-publish","format-standard","hentry","category-lokales","category-politik","category-pressemitteilungen","tag-frieden","tag-meschede"],"_links":{"self":[{"href":"https:\/\/www.schiebener.net\/wordpress\/wp-json\/wp\/v2\/posts\/58256","targetHints":{"allow":["GET"]}}],"collection":[{"href":"https:\/\/www.schiebener.net\/wordpress\/wp-json\/wp\/v2\/posts"}],"about":[{"href":"https:\/\/www.schiebener.net\/wordpress\/wp-json\/wp\/v2\/types\/post"}],"author":[{"embeddable":true,"href":"https:\/\/www.schiebener.net\/wordpress\/wp-json\/wp\/v2\/users\/17"}],"replies":[{"embeddable":true,"href":"https:\/\/www.schiebener.net\/wordpress\/wp-json\/wp\/v2\/comments?post=58256"}],"version-history":[{"count":0,"href":"https:\/\/www.schiebener.net\/wordpress\/wp-json\/wp\/v2\/posts\/58256\/revisions"}],"wp:attachment":[{"href":"https:\/\/www.schiebener.net\/wordpress\/wp-json\/wp\/v2\/media?parent=58256"}],"wp:term":[{"taxonomy":"category","embeddable":true,"href":"https:\/\/www.schiebener.net\/wordpress\/wp-json\/wp\/v2\/categories?post=58256"},{"taxonomy":"post_tag","embeddable":true,"href":"https:\/\/www.schiebener.net\/wordpress\/wp-json\/wp\/v2\/tags?post=58256"}],"curies":[{"name":"wp","href":"https:\/\/api.w.org\/{rel}","templated":true}]}}