{"id":58223,"date":"2024-05-11T21:59:09","date_gmt":"2024-05-11T19:59:09","guid":{"rendered":"https:\/\/www.schiebener.net\/wordpress\/?p=58223"},"modified":"2024-05-11T21:59:59","modified_gmt":"2024-05-11T19:59:59","slug":"ein-abendspaziergang-auf-dem-kahlen-asten","status":"publish","type":"post","link":"https:\/\/www.schiebener.net\/wordpress\/ein-abendspaziergang-auf-dem-kahlen-asten\/","title":{"rendered":"Ein Abendspaziergang auf dem Kahlen Asten"},"content":{"rendered":"<div class=\"wp-block-image\">\n<figure class=\"aligncenter size-large\"><a href=\"https:\/\/www.schiebener.net\/wordpress\/wp-content\/uploads\/2024\/05\/2024051102KahlerAsten.jpg\" target=\"_blank\" rel=\"noreferrer noopener\"><img loading=\"lazy\" decoding=\"async\" width=\"1024\" height=\"683\" src=\"https:\/\/www.schiebener.net\/wordpress\/wp-content\/uploads\/2024\/05\/2024051102KahlerAsten-1024x683.jpg\" alt=\"Kiefer im Abendlicht auf der Hochheide vor blauem Himmel, sp\u00e4rlich bew\u00f6lkt, im Hintergrund klein der Astenturm.\" class=\"wp-image-58224\" srcset=\"https:\/\/www.schiebener.net\/wordpress\/wp-content\/uploads\/2024\/05\/2024051102KahlerAsten-1024x683.jpg 1024w, https:\/\/www.schiebener.net\/wordpress\/wp-content\/uploads\/2024\/05\/2024051102KahlerAsten-300x200.jpg 300w, https:\/\/www.schiebener.net\/wordpress\/wp-content\/uploads\/2024\/05\/2024051102KahlerAsten-768x512.jpg 768w, https:\/\/www.schiebener.net\/wordpress\/wp-content\/uploads\/2024\/05\/2024051102KahlerAsten-1536x1024.jpg 1536w, https:\/\/www.schiebener.net\/wordpress\/wp-content\/uploads\/2024\/05\/2024051102KahlerAsten-1200x800.jpg 1200w, https:\/\/www.schiebener.net\/wordpress\/wp-content\/uploads\/2024\/05\/2024051102KahlerAsten.jpg 2048w\" sizes=\"auto, (max-width: 709px) 85vw, (max-width: 909px) 67vw, (max-width: 1362px) 62vw, 840px\" \/><\/a><figcaption class=\"wp-element-caption\">Heide, B\u00e4ume, Astenturm (foto: zoom)<\/figcaption><\/figure>\n<\/div>\n\n\n<p><strong>Heute Abend war es auf dem Kahlen Asten windstill und mild. Nur wenige Spazierg\u00e4nger*innen verliefen sich auf der Heidefl\u00e4che.<\/strong><\/p>\n\n\n\n<p>Eine Drohne surrte \u00fcber die Lennequelle.<\/p>\n\n\n\n<p>Mehr war nicht &#8211; entspannend.<\/p>\n","protected":false},"excerpt":{"rendered":"<p>Heute Abend war es auf dem Kahlen Asten windstill und mild. Nur wenige Spazierg\u00e4nger*innen verliefen sich auf der Heidefl\u00e4che. Eine Drohne surrte \u00fcber die Lennequelle. Mehr war nicht &#8211; entspannend.<\/p>\n","protected":false},"author":3,"featured_media":0,"comment_status":"open","ping_status":"open","sticky":false,"template":"","format":"standard","meta":{"footnotes":""},"categories":[174,1732,2489,80,549],"tags":[1058,2938,322],"class_list":["post-58223","post","type-post","status-publish","format-standard","hentry","category-dit-und-dat","category-freizeit","category-in-eigener-sache","category-lokales","category-umwelt","tag-kahler-asten","tag-spaziergang","tag-winterberg"],"_links":{"self":[{"href":"https:\/\/www.schiebener.net\/wordpress\/wp-json\/wp\/v2\/posts\/58223","targetHints":{"allow":["GET"]}}],"collection":[{"href":"https:\/\/www.schiebener.net\/wordpress\/wp-json\/wp\/v2\/posts"}],"about":[{"href":"https:\/\/www.schiebener.net\/wordpress\/wp-json\/wp\/v2\/types\/post"}],"author":[{"embeddable":true,"href":"https:\/\/www.schiebener.net\/wordpress\/wp-json\/wp\/v2\/users\/3"}],"replies":[{"embeddable":true,"href":"https:\/\/www.schiebener.net\/wordpress\/wp-json\/wp\/v2\/comments?post=58223"}],"version-history":[{"count":0,"href":"https:\/\/www.schiebener.net\/wordpress\/wp-json\/wp\/v2\/posts\/58223\/revisions"}],"wp:attachment":[{"href":"https:\/\/www.schiebener.net\/wordpress\/wp-json\/wp\/v2\/media?parent=58223"}],"wp:term":[{"taxonomy":"category","embeddable":true,"href":"https:\/\/www.schiebener.net\/wordpress\/wp-json\/wp\/v2\/categories?post=58223"},{"taxonomy":"post_tag","embeddable":true,"href":"https:\/\/www.schiebener.net\/wordpress\/wp-json\/wp\/v2\/tags?post=58223"}],"curies":[{"name":"wp","href":"https:\/\/api.w.org\/{rel}","templated":true}]}}