{"id":58186,"date":"2024-05-06T12:01:16","date_gmt":"2024-05-06T10:01:16","guid":{"rendered":"https:\/\/www.schiebener.net\/wordpress\/?p=58186"},"modified":"2024-05-06T12:09:50","modified_gmt":"2024-05-06T10:09:50","slug":"sauerlaender-buergerliste-arnsberg-wo-sollen-denn-all-die-autos-waehrend-der-huestener-kirmes-parken","status":"publish","type":"post","link":"https:\/\/www.schiebener.net\/wordpress\/sauerlaender-buergerliste-arnsberg-wo-sollen-denn-all-die-autos-waehrend-der-huestener-kirmes-parken\/","title":{"rendered":"Sauerl\u00e4nder B\u00fcrgerliste Arnsberg: &#8222;Wo sollen denn all die Autos w\u00e4hrend der H\u00fcstener Kirmes parken?&#8220;"},"content":{"rendered":"\n<p><strong>In einem \u00f6ffentlichen Brief an den Arnsberger B\u00fcrgermeister Ralf Paul Bittner fragt Gerd St\u00fcttgen, Ratsmitglied f\u00fcr die Sauerl\u00e4nder B\u00fcrgerliste, wo rund um die H\u00fcstener Kirmes die Autos der Klinikumsbesch\u00e4ftigten parken sollen.<\/strong><br \/><br \/>Durch den Neubau und die Inbetriebnahme des Notfall- und Intensivzentrums am Standort H\u00fcsten des Klinikums Hochsauerland habe, so St\u00fcttgen, auch der Gesundheitsstandort Arnsberg erheblich an Bedeutung gewonnen. <\/p>\n\n\n\n<p>Dabei d\u00fcrfe allerdings nicht vergessen werden, dass die Anwohnerinnen und Anwohner des Klinikums im Ortsteil H\u00fcsten einer erheblich gewachsenen Verkehrsbelastung ausgesetzt seien.<\/p>\n\n\n\n<!--more-->\n\n\n\n<p>Das gelte f\u00fcr den flie\u00dfenden Verkehr genauso wie f\u00fcr den ruhenden Verkehr. Der Parkdruck im Nahbereich des Klinikum-Standortes H\u00fcsten sei in den letzten Monaten in einem au\u00dferordentlichen Ma\u00dfe angestiegen. Aber ein schl\u00fcssiges Verkehrskonzept lasse noch immer auf sich warten.<\/p>\n\n\n\n<p>F\u00fcr eine sp\u00fcrbare Entlastung sorge die bereits geschaffene M\u00f6glichkeit f\u00fcr die Besch\u00e4ftigten des Klinikums, ihre Fahrzeuge w\u00e4hrend ihrer Dienststunden kostenlos auf der Riggenweide parken d\u00fcrfen. <\/p>\n\n\n\n<p>Es d\u00fcrfe dabei aber nicht unber\u00fccksichtigt bleiben, dass jedes Jahr am zweiten Septemberwochenende die gro\u00dfe H\u00fcstener Kirmes mit etwa 300.000 Besucherinnen und Besuchern stattfindet. <a href=\"https:\/\/www.google.com\/url?sa=t&amp;source=web&amp;rct=j&amp;opi=89978449&amp;url=https:\/\/klinikum-hochsauerland.de\/das-klinikum\/standorte\/karolinen-hospital\/neubau&amp;ved=2ahUKEwiu_O_cwpmFAxWYxQIHHZmDB4sQFnoECBkQAQ&amp;usg=AOvVaw2r4THuL4tdIXBxCyo53TM2\">&nbsp;<\/a><\/p>\n\n\n\n<p>Die H\u00fcstener Kirmes dauere zwar nur f\u00fcnf Tage, durch die Vorbereitungen und den Aufbau sowie den anschlie\u00dfenden Abbau st\u00fcnde die Riggenweide dann insgesamt ca. vier Wochen nicht als Parkplatz f\u00fcr die vielen hundert oder mehr Mitarbeiterinnen und Mitarbeiter des Klinikums zur Verf\u00fcgung.<\/p>\n\n\n\n<p>Im Namen der B\u00fcrgerliste stellt Gerd St\u00fcttgen eine Reihe von Fragen an den B\u00fcrgermeister der Stadt Arnsberg:<\/p>\n\n\n\n<p>&#8222;Wir fragen uns deshalb, wo w\u00e4hrend dieser rd. 4 Wochen die Autos der Klinikumsbesch\u00e4ftigten parken sollen? Etwa in den Stra\u00dfen von H\u00fcsten, wo sie dann mit den Kirmesbesuchern und den Anwohnern um die wenigen verf\u00fcgbaren Parkpl\u00e4tze konkurrieren m\u00fcssen? Oder plant das Klinikum etwa die Anmietung von Freifl\u00e4chen in und au\u00dferhalb des Stadtgebiets und bietet dann einen Shuttle-Service f\u00fcr seine Belegschaft zum Karolinen-Hospital an? &nbsp;Ist gar zu bef\u00fcrchten, dass die Stadt eine \u00f6rtliche Verlegung des Kirmesgeschehens plant? Wohin? In die Stra\u00dfen von H\u00fcsten? Quasi als Innenstadtkirmes wie in Soest? Kaum vorstellbar. Oder bekommen die Mitarbeiterinnen und Mitarbeiter des Klinikums in H\u00fcsten vllt. sogar Gratistickets f\u00fcr den \u00d6PNV oder sogar Taxi-Gutscheine? Das w\u00e4re eigentlich eine gute Idee, allerdings fahren morgens vor 6 Uhr oder abends nach 22 Uhr keine oder zumindest nicht mehr genug Busse, um die Mitarbeiterinnen und Mitarbeiter nach Hause zu bringen. H\u00e4tten wir denn ausreichend Taxis in Arnsberg? Ist vllt. sogar der Einsatz von Mitarbeiter-Sonderbussen Bestandteil der verkehrlichen Erw\u00e4gungen?&#8220;<\/p>\n\n\n\n<p><br \/><br \/><\/p>\n","protected":false},"excerpt":{"rendered":"<p>In einem \u00f6ffentlichen Brief an den Arnsberger B\u00fcrgermeister Ralf Paul Bittner fragt Gerd St\u00fcttgen, Ratsmitglied f\u00fcr die Sauerl\u00e4nder B\u00fcrgerliste, wo rund um die H\u00fcstener Kirmes die Autos der Klinikumsbesch\u00e4ftigten parken &hellip; <a href=\"https:\/\/www.schiebener.net\/wordpress\/sauerlaender-buergerliste-arnsberg-wo-sollen-denn-all-die-autos-waehrend-der-huestener-kirmes-parken\/\" class=\"more-link\"><span class=\"screen-reader-text\">\u201eSauerl\u00e4nder B\u00fcrgerliste Arnsberg: &#8222;Wo sollen denn all die Autos w\u00e4hrend der H\u00fcstener Kirmes parken?&#8220;\u201c <\/span>weiterlesen<\/a><\/p>\n","protected":false},"author":3,"featured_media":0,"comment_status":"open","ping_status":"open","sticky":false,"template":"","format":"standard","meta":{"footnotes":""},"categories":[7088,303,80,1043,618],"tags":[4537,6133,1740],"class_list":["post-58186","post","type-post","status-publish","format-standard","hentry","category-gesundheit","category-in-unserem-briefkasten","category-lokales","category-pressemitteilungen","category-verkehr","tag-kirmes-neheim-huesten","tag-klinikum-arnsberg","tag-parkplatze"],"_links":{"self":[{"href":"https:\/\/www.schiebener.net\/wordpress\/wp-json\/wp\/v2\/posts\/58186","targetHints":{"allow":["GET"]}}],"collection":[{"href":"https:\/\/www.schiebener.net\/wordpress\/wp-json\/wp\/v2\/posts"}],"about":[{"href":"https:\/\/www.schiebener.net\/wordpress\/wp-json\/wp\/v2\/types\/post"}],"author":[{"embeddable":true,"href":"https:\/\/www.schiebener.net\/wordpress\/wp-json\/wp\/v2\/users\/3"}],"replies":[{"embeddable":true,"href":"https:\/\/www.schiebener.net\/wordpress\/wp-json\/wp\/v2\/comments?post=58186"}],"version-history":[{"count":0,"href":"https:\/\/www.schiebener.net\/wordpress\/wp-json\/wp\/v2\/posts\/58186\/revisions"}],"wp:attachment":[{"href":"https:\/\/www.schiebener.net\/wordpress\/wp-json\/wp\/v2\/media?parent=58186"}],"wp:term":[{"taxonomy":"category","embeddable":true,"href":"https:\/\/www.schiebener.net\/wordpress\/wp-json\/wp\/v2\/categories?post=58186"},{"taxonomy":"post_tag","embeddable":true,"href":"https:\/\/www.schiebener.net\/wordpress\/wp-json\/wp\/v2\/tags?post=58186"}],"curies":[{"name":"wp","href":"https:\/\/api.w.org\/{rel}","templated":true}]}}