{"id":57891,"date":"2024-04-09T20:12:34","date_gmt":"2024-04-09T18:12:34","guid":{"rendered":"https:\/\/www.schiebener.net\/wordpress\/?p=57891"},"modified":"2024-04-14T21:42:10","modified_gmt":"2024-04-14T19:42:10","slug":"gibt-es-den-ersten-buergerentscheid-im-hsk","status":"publish","type":"post","link":"https:\/\/www.schiebener.net\/wordpress\/gibt-es-den-ersten-buergerentscheid-im-hsk\/","title":{"rendered":"Gibt es den ersten B\u00fcrgerentscheid im HSK?"},"content":{"rendered":"<div class=\"wp-block-image\">\n<figure class=\"aligncenter size-full\"><img loading=\"lazy\" decoding=\"async\" width=\"560\" height=\"439\" src=\"https:\/\/www.schiebener.net\/wordpress\/wp-content\/uploads\/2024\/03\/2024031601Nationalpark_Kulisse.jpg\" alt=\"\" class=\"wp-image-57697\" srcset=\"https:\/\/www.schiebener.net\/wordpress\/wp-content\/uploads\/2024\/03\/2024031601Nationalpark_Kulisse.jpg 560w, https:\/\/www.schiebener.net\/wordpress\/wp-content\/uploads\/2024\/03\/2024031601Nationalpark_Kulisse-300x235.jpg 300w\" sizes=\"auto, (max-width: 560px) 85vw, 560px\" \/><figcaption class=\"wp-element-caption\">(<em>Bildquelle: BUND HSK)<\/em><\/figcaption><\/figure>\n<\/div>\n\n\n<p><strong>In den Endspurt geht das B\u00fcrgerbegehren \u201eJA im HSK zum Nationalpark Arnsberger Wald\u201c. Am Montagabend (15. April) werden die gesammelten Unterschriften im Kreishaus in Meschede an den Landrat \u00fcbergeben.<\/strong><\/p>\n\n\n\n<!--more-->\n\n\n\n<p><em>(Pressemitteilung) <\/em><\/p>\n\n\n\n<p>Unterst\u00fctzen kann man das B\u00fcrgerbegehren z.B. in den 42 Sammelstellen im Kreisgebiet, mindestens bis einschlie\u00dflich Samstag. Eine aktuelle Liste der Sammelstellen findet sich hier:&nbsp;<a href=\"http:\/\/sbl-fraktion.de\/?p=11376\">http:\/\/sbl-fraktion.de\/?p=11376<\/a><\/p>\n\n\n\n<p>Au\u00dferdem gibt es am Samstag auf am Markt in Neheim (8:30 bis 14 Uhr) und am Markt in Brilon (8 bis 13 Uhr) Informationsst\u00e4nde, an denen ebenfalls Unterschriftslisten ausliegen. An allen diesen Stellen lassen sich auch bereits ausgef\u00fcllte Unterschriftslisten abgeben.<\/p>\n\n\n\n<p>Die allerletzte Chance zum Unterschreiben und zur Abgabe von Unterschriftslisten besteht noch am Montag (15. April) von 19:00 bis 21:00 Uhr am Kreishaus in Meschede. Dort h\u00e4ngt dann am Haupteingang eine Telefonnummer, die man anrufen kann, und es kommt jemand heraus.<\/p>\n\n\n\n<p>Bis zur \u00dcbergabe an den Landrat wird flei\u00dfig weiter gesammelt. Mitmachen d\u00fcrfen alle ab 16 Jahren, die im HSK wahlberechtigt f\u00fcr Kommunalwahlen sind. Falls die erforderliche Zahl von 8.614 Unterschriften zusammen kommt, w\u00fcrde anschlie\u00dfend erstmals im HSK ein B\u00fcrgerentscheid stattfinden. Dann k\u00f6nnen die B\u00fcrgerinnen und B\u00fcrger selbst dar\u00fcber abstimmen, ob ein Teil des Arnsberger Waldes (und zwar ausschlie\u00dflich Staatsforst, kein Privatwald) zum Nationalpark weiterentwickelt wird. Damit w\u00fcrde der Koalitionsvertrag der NRW-Landesregierung umgesetzt. Er sieht vor, dass neben dem Nationalpark Eifel ein weiterer Nationalpark im Land eingerichtet wird. In der Eifel wurde gerade da 20j\u00e4hrige Jubil\u00e4um gefeiert: Der dortige&nbsp;&nbsp;Nationalpark hat sich als gro\u00dfer Erfolg f\u00fcr die Natur und den Tourismus erwiesen.<\/p>\n\n\n\n<p>Parallel zum B\u00fcrgerbegehren gibt es auch digitale Petitionen f\u00fcr den Nationalpark Arnsberger Wald. F\u00fcr das B\u00fcrgerbegehren z\u00e4hlen aber nur pers\u00f6nlich geleistete Unterschriften.<\/p>\n","protected":false},"excerpt":{"rendered":"<p>In den Endspurt geht das B\u00fcrgerbegehren \u201eJA im HSK zum Nationalpark Arnsberger Wald\u201c. Am Montagabend (15. April) werden die gesammelten Unterschriften im Kreishaus in Meschede an den Landrat \u00fcbergeben.<\/p>\n","protected":false},"author":17,"featured_media":0,"comment_status":"open","ping_status":"open","sticky":false,"template":"","format":"standard","meta":{"footnotes":""},"categories":[8406,80,24,549],"tags":[8069,6509,494,9174,3748],"class_list":["post-57891","post","type-post","status-publish","format-standard","hentry","category-klimakrise","category-lokales","category-politik","category-umwelt","tag-arnsberger-wald","tag-buergerbegehren","tag-kreistag-meschede","tag-nationalpark","tag-unterschriftenliste"],"_links":{"self":[{"href":"https:\/\/www.schiebener.net\/wordpress\/wp-json\/wp\/v2\/posts\/57891","targetHints":{"allow":["GET"]}}],"collection":[{"href":"https:\/\/www.schiebener.net\/wordpress\/wp-json\/wp\/v2\/posts"}],"about":[{"href":"https:\/\/www.schiebener.net\/wordpress\/wp-json\/wp\/v2\/types\/post"}],"author":[{"embeddable":true,"href":"https:\/\/www.schiebener.net\/wordpress\/wp-json\/wp\/v2\/users\/17"}],"replies":[{"embeddable":true,"href":"https:\/\/www.schiebener.net\/wordpress\/wp-json\/wp\/v2\/comments?post=57891"}],"version-history":[{"count":0,"href":"https:\/\/www.schiebener.net\/wordpress\/wp-json\/wp\/v2\/posts\/57891\/revisions"}],"wp:attachment":[{"href":"https:\/\/www.schiebener.net\/wordpress\/wp-json\/wp\/v2\/media?parent=57891"}],"wp:term":[{"taxonomy":"category","embeddable":true,"href":"https:\/\/www.schiebener.net\/wordpress\/wp-json\/wp\/v2\/categories?post=57891"},{"taxonomy":"post_tag","embeddable":true,"href":"https:\/\/www.schiebener.net\/wordpress\/wp-json\/wp\/v2\/tags?post=57891"}],"curies":[{"name":"wp","href":"https:\/\/api.w.org\/{rel}","templated":true}]}}