{"id":57776,"date":"2024-03-27T09:39:14","date_gmt":"2024-03-27T08:39:14","guid":{"rendered":"https:\/\/www.schiebener.net\/wordpress\/?p=57776"},"modified":"2024-03-27T09:39:14","modified_gmt":"2024-03-27T08:39:14","slug":"18-20-22-irgendwie-mag-ich-diese-hochhaeuser","status":"publish","type":"post","link":"https:\/\/www.schiebener.net\/wordpress\/18-20-22-irgendwie-mag-ich-diese-hochhaeuser\/","title":{"rendered":"18, 20, 22 &#8230; irgendwie mag ich diese Hochh\u00e4user"},"content":{"rendered":"<div class=\"wp-block-image\">\n<figure class=\"aligncenter size-large\"><a href=\"https:\/\/www.schiebener.net\/wordpress\/wp-content\/uploads\/2024\/03\/2024032501Femahrn.jpg\" target=\"_blank\" rel=\"noreferrer noopener\"><img loading=\"lazy\" decoding=\"async\" width=\"1024\" height=\"683\" src=\"https:\/\/www.schiebener.net\/wordpress\/wp-content\/uploads\/2024\/03\/2024032501Femahrn-1024x683.jpg\" alt=\"\" class=\"wp-image-57777\" srcset=\"https:\/\/www.schiebener.net\/wordpress\/wp-content\/uploads\/2024\/03\/2024032501Femahrn-1024x683.jpg 1024w, https:\/\/www.schiebener.net\/wordpress\/wp-content\/uploads\/2024\/03\/2024032501Femahrn-300x200.jpg 300w, https:\/\/www.schiebener.net\/wordpress\/wp-content\/uploads\/2024\/03\/2024032501Femahrn-768x512.jpg 768w, https:\/\/www.schiebener.net\/wordpress\/wp-content\/uploads\/2024\/03\/2024032501Femahrn-1536x1024.jpg 1536w, https:\/\/www.schiebener.net\/wordpress\/wp-content\/uploads\/2024\/03\/2024032501Femahrn-1200x800.jpg 1200w, https:\/\/www.schiebener.net\/wordpress\/wp-content\/uploads\/2024\/03\/2024032501Femahrn.jpg 2048w\" sizes=\"auto, (max-width: 709px) 85vw, (max-width: 909px) 67vw, (max-width: 1362px) 62vw, 840px\" \/><\/a><figcaption class=\"wp-element-caption\">Die drei IFA-Hochh\u00e4user am Strand von Burgtiefe. (foto: zoom)<\/figcaption><\/figure>\n<\/div>\n\n\n<p><strong>Ich habe einen gro\u00dfen Teil meiner Kindheit und Jugend in einem von drei Hochh\u00e4usern, der Hausnummer 18,  mit einem weiten Blick \u00fcber das Ruhrgebiet gewohnt und gelebt. Meine Erinnerungen sind unter dem Strich positiv: die soziale Gemeinschaft, die gr\u00fcnen Wiesen, das entspannte Radfahren. Das Stadtzentrum war nah, der Rhein ebenfalls. Zur Schule sind wir zu Fu\u00df oder mit dem Fahrrad gelangt. <\/strong><\/p>\n\n\n\n<p>Und so habe ich beim ersten Anblick spontan und unvermittelt einen Narren an den sogenannten IFA-Hochh\u00e4usern gefressen.<\/p>\n\n\n\n<!--more-->\n\n\n\n<p>&#8222;Das Ostseeheilbad Burgtiefe am S\u00fcdstrand der Insel Fehmarn ist 1965-73 nach Entw\u00fcrfen von Arne Jacobsen und Otto Weitling errichtet worden. Die Anlage besteht im Kern aus drei Hotelt\u00fcrmen auf Y-f\u00f6rmigem Grundriss. Im durchgehenden Sockelgeschoss sind Gemeinschaftseinrichtungen untergebracht.&#8220;<br \/><br \/><a href=\"https:\/\/www.architektur-bildarchiv.de\/image\/Ostseebad-Burgtiefe-%28IFA-Hochh%C3%A4user%29-Fehmarn-82352.html\" target=\"_blank\" rel=\"noreferrer noopener\">https:\/\/www.architektur-bildarchiv.de\/image\/Ostseebad-Burgtiefe-%28IFA-Hochh%C3%A4user%29-Fehmarn-82352.html<\/a><\/p>\n\n\n<div class=\"wp-block-image\">\n<figure class=\"aligncenter size-large\"><a href=\"https:\/\/www.schiebener.net\/wordpress\/wp-content\/uploads\/2024\/03\/2024032502Femahrn.jpg\" target=\"_blank\" rel=\"noreferrer noopener\"><img loading=\"lazy\" decoding=\"async\" width=\"1024\" height=\"676\" src=\"https:\/\/www.schiebener.net\/wordpress\/wp-content\/uploads\/2024\/03\/2024032502Femahrn-1024x676.jpg\" alt=\"\" class=\"wp-image-57778\" srcset=\"https:\/\/www.schiebener.net\/wordpress\/wp-content\/uploads\/2024\/03\/2024032502Femahrn-1024x676.jpg 1024w, https:\/\/www.schiebener.net\/wordpress\/wp-content\/uploads\/2024\/03\/2024032502Femahrn-300x198.jpg 300w, https:\/\/www.schiebener.net\/wordpress\/wp-content\/uploads\/2024\/03\/2024032502Femahrn-768x507.jpg 768w, https:\/\/www.schiebener.net\/wordpress\/wp-content\/uploads\/2024\/03\/2024032502Femahrn-1536x1014.jpg 1536w, https:\/\/www.schiebener.net\/wordpress\/wp-content\/uploads\/2024\/03\/2024032502Femahrn-1200x792.jpg 1200w, https:\/\/www.schiebener.net\/wordpress\/wp-content\/uploads\/2024\/03\/2024032502Femahrn.jpg 2048w\" sizes=\"auto, (max-width: 709px) 85vw, (max-width: 909px) 67vw, (max-width: 1362px) 62vw, 840px\" \/><\/a><figcaption class=\"wp-element-caption\">Die Hochh\u00e4user durch die gl\u00e4serne Deckedes &#8222;Vitariums&#8220; betrachtet. (foto: zoom)<\/figcaption><\/figure>\n<\/div>\n\n\n<p>Der Bau der Anlage geht auf den Entwurf eines der bedeutendsten Architekten des 20. Jahrhunderts zur\u00fcck und umfasst weit mehr als die drei 17-st\u00f6ckigen Hochh\u00e4user.<\/p>\n\n\n\n<p>Das Gesamt-Ensemble steht seit 2004 unter Denkmalschutz. Das alles und noch viel mehr k\u00f6nnt ihr hier detailiert nachlesen: <\/p>\n\n\n\n<p><a href=\"https:\/\/www.urlaubsarchitektur.de\/de\/50-jahre-burgtiefe-auf-fehmarn\/\" target=\"_blank\" rel=\"noreferrer noopener\">https:\/\/www.urlaubsarchitektur.de\/de\/50-jahre-burgtiefe-auf-fehmarn\/<\/a><\/p>\n\n\n\n<p>Die Lekt\u00fcre lohnt sich. <\/p>\n","protected":false},"excerpt":{"rendered":"<p>Ich habe einen gro\u00dfen Teil meiner Kindheit und Jugend in einem von drei Hochh\u00e4usern, der Hausnummer 18, mit einem weiten Blick \u00fcber das Ruhrgebiet gewohnt und gelebt. Meine Erinnerungen sind &hellip; <a href=\"https:\/\/www.schiebener.net\/wordpress\/18-20-22-irgendwie-mag-ich-diese-hochhaeuser\/\" class=\"more-link\"><span class=\"screen-reader-text\">\u201e18, 20, 22 &#8230; irgendwie mag ich diese Hochh\u00e4user\u201c <\/span>weiterlesen<\/a><\/p>\n","protected":false},"author":3,"featured_media":0,"comment_status":"open","ping_status":"open","sticky":false,"template":"","format":"standard","meta":{"footnotes":""},"categories":[319,674,854,2729],"tags":[3360,9207],"class_list":["post-57776","post","type-post","status-publish","format-standard","hentry","category-geschichte","category-kultur","category-kunst","category-reisen","tag-architektur","tag-fehmarn"],"_links":{"self":[{"href":"https:\/\/www.schiebener.net\/wordpress\/wp-json\/wp\/v2\/posts\/57776","targetHints":{"allow":["GET"]}}],"collection":[{"href":"https:\/\/www.schiebener.net\/wordpress\/wp-json\/wp\/v2\/posts"}],"about":[{"href":"https:\/\/www.schiebener.net\/wordpress\/wp-json\/wp\/v2\/types\/post"}],"author":[{"embeddable":true,"href":"https:\/\/www.schiebener.net\/wordpress\/wp-json\/wp\/v2\/users\/3"}],"replies":[{"embeddable":true,"href":"https:\/\/www.schiebener.net\/wordpress\/wp-json\/wp\/v2\/comments?post=57776"}],"version-history":[{"count":0,"href":"https:\/\/www.schiebener.net\/wordpress\/wp-json\/wp\/v2\/posts\/57776\/revisions"}],"wp:attachment":[{"href":"https:\/\/www.schiebener.net\/wordpress\/wp-json\/wp\/v2\/media?parent=57776"}],"wp:term":[{"taxonomy":"category","embeddable":true,"href":"https:\/\/www.schiebener.net\/wordpress\/wp-json\/wp\/v2\/categories?post=57776"},{"taxonomy":"post_tag","embeddable":true,"href":"https:\/\/www.schiebener.net\/wordpress\/wp-json\/wp\/v2\/tags?post=57776"}],"curies":[{"name":"wp","href":"https:\/\/api.w.org\/{rel}","templated":true}]}}