{"id":57753,"date":"2024-03-21T20:31:08","date_gmt":"2024-03-21T19:31:08","guid":{"rendered":"https:\/\/www.schiebener.net\/wordpress\/?p=57753"},"modified":"2024-03-21T20:31:08","modified_gmt":"2024-03-21T19:31:08","slug":"grobschnitt-konzert-nachholtermin-am-12-10-2024","status":"publish","type":"post","link":"https:\/\/www.schiebener.net\/wordpress\/grobschnitt-konzert-nachholtermin-am-12-10-2024\/","title":{"rendered":"GROBSCHNITT Konzert \u2013 Nachholtermin am 12.10.2024"},"content":{"rendered":"<div class=\"wp-block-image\">\n<figure class=\"aligncenter size-full\"><a href=\"https:\/\/www.schiebener.net\/wordpress\/wp-content\/uploads\/2024\/02\/Grobschnitt-heuteKlein.jpg\" target=\"_blank\" rel=\"noreferrer noopener\"><img loading=\"lazy\" decoding=\"async\" width=\"1024\" height=\"683\" src=\"https:\/\/www.schiebener.net\/wordpress\/wp-content\/uploads\/2024\/02\/Grobschnitt-heuteKlein.jpg\" alt=\"\" class=\"wp-image-57559\" srcset=\"https:\/\/www.schiebener.net\/wordpress\/wp-content\/uploads\/2024\/02\/Grobschnitt-heuteKlein.jpg 1024w, https:\/\/www.schiebener.net\/wordpress\/wp-content\/uploads\/2024\/02\/Grobschnitt-heuteKlein-300x200.jpg 300w, https:\/\/www.schiebener.net\/wordpress\/wp-content\/uploads\/2024\/02\/Grobschnitt-heuteKlein-768x512.jpg 768w\" sizes=\"auto, (max-width: 709px) 85vw, (max-width: 909px) 67vw, (max-width: 1362px) 62vw, 840px\" \/><\/a><figcaption class=\"wp-element-caption\">Grobschnitt heute (foto: wkm)<\/figcaption><\/figure>\n<\/div>\n\n\n<p><strong>Welch ein Schock! Das GROBSCHNITT Acoustic Konzert am 09.03.24 wurde kurzfristig wegen einer Erkrankung des Solo-Gitarristen Lupo abgesagt. Leider konnte aufgrund des pl\u00f6tzlichen Ausfalls am Abend vorher die Presse nicht mehr informiert werden. <\/strong><\/p>\n\n\n\n<!--more-->\n\n\n\n<p>So kam es, wie es kommen musste: Ausw\u00e4rtige Fans u. a. aus Hamburg, Osnabr\u00fcck und Nordhessen wurden durch einige Vertreter des Veranstalter Werkkreis Kultur Meschede an der verschlossenen T\u00fcr der Stadthalle pers\u00f6nlich empfangen und informiert. Es gab lange Gesichter und doch viel Verst\u00e4ndnis. Die meisten nahmen es mit Humor und zogen mit ihren Grobschnitt-Fan T-Shirts durch die Mescheder Kneipen. Auch viele ehemalige Mescheder waren extra f\u00fcr dieses Konzert in ihre alte Heimatstadt zur\u00fcckgekehrt. Jetzt musste m\u00f6glichst noch in diesem Jahr ein Nachholkonzert Termin gefunden werden.<\/p>\n\n\n\n<p>Dies ist nun gelungen!<\/p>\n\n\n\n<p>Neuer Termin: <strong>Samstag, 12.10.2024, 19:30 Uhr Stadthalle Meschede<\/strong><\/p>\n\n\n\n<p>Alle bereits gekauften Karten behalten ihre G\u00fcltigkeit. Wer aber trotzdem aus terminlichen Gr\u00fcnden die Karten umtauschen m\u00f6chte, kann an seiner Vorverkaufsstelle einreichen, oder online \u00fcber <a href=\"http:\/\/www.eventim.de\" data-type=\"link\" data-id=\"www.eventim.de\" target=\"_blank\" rel=\"noreferrer noopener\">www.eventim.de<\/a><\/p>\n\n\n\n<p>Lupo hat aber noch eine Gru\u00dfbotschaft an ihre Fans mitgeteilt: \u201eHallo Leute, sorry, dass es einige Tage gedauert hat, bis wir einen neuen Termin f\u00fcr das am 09.03.24 ausgefallene Konzert gefunden haben. Bitte seid so lieb und behaltet nach M\u00f6glichkeit Eure Tickets, die ihre G\u00fcltigkeit behalten. Der Werkkreis Kultur Meschede als Veranstalter hat sich so viel M\u00fche und Arbeit gemacht, um das Grobschnitt Konzert zu erm\u00f6glichen. Der Online-Vorverkauf f\u00fcr Meschede ist bei eventim wieder eingerichtet. DANKE f\u00fcr Euer Verst\u00e4ndnis und bleibt alle gesund.\u201c Gr\u00fc\u00dfe Lupo, Nuki und Willi<\/p>\n\n\n\n<p>Deshalb lasst uns alle gemeinsam das Jubil\u00e4umskonzert zum 45 j\u00e4hrigen des WKM nachfeiern. Tickets gibt es wieder zum Preis ab 35 \u20ac inklusive aller Geb\u00fchren unter <a href=\"http:\/\/www.eventim.de\/\" target=\"_blank\" rel=\"noreferrer noopener\">www.eventim.de<\/a> oder in allen ADAC-Gesch\u00e4ftsstellen, so auch in Meschede. In Brilon und Olsberg bieten die Touristikzentralen Karten an. An der Abendkasse kosten die Karten f\u00fcr 40 \u20ac.<\/p>\n\n\n\n<p>WKM &amp; GROBSCHNITT &#8211; Eine lange Freundschaft wird gefeiert!<\/p>\n\n\n\n<p>Die GROBSCHNITT Acoustic Party muss weitergehen \u2026<\/p>\n\n\n\n<p>Weitere Infos unter: <a href=\"http:\/\/www.meschede.de\/wkm\" target=\"_blank\" rel=\"noreferrer noopener\">www.meschede.de\/wkm<\/a><\/p>\n","protected":false},"excerpt":{"rendered":"<p>Welch ein Schock! Das GROBSCHNITT Acoustic Konzert am 09.03.24 wurde kurzfristig wegen einer Erkrankung des Solo-Gitarristen Lupo abgesagt. Leider konnte aufgrund des pl\u00f6tzlichen Ausfalls am Abend vorher die Presse nicht &hellip; <a href=\"https:\/\/www.schiebener.net\/wordpress\/grobschnitt-konzert-nachholtermin-am-12-10-2024\/\" class=\"more-link\"><span class=\"screen-reader-text\">\u201eGROBSCHNITT Konzert \u2013 Nachholtermin am 12.10.2024\u201c <\/span>weiterlesen<\/a><\/p>\n","protected":false},"author":17,"featured_media":0,"comment_status":"open","ping_status":"open","sticky":false,"template":"","format":"standard","meta":{"footnotes":""},"categories":[303,674,80,27,1043],"tags":[555,7012],"class_list":["post-57753","post","type-post","status-publish","format-standard","hentry","category-in-unserem-briefkasten","category-kultur","category-lokales","category-musik","category-pressemitteilungen","tag-grobschnitt","tag-werkkreis-kultur-meschede"],"_links":{"self":[{"href":"https:\/\/www.schiebener.net\/wordpress\/wp-json\/wp\/v2\/posts\/57753","targetHints":{"allow":["GET"]}}],"collection":[{"href":"https:\/\/www.schiebener.net\/wordpress\/wp-json\/wp\/v2\/posts"}],"about":[{"href":"https:\/\/www.schiebener.net\/wordpress\/wp-json\/wp\/v2\/types\/post"}],"author":[{"embeddable":true,"href":"https:\/\/www.schiebener.net\/wordpress\/wp-json\/wp\/v2\/users\/17"}],"replies":[{"embeddable":true,"href":"https:\/\/www.schiebener.net\/wordpress\/wp-json\/wp\/v2\/comments?post=57753"}],"version-history":[{"count":0,"href":"https:\/\/www.schiebener.net\/wordpress\/wp-json\/wp\/v2\/posts\/57753\/revisions"}],"wp:attachment":[{"href":"https:\/\/www.schiebener.net\/wordpress\/wp-json\/wp\/v2\/media?parent=57753"}],"wp:term":[{"taxonomy":"category","embeddable":true,"href":"https:\/\/www.schiebener.net\/wordpress\/wp-json\/wp\/v2\/categories?post=57753"},{"taxonomy":"post_tag","embeddable":true,"href":"https:\/\/www.schiebener.net\/wordpress\/wp-json\/wp\/v2\/tags?post=57753"}],"curies":[{"name":"wp","href":"https:\/\/api.w.org\/{rel}","templated":true}]}}