{"id":5770,"date":"2009-11-28T21:03:13","date_gmt":"2009-11-28T20:03:13","guid":{"rendered":"http:\/\/www.schiebener.net\/wordpress\/?p=5770"},"modified":"2009-11-29T15:39:25","modified_gmt":"2009-11-29T14:39:25","slug":"thuringen-protest-gegen-lochthofen-abberufung","status":"publish","type":"post","link":"https:\/\/www.schiebener.net\/wordpress\/thuringen-protest-gegen-lochthofen-abberufung\/","title":{"rendered":"Th\u00fcringen: Protest gegen Lochthofen Abberufung"},"content":{"rendered":"<div id=\"absatznr1\" class=\"absatz\">\n<p><strong>Die Mitarbeiter der &#8222;Th\u00fcringer Allgemeinen&#8220;-Zeitung haben gegen die Abberufung von Chefredakteur Sergej Lochthofen protestiert. <\/strong><\/div>\n<p><!-- Ende Absatz --><\/p>\n<div id=\"absatznr2\" class=\"absatz\">\n<p>Der Mitteldeutsche Rundfunk berichtet:<\/p>\n<p>&#8222;Auf einer Mitarbeiterversammlung auf der Erfurter Messe haben rund einhundert Redakteure einstimmig eine Erkl\u00e4rung verabschiedet, in der die Gesch\u00e4ftsleitung zur R\u00fccknahme der Abberufung von Lochthofen aufgefordert wird. Im dem Papier hei\u00dft es, dass die Abberufung kein Schritt im Interesse des Verlages und seiner Gesellschafter, sondern eine Ma\u00dfnahme zu deren Schaden sei. Die Abberufung sei &#8222;in ihrer Form, in ihrer inhaltlichen Zielrichtung und in ihrer erkennbaren pers\u00f6nlichen Motivation durch Gesch\u00e4ftsf\u00fchrer Klaus Schrotthofer ein schwerer Eingriff in die journalistische Unabh\u00e4ngigkeit der Redaktion&#8220;.<\/p><\/div>\n<p><!-- Ende Absatz --><a name=\"absatz3\"><\/a> Die Mitarbeiter sehen im Vorgehen gegen den Chefredakteur einen Versto\u00df gegen das Redaktionsstatut der Zeitung, welches auch von der WAZ-Gruppe anerkannt worden sei. Demnach sei eine Zweidrittelmehrheit der Belegschaft n\u00f6tig, um den Chefredakteur abzuw\u00e4hlen&#8230; &#8220; <a href=\"http:\/\/www.mdr.de\/thueringen\/mitte-west-thueringen\/6895812.html\" target=\"_blank\">Alles lesen <\/a><\/p>\n<p><strong>Update I:<\/strong> Diskussionen in der <a href=\"http:\/\/www.thueringerblogzentrale.de\/2009\/11\/27\/ostdeutscher-chefredakteur-der-thuringer-allgemeinen-sergej-lochthofen-durch-westdeutschen-ersetzt\/\" target=\"_blank\">Th\u00fcringer Blogzentrale<\/a>. Auf diesen Link bin ich durch einen <a href=\"http:\/\/www.pottblog.de\/2009\/11\/29\/demissionierung-von-lochthofen-unrechtmaessig-juergen-ruettgers-veroeffentlicht-mal-wieder-bei-der-waz-mediengruppe\/\" target=\"_blank\">Hinweis im pottblog<\/a> gesto\u00dfen. Dazu die <a href=\"http:\/\/www.taz.de\/1\/leben\/medien\/artikel\/1\/der-oberste-geschmacksbestimmer\/\" target=\"_blank\">taz vom 31. Juli \u00fcber den &#8222;obersten Geschmacksbestimmer&#8220; <\/a>Lochthofen und gestern als <a href=\"http:\/\/www.taz.de\/1\/archiv\/print-archiv\/printressorts\/digi-artikel\/?ressort=a2&amp;dig=2009\/11\/28\/a0226&amp;cHash=f47e950b62\" target=\"_blank\">das gefeuerte Markenzeichen<\/a>.<\/p>\n<p><strong>Update II:<\/strong> Die Medienlawine scheint ins Rollen zu kommen. Ich m\u00f6chte trotzdem auf einen Einwurf hinweisen, den ich im pottblog gemacht hatte. Den Widerspruch habe ich noch nicht aufgel\u00f6st. Ich zitiere einfach selbst-referentiell:<\/p>\n<blockquote><p><a href=\"http:\/\/www.pottblog.de\/2009\/11\/26\/waz-mediengruppe-schasst-chefredakteur-und-seine-frau-derwesten-unterstuezt-das-politcamp-10-waz-gibts-neues\/#comment-210748\" target=\"_blank\">Eine Anmerkung:<\/a><br \/>\n\u00e2\u20ac\u0153Sippenhaft\u00e2\u20ac\u009d ist die eine Seite, aber ich misstraue auch grunds\u00e4tzlich erst einmal Ehepaaren an der Spitze von Organisationen, Betrieben, Vereinen usw. Das hat ein Geschm\u00e4ck\u00e2\u20ac\u2122le und muss daher genauer ausgeleuchtet werden.<\/p><\/blockquote>\n","protected":false},"excerpt":{"rendered":"<p>Die Mitarbeiter der &#8222;Th\u00fcringer Allgemeinen&#8220;-Zeitung haben gegen die Abberufung von Chefredakteur Sergej Lochthofen protestiert. Der Mitteldeutsche Rundfunk berichtet: &#8222;Auf einer Mitarbeiterversammlung auf der Erfurter Messe haben rund einhundert Redakteure einstimmig &hellip; <a href=\"https:\/\/www.schiebener.net\/wordpress\/thuringen-protest-gegen-lochthofen-abberufung\/\" class=\"more-link\"><span class=\"screen-reader-text\">\u201eTh\u00fcringen: Protest gegen Lochthofen Abberufung\u201c <\/span>weiterlesen<\/a><\/p>\n","protected":false},"author":3,"featured_media":0,"comment_status":"open","ping_status":"open","sticky":false,"template":"","format":"standard","meta":{"footnotes":""},"categories":[32,24],"tags":[1047,1045,394],"class_list":["post-5770","post","type-post","status-publish","format-standard","hentry","category-medien","category-politik","tag-sergej-lochthofen","tag-thuringer-allgemeine","tag-waz-kahlschlag"],"_links":{"self":[{"href":"https:\/\/www.schiebener.net\/wordpress\/wp-json\/wp\/v2\/posts\/5770","targetHints":{"allow":["GET"]}}],"collection":[{"href":"https:\/\/www.schiebener.net\/wordpress\/wp-json\/wp\/v2\/posts"}],"about":[{"href":"https:\/\/www.schiebener.net\/wordpress\/wp-json\/wp\/v2\/types\/post"}],"author":[{"embeddable":true,"href":"https:\/\/www.schiebener.net\/wordpress\/wp-json\/wp\/v2\/users\/3"}],"replies":[{"embeddable":true,"href":"https:\/\/www.schiebener.net\/wordpress\/wp-json\/wp\/v2\/comments?post=5770"}],"version-history":[{"count":0,"href":"https:\/\/www.schiebener.net\/wordpress\/wp-json\/wp\/v2\/posts\/5770\/revisions"}],"wp:attachment":[{"href":"https:\/\/www.schiebener.net\/wordpress\/wp-json\/wp\/v2\/media?parent=5770"}],"wp:term":[{"taxonomy":"category","embeddable":true,"href":"https:\/\/www.schiebener.net\/wordpress\/wp-json\/wp\/v2\/categories?post=5770"},{"taxonomy":"post_tag","embeddable":true,"href":"https:\/\/www.schiebener.net\/wordpress\/wp-json\/wp\/v2\/tags?post=5770"}],"curies":[{"name":"wp","href":"https:\/\/api.w.org\/{rel}","templated":true}]}}