{"id":57685,"date":"2024-03-16T00:01:34","date_gmt":"2024-03-15T23:01:34","guid":{"rendered":"https:\/\/www.schiebener.net\/wordpress\/?p=57685"},"modified":"2024-03-18T13:43:30","modified_gmt":"2024-03-18T12:43:30","slug":"sozialwerk-st-georg-wir-arbeiten-nicht-mit-nazis","status":"publish","type":"post","link":"https:\/\/www.schiebener.net\/wordpress\/sozialwerk-st-georg-wir-arbeiten-nicht-mit-nazis\/","title":{"rendered":"Sozialwerk St. Georg: Wir arbeiten nicht mit Nazis!"},"content":{"rendered":"<div class=\"wp-block-image\">\n<figure class=\"aligncenter size-large\"><img loading=\"lazy\" decoding=\"async\" width=\"748\" height=\"1024\" src=\"https:\/\/www.schiebener.net\/wordpress\/wp-content\/uploads\/2021\/07\/20210707KasselGegenRechts-748x1024.jpg\" alt=\"\" class=\"wp-image-49327\" srcset=\"https:\/\/www.schiebener.net\/wordpress\/wp-content\/uploads\/2021\/07\/20210707KasselGegenRechts-748x1024.jpg 748w, https:\/\/www.schiebener.net\/wordpress\/wp-content\/uploads\/2021\/07\/20210707KasselGegenRechts-219x300.jpg 219w, https:\/\/www.schiebener.net\/wordpress\/wp-content\/uploads\/2021\/07\/20210707KasselGegenRechts-768x1051.jpg 768w, https:\/\/www.schiebener.net\/wordpress\/wp-content\/uploads\/2021\/07\/20210707KasselGegenRechts-1122x1536.jpg 1122w, https:\/\/www.schiebener.net\/wordpress\/wp-content\/uploads\/2021\/07\/20210707KasselGegenRechts.jpg 1496w\" sizes=\"auto, (max-width: 709px) 85vw, (max-width: 909px) 67vw, (max-width: 984px) 61vw, (max-width: 1362px) 45vw, 600px\" \/><figcaption class=\"wp-element-caption\">Symbolbild: Aufforderung an einem Gesch\u00e4ft (archivfoto: zoom)<\/figcaption><\/figure>\n<\/div>\n\n\n<p><strong>Das Sozialwerk St. Georg e. V. ist ein dezentral aufgestelltes soziales Dienstleistungsunternehmen mit Sitz in Gelsenkirchen. Die als Verein organisierte Organisation betreibt rund 150 Standorte in Nordrhein-Westfalen. Zum Sozialwerk geh\u00f6ren ca. 4.700 Menschen, die von rund 2.500 Mitarbeitenden unterst\u00fctzt werden.<\/strong><\/p>\n\n\n\n<!--more-->\n\n\n\n<p>Auch <a href=\"https:\/\/www.sozialwerk-st-georg.de\/angebote.html\" target=\"_blank\" rel=\"noreferrer noopener\">bei uns im Hochsauerland<\/a> verf\u00fcgt das Sozialwerk \u00fcber Einrichtungen in Orten wie Schmallenberg, Arnsberg, Brilon, Meschede, Sundern und Winterberg.<\/p>\n\n\n\n<p>Zu den Zielen des Sozialwerkes geh\u00f6rt es, Menschen mit Assistenzbedarf ein selbstbestimmtes Leben nach ihren W\u00fcnschen und Bed\u00fcrfnissen zu erm\u00f6glichen. <strong> Menschen mit <\/strong><strong>psychischen Erkrankungen und Behinderungen, mit Suchtproblemen,<\/strong>&nbsp;<strong>Autismus<\/strong>&nbsp;<strong>und\/oder sozialen Schwierigkeiten<\/strong> finden Hilfe und Unterst\u00fctzung.<\/p>\n\n\n\n<p>Aus diesem Selbstverst\u00e4ndnis heraus leitet das Sozialwerk St. Georg einen konsequenten Kurs gegen Rechtsextremismus und Nazis ab und erl\u00e4utert diese Position in einer Erkl\u00e4rung.<br \/><br \/><strong>Im Wortlaut:<\/strong><\/p>\n\n\n\n<p>&#8212;&#8212;&#8212;&#8212;&#8212;&#8212;&#8212;<\/p>\n\n\n\n<p><strong>Wir von St. Georg sind dem Schutz aller Menschen verpflichtet, die in unserem Sozialwerk leben, unterst\u00fctzt werden und arbeiten. Rechtsextremismus ist unvereinbar mit unseren Werten. Wir arbeiten nicht mit Nazis.<\/strong><\/p>\n\n\n\n<p>Grundlage unserer Arbeit sind das christliche Menschenbild, die Menschenrechte und die im Grundgesetz verankerte unantastbare W\u00fcrde des Menschen. Wir sind davon \u00fcberzeugt, dass alle Menschen gleichwertig, verschieden und unvollkommen sind. Wir k\u00e4mpfen <strong>gemeinsam<\/strong> daf\u00fcr, dass jeder Mensch selbstbestimmt und gleichberechtigt in einer inklusiven Gesellschaft leben kann: Das Sozialwerk St. Georg steht f\u00fcr Toleranz und Vielfalt, Teilhabe und Inklusion, Menschlichkeit und N\u00e4chstenliebe. Wir bekennen uns zu einer demokratischen und freiheitlichen Gesellschaft, in der jeder Mensch <strong>anders<\/strong> sein darf. Darum machen wir uns <strong>stark<\/strong> gegen Rechtsextremismus.<\/p>\n\n\n\n<p>Rechtsextremismus ist eine Ideologie der Ausgrenzung. Er bestreitet, dass alle Menschen die gleiche W\u00fcrde haben. Diese Weltanschauung der Ungleichwertigkeit stellt sich mit rassistischer, antisemitischer und antidemokratischer Stimmungsmache gegen die Grundwerte unseres Zusammenlebens; sie lehnt eine inklusive Gesellschaft ab und grenzt Menschen aus, die nicht ins v\u00f6lkisch-nationalistische Weltbild von Parteien wie der AfD passen.<\/p>\n\n\n\n<p>Wir wissen aus der Geschichte, wohin rechtsextreme Hetze f\u00fchrt. Darum treten wir entschieden ein gegen jegliche Form der Diskriminierung. Niemand darf das Recht auf Leben von Menschen infrage stellen, Schutzbed\u00fcrftige benachteiligen oder abwerten. Eine Ideologie der Spaltung, von Hass und Gewalt bedroht nicht nur die Gesellschaft als Ganzes, sondern auch das friedliche Zusammenleben in jeder Gemeinschaft. Sie ist unvereinbar mit unseren Werten und unserer Arbeit.<\/p>\n\n\n\n<p>Wer sich in Wort, Schrift oder Tat rechtsextrem, rassistisch oder menschenverachtend \u00e4u\u00dfert, f\u00fcr entsprechende Organisationen wirbt oder darin Funktionen bekleidet, ist bei uns fehl am Platz \u2013 ob als Mitarbeitender, Lieferant oder Partner.<\/p>\n\n\n\n<p><strong>Wir arbeiten nicht mit Nazis!<\/strong><\/p>\n\n\n\n<p>&#8212;&#8212;&#8212;&#8212;&#8212;&#8212;&#8212;<\/p>\n\n\n\n<p>Quelle: <a href=\"https:\/\/www.sozialwerk-st-georg.de\/aktuelles\/wir-arbeiten-nicht-mit-nazis.html\" target=\"_blank\" rel=\"noreferrer noopener\">https:\/\/www.sozialwerk-st-georg.de\/aktuelles\/wir-arbeiten-nicht-mit-nazis.html<\/a><\/p>\n","protected":false},"excerpt":{"rendered":"<p>Das Sozialwerk St. Georg e. V. ist ein dezentral aufgestelltes soziales Dienstleistungsunternehmen mit Sitz in Gelsenkirchen. Die als Verein organisierte Organisation betreibt rund 150 Standorte in Nordrhein-Westfalen. Zum Sozialwerk geh\u00f6ren &hellip; <a href=\"https:\/\/www.schiebener.net\/wordpress\/sozialwerk-st-georg-wir-arbeiten-nicht-mit-nazis\/\" class=\"more-link\"><span class=\"screen-reader-text\">\u201eSozialwerk St. Georg: Wir arbeiten nicht mit Nazis!\u201c <\/span>weiterlesen<\/a><\/p>\n","protected":false},"author":3,"featured_media":0,"comment_status":"open","ping_status":"open","sticky":false,"template":"","format":"standard","meta":{"footnotes":""},"categories":[80,8669,6314,4761],"tags":[4271,1781,2978],"class_list":["post-57685","post","type-post","status-publish","format-standard","hentry","category-lokales","category-rassismus","category-rechtsextremismus","category-soziales","tag-afd","tag-inklusion","tag-nazis"],"_links":{"self":[{"href":"https:\/\/www.schiebener.net\/wordpress\/wp-json\/wp\/v2\/posts\/57685","targetHints":{"allow":["GET"]}}],"collection":[{"href":"https:\/\/www.schiebener.net\/wordpress\/wp-json\/wp\/v2\/posts"}],"about":[{"href":"https:\/\/www.schiebener.net\/wordpress\/wp-json\/wp\/v2\/types\/post"}],"author":[{"embeddable":true,"href":"https:\/\/www.schiebener.net\/wordpress\/wp-json\/wp\/v2\/users\/3"}],"replies":[{"embeddable":true,"href":"https:\/\/www.schiebener.net\/wordpress\/wp-json\/wp\/v2\/comments?post=57685"}],"version-history":[{"count":0,"href":"https:\/\/www.schiebener.net\/wordpress\/wp-json\/wp\/v2\/posts\/57685\/revisions"}],"wp:attachment":[{"href":"https:\/\/www.schiebener.net\/wordpress\/wp-json\/wp\/v2\/media?parent=57685"}],"wp:term":[{"taxonomy":"category","embeddable":true,"href":"https:\/\/www.schiebener.net\/wordpress\/wp-json\/wp\/v2\/categories?post=57685"},{"taxonomy":"post_tag","embeddable":true,"href":"https:\/\/www.schiebener.net\/wordpress\/wp-json\/wp\/v2\/tags?post=57685"}],"curies":[{"name":"wp","href":"https:\/\/api.w.org\/{rel}","templated":true}]}}