{"id":5739,"date":"2009-11-26T14:13:48","date_gmt":"2009-11-26T13:13:48","guid":{"rendered":"http:\/\/www.schiebener.net\/wordpress\/?p=5739"},"modified":"2009-11-26T14:13:48","modified_gmt":"2009-11-26T13:13:48","slug":"sauerlander-burgerliste-zieht-uber-die-dorfer-%e2%80%93-auftakt-in-wiemeringhausen","status":"publish","type":"post","link":"https:\/\/www.schiebener.net\/wordpress\/sauerlander-burgerliste-zieht-uber-die-dorfer-%e2%80%93-auftakt-in-wiemeringhausen\/","title":{"rendered":"Sauerl\u00e4nder B\u00fcrgerliste zieht \u00fcber die D\u00f6rfer \u00e2\u20ac\u201c Auftakt in Wiemeringhausen"},"content":{"rendered":"<p><img loading=\"lazy\" decoding=\"async\" class=\"alignleft size-full wp-image-2182\" title=\"In meinem Briefkasten\" src=\"http:\/\/www.schiebener.net\/wordpress\/wp-content\/uploads\/2009\/02\/lt_briefkasten01.jpg\" alt=\"In meinem Briefkasten\" width=\"120\" height=\"91\" \/><strong>Unter dem \u00dcberschrift \u00e2\u20ac\u017eAktuelles aus dem Kreishaus und der Region\u00e2\u20ac\u0153 l\u00e4dt Reinhard Loos, Kreistagsmitglied der Sauerl\u00e4nder B\u00fcrgerliste,   am Montag dem 30. November um 19.00 Uhr   in den Gasthof Sch\u00f6ttes, Winterberger Str. 30, nach Wiemeringhausen ein.<\/strong><\/p>\n<p>Ein Problem, das derzeit auch viel Beachtung in den Medien findet, ist die Verschlechterung des haus\u00e4rztlichen Notdienstes im Hochsauerlandkreis. Die von der Kassen\u00e4rztlichen Vereinigung Westfalen-Lippe am 11. November 2009 beschlossene Neufassung der Notfalldienstordnung wird mit erheblichen Nachteilen f\u00fcr die medizinische Versorgung der Bev\u00f6lkerung im Hochsauerlandkreis verbunden sein. Den Patienten werden durch die Neuregelung insbesondere lange Wege- und Wartezeiten zugemutet. Nach den bisherigen Planungen soll die Anzahl der Notdienstbezirke im Kreisgebiet von bisher 17 auf k\u00fcnftig nur noch 3 reduziert werden. Daraus w\u00fcrden sich Entfernungen von bis zu 40 Kilometern zum diensthabenden Hausarzt ergeben.  Dieses und weitere Themen, wie besipielsweise die zu erwartende deutliche Erh\u00f6hung der Kreisumlage, Schulschlie\u00dfungen und weitere Auswirkungen des Bev\u00f6lkerungsr\u00fcckgangs m\u00f6chte Reinhard Loos gerne mit allen Interessierten er\u00f6rtern.<\/p>\n","protected":false},"excerpt":{"rendered":"<p>Unter dem \u00dcberschrift \u00e2\u20ac\u017eAktuelles aus dem Kreishaus und der Region\u00e2\u20ac\u0153 l\u00e4dt Reinhard Loos, Kreistagsmitglied der Sauerl\u00e4nder B\u00fcrgerliste, am Montag dem 30. November um 19.00 Uhr in den Gasthof Sch\u00f6ttes, Winterberger &hellip; <a href=\"https:\/\/www.schiebener.net\/wordpress\/sauerlander-burgerliste-zieht-uber-die-dorfer-%e2%80%93-auftakt-in-wiemeringhausen\/\" class=\"more-link\"><span class=\"screen-reader-text\">\u201eSauerl\u00e4nder B\u00fcrgerliste zieht \u00fcber die D\u00f6rfer \u00e2\u20ac\u201c Auftakt in Wiemeringhausen\u201c <\/span>weiterlesen<\/a><\/p>\n","protected":false},"author":3,"featured_media":0,"comment_status":"open","ping_status":"open","sticky":false,"template":"","format":"standard","meta":{"footnotes":""},"categories":[80,24],"tags":[1042,294,883],"class_list":["post-5739","post","type-post","status-publish","format-standard","hentry","category-lokales","category-politik","tag-reinhard-loos","tag-sbl","tag-wiemeringhausen"],"_links":{"self":[{"href":"https:\/\/www.schiebener.net\/wordpress\/wp-json\/wp\/v2\/posts\/5739","targetHints":{"allow":["GET"]}}],"collection":[{"href":"https:\/\/www.schiebener.net\/wordpress\/wp-json\/wp\/v2\/posts"}],"about":[{"href":"https:\/\/www.schiebener.net\/wordpress\/wp-json\/wp\/v2\/types\/post"}],"author":[{"embeddable":true,"href":"https:\/\/www.schiebener.net\/wordpress\/wp-json\/wp\/v2\/users\/3"}],"replies":[{"embeddable":true,"href":"https:\/\/www.schiebener.net\/wordpress\/wp-json\/wp\/v2\/comments?post=5739"}],"version-history":[{"count":0,"href":"https:\/\/www.schiebener.net\/wordpress\/wp-json\/wp\/v2\/posts\/5739\/revisions"}],"wp:attachment":[{"href":"https:\/\/www.schiebener.net\/wordpress\/wp-json\/wp\/v2\/media?parent=5739"}],"wp:term":[{"taxonomy":"category","embeddable":true,"href":"https:\/\/www.schiebener.net\/wordpress\/wp-json\/wp\/v2\/categories?post=5739"},{"taxonomy":"post_tag","embeddable":true,"href":"https:\/\/www.schiebener.net\/wordpress\/wp-json\/wp\/v2\/tags?post=5739"}],"curies":[{"name":"wp","href":"https:\/\/api.w.org\/{rel}","templated":true}]}}