{"id":57354,"date":"2024-02-07T23:01:29","date_gmt":"2024-02-07T22:01:29","guid":{"rendered":"https:\/\/www.schiebener.net\/wordpress\/?p=57354"},"modified":"2024-02-13T13:30:41","modified_gmt":"2024-02-13T12:30:41","slug":"winterberg-ist-bunt","status":"publish","type":"post","link":"https:\/\/www.schiebener.net\/wordpress\/winterberg-ist-bunt\/","title":{"rendered":"Winterberg ist bunt"},"content":{"rendered":"\n<h3 class=\"wp-block-heading\">Demonstration f\u00fcr Demokratie, Vielfalt und Willkommenskultur, gegen Rassismus und die AfD<\/h3>\n\n\n<div class=\"wp-block-image\">\n<figure class=\"aligncenter size-large\"><a href=\"https:\/\/www.schiebener.net\/wordpress\/wp-content\/uploads\/2024\/02\/2024020712WinterbergDemo.jpg\" target=\"_blank\" rel=\"noreferrer noopener\"><img loading=\"lazy\" decoding=\"async\" width=\"1024\" height=\"443\" src=\"https:\/\/www.schiebener.net\/wordpress\/wp-content\/uploads\/2024\/02\/2024020712WinterbergDemo-1024x443.jpg\" alt=\"Der Platz an der unteren Pforte in Winterberg war heute Abend gut gef\u00fcllt. (foto: zoom)\" class=\"wp-image-57355\" srcset=\"https:\/\/www.schiebener.net\/wordpress\/wp-content\/uploads\/2024\/02\/2024020712WinterbergDemo-1024x443.jpg 1024w, https:\/\/www.schiebener.net\/wordpress\/wp-content\/uploads\/2024\/02\/2024020712WinterbergDemo-300x130.jpg 300w, https:\/\/www.schiebener.net\/wordpress\/wp-content\/uploads\/2024\/02\/2024020712WinterbergDemo-768x332.jpg 768w, https:\/\/www.schiebener.net\/wordpress\/wp-content\/uploads\/2024\/02\/2024020712WinterbergDemo-1536x664.jpg 1536w, https:\/\/www.schiebener.net\/wordpress\/wp-content\/uploads\/2024\/02\/2024020712WinterbergDemo-1200x519.jpg 1200w, https:\/\/www.schiebener.net\/wordpress\/wp-content\/uploads\/2024\/02\/2024020712WinterbergDemo.jpg 2048w\" sizes=\"auto, (max-width: 709px) 85vw, (max-width: 909px) 67vw, (max-width: 1362px) 62vw, 840px\" \/><\/a><figcaption class=\"wp-element-caption\">Der Platz an der unteren Pforte in Winterberg war heute Abend gut gef\u00fcllt. (foto: zoom)<\/figcaption><\/figure>\n<\/div>\n\n\n<p><strong>Winterberg hat mich \u00fcberrascht. Kurz vor 18 Uhr f\u00fcllte sich die Untere Pforte relativ schnell. Kinder, Eltern, junge und \u00e4ltere Menschen, Senior*innen &#8211; ein bunter Querschnitt durch die Stadtgesellschaft.<\/strong> <\/p>\n\n\n\n<!--more-->\n\n\n\n<p>Der Wettergott war ebenfalls auf der Seite der Demonstrant*innen und hatte den Dauerregen und die Schneeschauer eingestellt. <\/p>\n\n\n<div class=\"wp-block-image\">\n<figure class=\"aligncenter size-large\"><img loading=\"lazy\" decoding=\"async\" width=\"1024\" height=\"674\" src=\"https:\/\/www.schiebener.net\/wordpress\/wp-content\/uploads\/2024\/02\/2024020704WinterbergDemo-1024x674.jpg\" alt=\"\" class=\"wp-image-57359\" srcset=\"https:\/\/www.schiebener.net\/wordpress\/wp-content\/uploads\/2024\/02\/2024020704WinterbergDemo-1024x674.jpg 1024w, https:\/\/www.schiebener.net\/wordpress\/wp-content\/uploads\/2024\/02\/2024020704WinterbergDemo-300x197.jpg 300w, https:\/\/www.schiebener.net\/wordpress\/wp-content\/uploads\/2024\/02\/2024020704WinterbergDemo-768x505.jpg 768w, https:\/\/www.schiebener.net\/wordpress\/wp-content\/uploads\/2024\/02\/2024020704WinterbergDemo-1536x1010.jpg 1536w, https:\/\/www.schiebener.net\/wordpress\/wp-content\/uploads\/2024\/02\/2024020704WinterbergDemo-1200x789.jpg 1200w, https:\/\/www.schiebener.net\/wordpress\/wp-content\/uploads\/2024\/02\/2024020704WinterbergDemo.jpg 2048w\" sizes=\"auto, (max-width: 709px) 85vw, (max-width: 909px) 67vw, (max-width: 1362px) 62vw, 840px\" \/><figcaption class=\"wp-element-caption\">Eine gro\u00dfe Spannbreite: vier Plakate, vier politsche Aussagen gegen Rechts (foto: zoom)<\/figcaption><\/figure>\n<\/div>\n\n\n<p>Die Er\u00f6ffnungsrede hielt Brigitte Wollenschein vom Verein <a href=\"https:\/\/www.kipepeo-fair-sozial.de\/\" target=\"_blank\" rel=\"noreferrer noopener\">Kipepeo<\/a>. Dieser hatte die Demo initiiert, sowie weitere Akteure und Gruppen der Stadtgesellschaft als Unterst\u00fctzende gewinnen k\u00f6nnen.<\/p>\n\n\n<div class=\"wp-block-image\">\n<figure class=\"aligncenter size-large\"><a href=\"https:\/\/www.schiebener.net\/wordpress\/wp-content\/uploads\/2024\/02\/2024020706WinterbergDemo.jpg\" target=\"_blank\" rel=\"noreferrer noopener\"><img loading=\"lazy\" decoding=\"async\" width=\"1024\" height=\"683\" src=\"https:\/\/www.schiebener.net\/wordpress\/wp-content\/uploads\/2024\/02\/2024020706WinterbergDemo-1024x683.jpg\" alt=\"\" class=\"wp-image-57361\" srcset=\"https:\/\/www.schiebener.net\/wordpress\/wp-content\/uploads\/2024\/02\/2024020706WinterbergDemo-1024x683.jpg 1024w, https:\/\/www.schiebener.net\/wordpress\/wp-content\/uploads\/2024\/02\/2024020706WinterbergDemo-300x200.jpg 300w, https:\/\/www.schiebener.net\/wordpress\/wp-content\/uploads\/2024\/02\/2024020706WinterbergDemo-768x512.jpg 768w, https:\/\/www.schiebener.net\/wordpress\/wp-content\/uploads\/2024\/02\/2024020706WinterbergDemo-1536x1024.jpg 1536w, https:\/\/www.schiebener.net\/wordpress\/wp-content\/uploads\/2024\/02\/2024020706WinterbergDemo-1200x800.jpg 1200w, https:\/\/www.schiebener.net\/wordpress\/wp-content\/uploads\/2024\/02\/2024020706WinterbergDemo.jpg 2048w\" sizes=\"auto, (max-width: 709px) 85vw, (max-width: 909px) 67vw, (max-width: 1362px) 62vw, 840px\" \/><\/a><figcaption class=\"wp-element-caption\">Brigitte Wollenschein vom Verein Kipepeo (foto: zoom)<\/figcaption><\/figure>\n<\/div>\n\n\n<p>Ich zitiere die Rede von Brigitte Wollenschein, weil sie die Stimmung auf dem Platz und Zielrichtung der Demo sehr gut zusammenfasst: <\/p>\n\n\n\n<p>&#8212;&#8212;&#8212;-<\/p>\n\n\n\n<p>&#8222;Guten Abend und herzlich willkommen hier auf dem Marktplatz in Winterberg. Wir wollen ein Zeichen setzen, f\u00fcr Demokratie, Freiheit und Toleranz und gegen Rassismus in unserem Land. Wir sind nicht &#8222;das letzte Aufgebot&#8220;, wie es der Bundestagsabgeordnete Bernd Baumann von der AfD meinte. Nein, wir sind diejenigen, die Demokratie leben. Wo wir hingehen, ist immer noch unsere freie Entscheidung.<br \/><br \/>Ich m\u00f6chte einige teils pers\u00f6nliche Gedanken anbringen, die mich &#8211; und ich denke vielen Anderen geht es \u00e4hnlich -, in den letzten Tagen irritiert haben.<\/p>\n\n\n\n<p>Ich lebe in einer bunten Familie. Ich wei\u00df daher, welche &#8222;kleinen rassistischen Nickeligkeiten&#8220; &#8211; ich verniedliche jetzt etwas &#8211; auch in der Vergangenheit schon Menschen, die nicht ins deutsche Klischee passen, ertragen mussten. Dies fand in der Regel keine Beachtung.<\/p>\n\n\n\n<p>Schade, dass es erst dieses uns\u00e4glichen Privattreffens in Potsdam bedurfte, um Deutschland wachzur\u00fctteln. Lasst uns den Moment nutzen und uns gegen diese Klientel aufrichten. So wie die H\u00f6hner singen &#8222;Wenn nicht jetzt, wann dann?&#8220;. <\/p>\n\n\n\n<p>Die vielen Demonstrationen, Lichterketten oder wie immer sie sich nennen, lassen uns alle hoffen, dass uns eine zweite Weimarer Republik erspart bleibt.<\/p>\n\n\n\n<p>Was  f\u00fchlen<br \/>Juden?<\/p>\n\n\n\n<p>Was f\u00fchlen<br \/>Menschen mit deutscher Staatsangeh\u00f6rigkeit, deren Eltern und Gro\u00dfeltern als Gastarbeiter unseren Wohlstand mit aufgebaut haben?<\/p>\n\n\n\n<p>Was f\u00fchlen<br \/>Menschen mit anderer Hautfarbe und deutschem Pass?<\/p>\n\n\n\n<p>Was f\u00fchlen<br \/>Migranten, die mit einem Aufenthaltsstatus hier leben? Wenn sie \u00c4u\u00dferungen wie &#8222;Remigration, &#8211; wir f\u00fcrchten nicht den Klimawandel, sondern die menschengemachte V\u00f6lkerwanderung-, Abschieben schafft Sicherheit, &#8230;&#8220;<\/p>\n\n\n\n<p>von Politikern h\u00f6ren, die meinen unser Land besser f\u00fchren zu k\u00f6nnen.<\/p>\n\n\n\n<p>Wie sagte Margot Friedl\u00e4nder letzte Woche: &#8222;Es gibt kein christliches, muslimisches oder j\u00fcdisches Blut &#8211; es gibt nur menschliches Blut.&#8220; Und genau aus diesem Grunde stehen wir hier, um uns f\u00fcr die Vielfalt in unserem sch\u00f6nen Land einzusetzen. Wir wurden nicht von Medien beeinflusst, wie es b\u00f6se Zungen behaupten.<\/p>\n\n\n\n<p>Wir haben uns heute zusammengefunden und wenn unsere demokratischen Politiker sich ebenso zusammenfinden, dann bleibt die Hoffnung:<\/p>\n\n\n\n<p>Wir schaffen das.&#8220;<\/p>\n\n\n\n<p>&#8212;&#8212;&#8212;-<\/p>\n\n\n\n<p>Weil es heute Abend schon sehr sp\u00e4t ist belasse ich den Bericht auf diesem Stand und gehe nicht ausf\u00fchrlich auf die anderen Redner*innen ein. <\/p>\n\n\n\n<p>Nur kurz: B\u00fcrgermeister Michael Beckmann wies darauf hin,  dass allein die Tourismuswirtschaft ohne die Vielfalt an Menschen aus unterschiedlichen L\u00e4ndern nicht funktionieren k\u00f6nnte.<\/p>\n\n\n<div class=\"wp-block-image\">\n<figure class=\"aligncenter size-large\"><img loading=\"lazy\" decoding=\"async\" width=\"1024\" height=\"651\" src=\"https:\/\/www.schiebener.net\/wordpress\/wp-content\/uploads\/2024\/02\/2024020707WinterbergDemo-1024x651.jpg\" alt=\"\" class=\"wp-image-57362\" srcset=\"https:\/\/www.schiebener.net\/wordpress\/wp-content\/uploads\/2024\/02\/2024020707WinterbergDemo-1024x651.jpg 1024w, https:\/\/www.schiebener.net\/wordpress\/wp-content\/uploads\/2024\/02\/2024020707WinterbergDemo-300x191.jpg 300w, https:\/\/www.schiebener.net\/wordpress\/wp-content\/uploads\/2024\/02\/2024020707WinterbergDemo-768x488.jpg 768w, https:\/\/www.schiebener.net\/wordpress\/wp-content\/uploads\/2024\/02\/2024020707WinterbergDemo-1536x977.jpg 1536w, https:\/\/www.schiebener.net\/wordpress\/wp-content\/uploads\/2024\/02\/2024020707WinterbergDemo-1200x763.jpg 1200w, https:\/\/www.schiebener.net\/wordpress\/wp-content\/uploads\/2024\/02\/2024020707WinterbergDemo.jpg 2048w\" sizes=\"auto, (max-width: 709px) 85vw, (max-width: 909px) 67vw, (max-width: 1362px) 62vw, 840px\" \/><figcaption class=\"wp-element-caption\">B\u00fcrgermeister Michael Beckmann (foto: zoom)<\/figcaption><\/figure>\n<\/div>\n\n\n<p>Lawa, eine junge Kurdin aus Syrien, die 2015 mit ihrer Familie nach Deutschland geflohen war, schilderte bewegend ihren Schulweg in Winterberg und Meschede bis zum Abitur. Sie hat den Traum,  Medizin zu studieren.<\/p>\n\n\n<div class=\"wp-block-image\">\n<figure class=\"aligncenter size-large\"><img loading=\"lazy\" decoding=\"async\" width=\"1024\" height=\"683\" src=\"https:\/\/www.schiebener.net\/wordpress\/wp-content\/uploads\/2024\/02\/2024020708WinterbergDemo-1024x683.jpg\" alt=\"\" class=\"wp-image-57363\" srcset=\"https:\/\/www.schiebener.net\/wordpress\/wp-content\/uploads\/2024\/02\/2024020708WinterbergDemo-1024x683.jpg 1024w, https:\/\/www.schiebener.net\/wordpress\/wp-content\/uploads\/2024\/02\/2024020708WinterbergDemo-300x200.jpg 300w, https:\/\/www.schiebener.net\/wordpress\/wp-content\/uploads\/2024\/02\/2024020708WinterbergDemo-768x512.jpg 768w, https:\/\/www.schiebener.net\/wordpress\/wp-content\/uploads\/2024\/02\/2024020708WinterbergDemo-1536x1024.jpg 1536w, https:\/\/www.schiebener.net\/wordpress\/wp-content\/uploads\/2024\/02\/2024020708WinterbergDemo-1200x800.jpg 1200w, https:\/\/www.schiebener.net\/wordpress\/wp-content\/uploads\/2024\/02\/2024020708WinterbergDemo.jpg 2048w\" sizes=\"auto, (max-width: 709px) 85vw, (max-width: 909px) 67vw, (max-width: 1362px) 62vw, 840px\" \/><figcaption class=\"wp-element-caption\">2015 aus Syrien geflohen, tr\u00e4umt die junge Kurdin Lawa heute vom Medizinstudium (foto: zoom)<\/figcaption><\/figure>\n<\/div>\n\n\n<p>Lawas Rede:<\/p>\n\n\n\n<p>&#8212;&#8212;&#8212;-<\/p>\n\n\n\n<p>&#8222;Ich hei\u00dfe Lawa, ich bin 17 Jahre alt und bin Kurdin aus Syrien.<\/p>\n\n\n\n<p>Wir sind 2015 in Z\u00fcschen angekommen. Wir, das sind meine Mutter, mein Vater und vier j\u00fcngere Geschwister.<\/p>\n\n\n\n<p>Im Grunde bin ich hier in Deutschland aufgewachsen. Ich wurde in die 3. Klasse der Grundschule Hallenberg eingeschult, meine Geschwister gingen in Z\u00fcschen in den Kindergarten. So haben wir alle, im Umgang mit deutschen Kindern, schnell die deutsche Sprache gelernt.<\/p>\n\n\n\n<p>F\u00fcr mich sind Winterberg und das Sauerland meine Heimat, ich kann mir nicht vorstellen wieder in Syrien zu leben.<\/p>\n\n\n\n<p>Gut finde ich die Vielfalt der schulischen M\u00f6glichkeiten. Ich bin nach der Grundschule in Hallenberg zur Sekundarschule in Winterberg gewechselt und habe dort durch meinen guten Abschluss die M\u00f6glichkeit bekommen, auf das St\u00e4dtische Gymnasium Meschede zu wechseln, um dort mein Vollabitur machen zu k\u00f6nnen.<\/p>\n\n\n\n<p>Mein gro\u00dfes Ziel ist ein Medizinstudium, aber ob ich das schaffe &#8230;???<\/p>\n\n\n\n<p>Meine Eltern arbeiten beide, meine Geschwister gehen alle in Winterberg zur Schule und in hiesige Vereine.<\/p>\n\n\n\n<p>Ich denke, dass meine Familie gut integriert ist.<\/p>\n\n\n\n<p>Das alles war aber nur durch das gute soziale System in Deutschland und die Hilfe und Unterst\u00fctzung der ehrenamtlichen Helfer m\u00f6glich, auf deren Hilfe wir jederzeit und auch heute noch zur\u00fcckgreifen k\u00f6nnen.<\/p>\n\n\n\n<p>Die Demokratie in Deutschland gibt uns die M\u00f6glichkeit, so bunt und vielf\u00e4ltig wie wir sind zu leben. Ich hoffe darauf, dass wir in einer starken Demokratie, die tolerant ist und Vielf\u00e4ltigkeit erlaubt, auch in Zukunft leben k\u00f6nnen.<\/p>\n\n\n\n<p>Deshalb bin ich mit meiner Familie und Freunden heute hier, damit Deutschland und Winterberg<\/p>\n\n\n\n<p><strong>weiterhin bunt und tolerant bleiben.&#8220;<\/strong><\/p>\n\n\n\n<p>&#8212;&#8212;&#8212;-<\/p>\n\n\n\n<p>Faoud, ein junger Syrer, 2015 nach Deutschland geflohen, arbeitet in der Winterberger Gastronomie, und fast h\u00e4tte ich mich gesch\u00e4mt, als er von seiner Dankbarkeit erz\u00e4hlte, hier leben und arbeiten zu d\u00fcrfen.<\/p>\n\n\n<div class=\"wp-block-image\">\n<figure class=\"aligncenter size-large\"><img loading=\"lazy\" decoding=\"async\" width=\"1024\" height=\"683\" src=\"https:\/\/www.schiebener.net\/wordpress\/wp-content\/uploads\/2024\/02\/2024020709WinterbergDemo-1024x683.jpg\" alt=\"\" class=\"wp-image-57364\" srcset=\"https:\/\/www.schiebener.net\/wordpress\/wp-content\/uploads\/2024\/02\/2024020709WinterbergDemo-1024x683.jpg 1024w, https:\/\/www.schiebener.net\/wordpress\/wp-content\/uploads\/2024\/02\/2024020709WinterbergDemo-300x200.jpg 300w, https:\/\/www.schiebener.net\/wordpress\/wp-content\/uploads\/2024\/02\/2024020709WinterbergDemo-768x512.jpg 768w, https:\/\/www.schiebener.net\/wordpress\/wp-content\/uploads\/2024\/02\/2024020709WinterbergDemo-1536x1024.jpg 1536w, https:\/\/www.schiebener.net\/wordpress\/wp-content\/uploads\/2024\/02\/2024020709WinterbergDemo-1200x800.jpg 1200w, https:\/\/www.schiebener.net\/wordpress\/wp-content\/uploads\/2024\/02\/2024020709WinterbergDemo.jpg 2048w\" sizes=\"auto, (max-width: 709px) 85vw, (max-width: 909px) 67vw, (max-width: 1362px) 62vw, 840px\" \/><figcaption class=\"wp-element-caption\">Ebenfalls 2015 aus Syrien nach Deutschland geflohen. Heute arbeitet Faoud in der Gastronomie und h\u00e4lt eine Rede auf Deutsch. (foto: zoom)<\/figcaption><\/figure>\n<\/div>\n\n\n<p>Faouds Worte:<\/p>\n\n\n\n<p>&#8212;&#8212;&#8212;-<\/p>\n\n\n\n<p>&#8222;Mein Name ist Fouad.<br \/><br \/>Ich bin 2015 aus dem Irak nach D gefl\u00fcchtet. Hier im Sauerland war ich in Sicherheit. Kam zur Ruhe. Ich habe von Anfang an sehr viel Hilfe und Unterst\u00fctzung bekommen.<\/p>\n\n\n\n<p>Ich hatte die M\u00f6glichkeit die deutsche Sprache zu lernen. Das ist sehr wichtig, nur so hat man die M\u00f6glichkeit eine gute Arbeit zu bekommen.<\/p>\n\n\n\n<p>In der Gastronomie fand ich bald Arbeit und konnte dort meine Sprachkenntnisse gut verbessern.<\/p>\n\n\n\n<p>Ich bin immer noch in der Gastronomie t\u00e4tig und habe einen sehr netten und fairen Chef.<\/p>\n\n\n\n<p>Inzwischen habe ich viele Bekannte und Freunde in Winterberg gefunden.<\/p>\n\n\n\n<p>Hier in der Stadt ist immer etwas los, durch die vielen sportlichen Events und die vielen ausl\u00e4ndischen Urlauber.<br \/><br \/>So ihr Lieben ich stehe heute vor euch um meine tiefe Dankbarkeit gegen\u00fcber Deutschland auszudr\u00fccken .<\/p>\n\n\n\n<p>Als Fl\u00fcchtling der vor den Schrecken des Krieges geflohen ist, habe ich in diesem Land nicht nur Zuflucht gefunden, sondern auch die M\u00f6glichkeit ein neues Leben in Frieden aufzubauen.<br \/><br \/>Die gro\u00dfz\u00fcgige Aufnahme in Deutschland hat mir eine Perspektive f\u00fcr die Zukunft gegeben. Mein Herz ist erf\u00fcllt von Dankbarkeit gegen\u00fcber jedem, der dazu beigetragen hat, dass ich mich hier zu Hause f\u00fchlen kann.<br \/><br \/>M\u00f6ge unsere Gemeinschaft weiterhin von Verst\u00e4ndnis, Respekt und Zusammenhalt gepr\u00e4gt sein.<br \/><br \/>Vielen Dank, dass Sie gekommen sind und zugeh\u00f6rt haben.&#8220;<\/p>\n\n\n\n<p>&#8212;&#8212;&#8212;-<\/p>\n\n\n\n<p>Carsten R\u00f6der, Gesch\u00e4ftsf\u00fchrer des Winterberger Krankenhauses, machte deutlich, dass das Gesundheitssystem ohne das medizinische Personal, aber auch die anderen Mitarbeitenden, aus allen Teilen der Welt zusammenbrechen w\u00fcrde.<\/p>\n\n\n<div class=\"wp-block-image\">\n<figure class=\"aligncenter size-large\"><img loading=\"lazy\" decoding=\"async\" width=\"962\" height=\"1024\" src=\"https:\/\/www.schiebener.net\/wordpress\/wp-content\/uploads\/2024\/02\/2024020710WinterbergDemo-962x1024.jpg\" alt=\"\" class=\"wp-image-57365\" srcset=\"https:\/\/www.schiebener.net\/wordpress\/wp-content\/uploads\/2024\/02\/2024020710WinterbergDemo-962x1024.jpg 962w, https:\/\/www.schiebener.net\/wordpress\/wp-content\/uploads\/2024\/02\/2024020710WinterbergDemo-282x300.jpg 282w, https:\/\/www.schiebener.net\/wordpress\/wp-content\/uploads\/2024\/02\/2024020710WinterbergDemo-768x818.jpg 768w, https:\/\/www.schiebener.net\/wordpress\/wp-content\/uploads\/2024\/02\/2024020710WinterbergDemo-1442x1536.jpg 1442w, https:\/\/www.schiebener.net\/wordpress\/wp-content\/uploads\/2024\/02\/2024020710WinterbergDemo-1200x1278.jpg 1200w, https:\/\/www.schiebener.net\/wordpress\/wp-content\/uploads\/2024\/02\/2024020710WinterbergDemo.jpg 1923w\" sizes=\"auto, (max-width: 709px) 85vw, (max-width: 909px) 67vw, (max-width: 1362px) 62vw, 840px\" \/><figcaption class=\"wp-element-caption\">Carsten R\u00f6der, Gesch\u00e4ftsf\u00fchrer des St. Franziskus Hospitals (foto: zoom)<\/figcaption><\/figure>\n<\/div>\n\n\n<p>Die ehemalige Ratsfrau Gisela Quick schilderte unter dem Leitthema <strong><em><mark style=\"background-color:rgba(0, 0, 0, 0)\" class=\"has-inline-color has-bright-red-color\">Sei ein Mensch! Nie wieder ist jetzt!<\/mark><\/em><\/strong> die Geschichte der Winterberger Juden, mit der sie sich seit einigen Jahren intensiv besch\u00e4ftigt. Bis auf zwei wurden alle Winterberger Juden vertrieben, deportiert und ermordet. Die B\u00fcrger*innen h\u00e4tten weggeschaut oder bei den Nazis mitgemacht. Das d\u00fcrfe nie wieder passieren.<\/p>\n\n\n\n<figure class=\"wp-block-image size-large\"><img loading=\"lazy\" decoding=\"async\" width=\"1024\" height=\"684\" src=\"https:\/\/www.schiebener.net\/wordpress\/wp-content\/uploads\/2024\/02\/2024020711WinterbergDemo-1-1024x684.jpg\" alt=\"\" class=\"wp-image-57367\" srcset=\"https:\/\/www.schiebener.net\/wordpress\/wp-content\/uploads\/2024\/02\/2024020711WinterbergDemo-1-1024x684.jpg 1024w, https:\/\/www.schiebener.net\/wordpress\/wp-content\/uploads\/2024\/02\/2024020711WinterbergDemo-1-300x200.jpg 300w, https:\/\/www.schiebener.net\/wordpress\/wp-content\/uploads\/2024\/02\/2024020711WinterbergDemo-1-768x513.jpg 768w, https:\/\/www.schiebener.net\/wordpress\/wp-content\/uploads\/2024\/02\/2024020711WinterbergDemo-1-1536x1025.jpg 1536w, https:\/\/www.schiebener.net\/wordpress\/wp-content\/uploads\/2024\/02\/2024020711WinterbergDemo-1-1200x801.jpg 1200w, https:\/\/www.schiebener.net\/wordpress\/wp-content\/uploads\/2024\/02\/2024020711WinterbergDemo-1.jpg 2048w\" sizes=\"auto, (max-width: 709px) 85vw, (max-width: 909px) 67vw, (max-width: 1362px) 62vw, 840px\" \/><figcaption class=\"wp-element-caption\">Gisela Quick (foto: zoom)<\/figcaption><\/figure>\n\n\n\n<p>Diese Rede von Gisela Quick darf ich im Folgenden ebenfalls dokumentieren. Die Hervorhebungen folgen, soweit m\u00f6glich, dem Manuskript.<\/p>\n\n\n\n<p>&#8222;In einer bunten Gesellschaft leben Menschen unterschiedlicher Herkunft, Kulturen und \u00dcberzeugungen friedlich und respektvoll nebeneinander \u2013 das sagt ChatGPT, wenn man fragt, was \u201eeine bunte Gesellschaft ausmacht\u201c.<\/p>\n\n\n\n<p>Aber braucht es \u201e<mark style=\"background-color:rgba(0, 0, 0, 0)\" class=\"has-inline-color has-bright-red-color\">bunt<\/mark>\u201c, mag jetzt der eine oder andere denken? Reichen nicht die Farben, die man kennt, die der eigenen besonders \u00e4hnlich sind?<\/p>\n\n\n\n<p><strong>Nein!<\/strong> Das Leben wird doch gerade dadurch bereichert, indem man Neues entdeckt. Das geht nur, wenn man mal andere Stimmen h\u00f6rt und sich von anderen inspirieren l\u00e4sst. Wie wortw\u00f6rtlich eint\u00f6nig und farblos w\u00e4re unser Leben, wenn wir Tag f\u00fcr Tag nur dasselbe sehen, h\u00f6ren und erleben w\u00fcrden.<\/p>\n\n\n\n<p>Derzeit sind vielerorts Fremdenhass und Antisemitismus wieder auf dem Vormarsch. Das darf hier nicht passieren! Denn das Judentum, eine der \u00e4ltesten Religionen \u00fcberhaupt, geh\u00f6rt auch zu Winterberg.<\/p>\n\n\n\n<p>Ungef\u00e4hr 2019 begann ich, mich mit der Geschichte der Winterberger Juden zu befassen. Im st\u00e4dtischen Archiv fand ich Dokumente, die belegen, wie sich der Nationalsozialismus in den 30er Jahren auch in Winterberg breit machte und die j\u00fcdische Familie namens Winterberger hier drangsaliert und denunziert wurde und die Anordnungen und Befehle aus Berlin oder von der geheimen Staatspolizei Dortmund umgesetzt wurden. <\/p>\n\n\n\n<p>Schon kurz nach der Regierungs\u00fcbernahme der NSDAP kam es auch hier bei uns zu Diffamierungen und Hetze gegen\u00fcber j\u00fcdischen B\u00fcrgern. 1937 musste die Familie Winterberger ihre H\u00e4user mit Inventar und, unter Androhung von Schutzhaft, auch den umfangreichen Landbesitz verkaufen. Ein Teil der Familie verlie\u00df die Stadt Richtung Hamburg und wurde sp\u00e4ter von dort deportiert, der andere Teil blieb zun\u00e4chst in Winterberg und wurde 1942 von hier aus ebenfalls deportiert und ein Jahr sp\u00e4ter in Ausschwitz ermordet. Zwei S\u00f6hne \u00fcberlebten, einer konnte mit einem Onkel in die Schweiz fl\u00fcchten, der andere gelangte noch vor Kriegsbeginn mit einem Kindertransport nach England.<\/p>\n\n\n\n<p>Die H\u00e4user der Familie Winterberger, Marktstra\u00dfe 19 und Hauptstra\u00dfe 21 und 22, in denen die Familienmitglieder bis zu ihrer Deportation lebten, haben wir im Jahre 2020 zum Andenken und zum Erinnern durch Tafeln mit kurzen Erkl\u00e4rungen gekennzeichnet. Vielleicht schauen Sie sich das Geschriebene einmal an.<\/p>\n\n\n\n<p><strong>Auch in Winterberg wurde in dieser Zeit weggeschaut! Das darf nie wieder passieren! <\/strong>Egal, ob es um Religionszugeh\u00f6rigkeit oder um Herkunft geht!<\/p>\n\n\n\n<p>Vor ungef\u00e4hr einer Woche ist in Berlin sehr eindrucksvoll der internationale Tag des Holocaust begangen worden. Er ist zum Gedenken an den Holocaust und der Befreiung des Konzentrationslagers Ausschwitz eingef\u00fchrt worden. Die Rede von dem Sportjournalisten Marcel Reif im deutschen Bundestag war sehr emotional. Er erz\u00e4hlte von seinem Vater, Leon Reif, dessen Familie zum Gro\u00dfteil w\u00e4hrend des Holocaust ermordet wurde und der ihm Zeit seines Lebens den Satz \u201e<mark style=\"background-color:rgba(0, 0, 0, 0)\" class=\"has-inline-color has-bright-red-color\">Sei ein Mensch<\/mark>\u201c! mitgegeben habe. Dieser Satz wird sicher noch h\u00e4ufig zitiert werden und ist eine Aufforderung an uns alle \u2013 egal, welche Herkunft, Kultur oder \u00dcberzeugung wir haben.<\/p>\n\n\n\n<p>Ein weiterer, wichtiger Satz, den man in den vergangenen Wochen h\u00e4ufig h\u00f6rt, lautet \u201e<mark style=\"background-color:rgba(0, 0, 0, 0)\" class=\"has-inline-color has-bright-red-color\">Nie wieder ist jetzt!<\/mark>\u201c In etlichen St\u00e4dten gehen teilweise tausende Menschen auf die Stra\u00dfe um gegen Fremdenhass und Hetze zu demonstrieren. Das macht Hoffnung!<\/p>\n\n\n\n<p>Wenn wir es mit Leon Reif halten und sein \u201e<mark style=\"background-color:rgba(0, 0, 0, 0)\" class=\"has-inline-color has-bright-red-color\">Sei ein Mensch<\/mark>\u201c beherzigen, geht es darum, Menschlichkeit zu zeigen und sich jeder Form von Ausgrenzung entgegenzustellen. Wir d\u00fcrfen uns nie wieder aufhetzen, unsere Gemeinschaft spalten und uns unsere Menschlichkeit nehmen lassen.<\/p>\n\n\n\n<p><strong>Nie wieder ist jetzt!&#8220;<\/strong><\/p>\n\n\n<div class=\"wp-block-image\">\n<figure class=\"aligncenter size-large\"><img loading=\"lazy\" decoding=\"async\" width=\"1024\" height=\"567\" src=\"https:\/\/www.schiebener.net\/wordpress\/wp-content\/uploads\/2024\/02\/2024020703WinterbergDemo-1024x567.jpg\" alt=\"\" class=\"wp-image-57358\" srcset=\"https:\/\/www.schiebener.net\/wordpress\/wp-content\/uploads\/2024\/02\/2024020703WinterbergDemo-1024x567.jpg 1024w, https:\/\/www.schiebener.net\/wordpress\/wp-content\/uploads\/2024\/02\/2024020703WinterbergDemo-300x166.jpg 300w, https:\/\/www.schiebener.net\/wordpress\/wp-content\/uploads\/2024\/02\/2024020703WinterbergDemo-768x425.jpg 768w, https:\/\/www.schiebener.net\/wordpress\/wp-content\/uploads\/2024\/02\/2024020703WinterbergDemo-1536x851.jpg 1536w, https:\/\/www.schiebener.net\/wordpress\/wp-content\/uploads\/2024\/02\/2024020703WinterbergDemo-1200x664.jpg 1200w, https:\/\/www.schiebener.net\/wordpress\/wp-content\/uploads\/2024\/02\/2024020703WinterbergDemo.jpg 2048w\" sizes=\"auto, (max-width: 709px) 85vw, (max-width: 909px) 67vw, (max-width: 1362px) 62vw, 840px\" \/><figcaption class=\"wp-element-caption\">Plakat (foto: zoom)<\/figcaption><\/figure>\n<\/div>\n\n\n<p>Ich bin heute Abend mit einem guten, optimistischen Gef\u00fchl zur\u00fcck in meinen Ortsteil gefahren. <\/p>\n\n\n\n<p>Einer der Redner &#8211; der B\u00fcrgermeister? &#8211; hat gesagt, dass die Demonstrationen erst der Anfang sein m\u00fcssen f\u00fcr das politische Engagement der Menschen vor Ort, in ihrer Stadt, in ihren Vereinen, Parteien und anderen Organisationsformen.<\/p>\n\n\n<div class=\"wp-block-image\">\n<figure class=\"aligncenter size-large\"><img loading=\"lazy\" decoding=\"async\" width=\"1024\" height=\"683\" src=\"https:\/\/www.schiebener.net\/wordpress\/wp-content\/uploads\/2024\/02\/2024020701WinterbergDemo-1024x683.jpg\" alt=\"\" class=\"wp-image-57356\" srcset=\"https:\/\/www.schiebener.net\/wordpress\/wp-content\/uploads\/2024\/02\/2024020701WinterbergDemo-1024x683.jpg 1024w, https:\/\/www.schiebener.net\/wordpress\/wp-content\/uploads\/2024\/02\/2024020701WinterbergDemo-300x200.jpg 300w, https:\/\/www.schiebener.net\/wordpress\/wp-content\/uploads\/2024\/02\/2024020701WinterbergDemo-768x512.jpg 768w, https:\/\/www.schiebener.net\/wordpress\/wp-content\/uploads\/2024\/02\/2024020701WinterbergDemo-1536x1024.jpg 1536w, https:\/\/www.schiebener.net\/wordpress\/wp-content\/uploads\/2024\/02\/2024020701WinterbergDemo-1200x800.jpg 1200w, https:\/\/www.schiebener.net\/wordpress\/wp-content\/uploads\/2024\/02\/2024020701WinterbergDemo.jpg 2048w\" sizes=\"auto, (max-width: 709px) 85vw, (max-width: 909px) 67vw, (max-width: 1362px) 62vw, 840px\" \/><figcaption class=\"wp-element-caption\">Vielleicht auch einfach nur Menschen und Menschlichkeit? (foto: zoom)<\/figcaption><\/figure>\n<\/div>\n\n\n<p>Am Ende der Demonstration wurde eine kleine Lichterkette am Redner*innenpult gebildet und ein Lied gesungen. Die Zeilen lauteten:<br \/><br \/><strong>&#8222;Wehrt euch, leistet Widerstand, gegen den Faschismus hier im Land.&#8220;<\/strong><\/p>\n","protected":false},"excerpt":{"rendered":"<p>Demonstration f\u00fcr Demokratie, Vielfalt und Willkommenskultur, gegen Rassismus und die AfD Winterberg hat mich \u00fcberrascht. Kurz vor 18 Uhr f\u00fcllte sich die Untere Pforte relativ schnell. Kinder, Eltern, junge und &hellip; <a href=\"https:\/\/www.schiebener.net\/wordpress\/winterberg-ist-bunt\/\" class=\"more-link\"><span class=\"screen-reader-text\">\u201eWinterberg ist bunt\u201c <\/span>weiterlesen<\/a><\/p>\n","protected":false},"author":3,"featured_media":0,"comment_status":"open","ping_status":"open","sticky":false,"template":"","format":"standard","meta":{"footnotes":""},"categories":[8668,80,24,8669,6314],"tags":[4271,2547,2978,322],"class_list":["post-57354","post","type-post","status-publish","format-standard","hentry","category-antisemitismus","category-lokales","category-politik","category-rassismus","category-rechtsextremismus","tag-afd","tag-demo","tag-nazis","tag-winterberg"],"_links":{"self":[{"href":"https:\/\/www.schiebener.net\/wordpress\/wp-json\/wp\/v2\/posts\/57354","targetHints":{"allow":["GET"]}}],"collection":[{"href":"https:\/\/www.schiebener.net\/wordpress\/wp-json\/wp\/v2\/posts"}],"about":[{"href":"https:\/\/www.schiebener.net\/wordpress\/wp-json\/wp\/v2\/types\/post"}],"author":[{"embeddable":true,"href":"https:\/\/www.schiebener.net\/wordpress\/wp-json\/wp\/v2\/users\/3"}],"replies":[{"embeddable":true,"href":"https:\/\/www.schiebener.net\/wordpress\/wp-json\/wp\/v2\/comments?post=57354"}],"version-history":[{"count":0,"href":"https:\/\/www.schiebener.net\/wordpress\/wp-json\/wp\/v2\/posts\/57354\/revisions"}],"wp:attachment":[{"href":"https:\/\/www.schiebener.net\/wordpress\/wp-json\/wp\/v2\/media?parent=57354"}],"wp:term":[{"taxonomy":"category","embeddable":true,"href":"https:\/\/www.schiebener.net\/wordpress\/wp-json\/wp\/v2\/categories?post=57354"},{"taxonomy":"post_tag","embeddable":true,"href":"https:\/\/www.schiebener.net\/wordpress\/wp-json\/wp\/v2\/tags?post=57354"}],"curies":[{"name":"wp","href":"https:\/\/api.w.org\/{rel}","templated":true}]}}