{"id":57139,"date":"2024-01-15T13:10:12","date_gmt":"2024-01-15T12:10:12","guid":{"rendered":"https:\/\/www.schiebener.net\/wordpress\/?p=57139"},"modified":"2024-01-15T22:20:31","modified_gmt":"2024-01-15T21:20:31","slug":"ausstellungseroeffnung-pitt-moog-im-kump","status":"publish","type":"post","link":"https:\/\/www.schiebener.net\/wordpress\/ausstellungseroeffnung-pitt-moog-im-kump\/","title":{"rendered":"Ausstellungser\u00f6ffnung: Pitt Moog im Kump"},"content":{"rendered":"<div class=\"wp-block-image\">\n<figure class=\"aligncenter size-large\"><a href=\"https:\/\/www.schiebener.net\/wordpress\/wp-content\/uploads\/2024\/01\/2024011101PittMoog.jpg\" target=\"_blank\" rel=\"noreferrer noopener\"><img loading=\"lazy\" decoding=\"async\" width=\"1024\" height=\"1024\" src=\"https:\/\/www.schiebener.net\/wordpress\/wp-content\/uploads\/2024\/01\/2024011101PittMoog-1024x1024.jpg\" alt=\"\" class=\"wp-image-57144\" srcset=\"https:\/\/www.schiebener.net\/wordpress\/wp-content\/uploads\/2024\/01\/2024011101PittMoog-1024x1024.jpg 1024w, https:\/\/www.schiebener.net\/wordpress\/wp-content\/uploads\/2024\/01\/2024011101PittMoog-300x300.jpg 300w, https:\/\/www.schiebener.net\/wordpress\/wp-content\/uploads\/2024\/01\/2024011101PittMoog-150x150.jpg 150w, https:\/\/www.schiebener.net\/wordpress\/wp-content\/uploads\/2024\/01\/2024011101PittMoog-768x769.jpg 768w, https:\/\/www.schiebener.net\/wordpress\/wp-content\/uploads\/2024\/01\/2024011101PittMoog-1536x1536.jpg 1536w, https:\/\/www.schiebener.net\/wordpress\/wp-content\/uploads\/2024\/01\/2024011101PittMoog-1200x1201.jpg 1200w, https:\/\/www.schiebener.net\/wordpress\/wp-content\/uploads\/2024\/01\/2024011101PittMoog.jpg 2046w\" sizes=\"auto, (max-width: 709px) 85vw, (max-width: 909px) 67vw, (max-width: 1362px) 62vw, 840px\" \/><\/a><figcaption class=\"wp-element-caption\">Dramen, Trag\u00f6dien, Mythen: Headphone Candy (Raphael Sprenger, Micha Sch\u00e4fers) lieferten den Sound zur Ausstellungser\u00f6ffnung im Kump Hallenberg (<a href=\"https:\/\/headphonecandy.bandcamp.com\/track\/aurora\" target=\"_blank\" rel=\"noreferrer noopener\">https:\/\/headphonecandy.bandcamp.com\/track\/aurora<\/a>) (foto: zoom)<\/figcaption><\/figure>\n<\/div>\n\n\n<p><strong>Am vergangenen Donnerstagabend wurde mit dem <a href=\"https:\/\/headphonecandy.bandcamp.com\/track\/aurora\" data-type=\"link\" data-id=\"https:\/\/headphonecandy.bandcamp.com\/track\/aurora\" target=\"_blank\" rel=\"noreferrer noopener\">Sound von Headphone Candy<\/a> sowie einleitenden Worten der Organisatoren Peter Wagner und Michael Kronauge die Pitt-Moog-Ausstellung Griechische Szenen, Dramen, Trag\u00f6dien, Mythen im Hallenberger Kump mit \u00fcber vierzig Werken des Briloner K\u00fcnstlers er\u00f6ffnet.<\/strong> <\/p>\n\n\n\n<p>Die Zeichnungen sind Teil einer Sammlung, welche Pitt Moogs Tochter, Eva-Maria Moog, der \u00d6ffentlichkeit zur Verf\u00fcgung gestellt hat.<\/p>\n\n\n<div class=\"wp-block-image\">\n<figure class=\"aligncenter size-large\"><a href=\"https:\/\/www.schiebener.net\/wordpress\/wp-content\/uploads\/2024\/01\/2024011104PittMoog.jpg\" target=\"_blank\" rel=\"noreferrer noopener\"><img loading=\"lazy\" decoding=\"async\" width=\"1024\" height=\"725\" src=\"https:\/\/www.schiebener.net\/wordpress\/wp-content\/uploads\/2024\/01\/2024011104PittMoog-1024x725.jpg\" alt=\"\" class=\"wp-image-57141\" srcset=\"https:\/\/www.schiebener.net\/wordpress\/wp-content\/uploads\/2024\/01\/2024011104PittMoog-1024x725.jpg 1024w, https:\/\/www.schiebener.net\/wordpress\/wp-content\/uploads\/2024\/01\/2024011104PittMoog-300x212.jpg 300w, https:\/\/www.schiebener.net\/wordpress\/wp-content\/uploads\/2024\/01\/2024011104PittMoog-768x543.jpg 768w, https:\/\/www.schiebener.net\/wordpress\/wp-content\/uploads\/2024\/01\/2024011104PittMoog-1536x1087.jpg 1536w, https:\/\/www.schiebener.net\/wordpress\/wp-content\/uploads\/2024\/01\/2024011104PittMoog-1200x849.jpg 1200w, https:\/\/www.schiebener.net\/wordpress\/wp-content\/uploads\/2024\/01\/2024011104PittMoog.jpg 2048w\" sizes=\"auto, (max-width: 709px) 85vw, (max-width: 909px) 67vw, (max-width: 1362px) 62vw, 840px\" \/><\/a><figcaption class=\"wp-element-caption\">Szene aus dem Zyklus <strong>G\u00f6tter, Krieger und Verdammte E 3<\/strong>, 1960, 43,5 x 61 cm  (foto: zoom)<\/figcaption><\/figure>\n<\/div>\n\n\n<p>Es dr\u00e4ngten sich an diesem Abend nicht so viele Menschen im Kump wie bei sonstigen Ausstellungser\u00f6ffnungen, was ich pers\u00f6nlich als ausgesprochen entspannend und angenehm empfand.<\/p>\n\n\n\n<p>Die Atmosph\u00e4re war sehr einladend und kommunikativ. Kurator Peter Wagner schilderte, wie Pitt Moog die Zeichnungen aus seiner griechischen Periode (1959-1961) eigentlich habe vernichten wollen, sie aber letztendlich doch h\u00e4tten gerettet werden k\u00f6nnen. <\/p>\n\n\n\n<p>Ihr Vater, so Eva-Maria Moog, habe sich damals in einer Phase seines Lebens befunden, in der er auf der Suche war, einer Art Selbstfindung, die in viele Richtungen tastete. Manche Nacht habe er im Freien, am Strand unter dem griechischen Sternenhimmel verbracht &#8211; vielleicht das Vorbeben des Hippietums, bevor sich <a href=\"https:\/\/www.bpb.de\/themen\/zeit-kulturgeschichte\/jugendkulturen-in-deutschland\/36172\/die-hippies\/\" target=\"_blank\" rel=\"noreferrer noopener\">Freiheit, Gl\u00fcck und Natur als Jugendkultur<\/a> auch in Deutschland und Europa verbreitete.<\/p>\n\n\n<div class=\"wp-block-image\">\n<figure class=\"aligncenter size-large\"><a href=\"https:\/\/www.schiebener.net\/wordpress\/wp-content\/uploads\/2023\/12\/pm_D_01_277x21_5715.jpg\" target=\"_blank\" rel=\"noreferrer noopener\"><img loading=\"lazy\" decoding=\"async\" width=\"772\" height=\"1024\" src=\"https:\/\/www.schiebener.net\/wordpress\/wp-content\/uploads\/2023\/12\/pm_D_01_277x21_5715-772x1024.jpg\" alt=\"\" class=\"wp-image-56972\" srcset=\"https:\/\/www.schiebener.net\/wordpress\/wp-content\/uploads\/2023\/12\/pm_D_01_277x21_5715-772x1024.jpg 772w, https:\/\/www.schiebener.net\/wordpress\/wp-content\/uploads\/2023\/12\/pm_D_01_277x21_5715-226x300.jpg 226w, https:\/\/www.schiebener.net\/wordpress\/wp-content\/uploads\/2023\/12\/pm_D_01_277x21_5715-768x1018.jpg 768w, https:\/\/www.schiebener.net\/wordpress\/wp-content\/uploads\/2023\/12\/pm_D_01_277x21_5715.jpg 1156w\" sizes=\"auto, (max-width: 709px) 85vw, (max-width: 909px) 67vw, (max-width: 984px) 61vw, (max-width: 1362px) 45vw, 600px\" \/><\/a><figcaption class=\"wp-element-caption\"><strong>Griechische Szenen D \/ Die Paare von Epidauros, 1961<\/strong><br \/>ca. 28 x 21 cm&nbsp; \/ 28 x 21 cm,&nbsp;Tusche auf B\u00fctten<\/figcaption><\/figure>\n<\/div>\n\n\n<p>Wer sich die griechischen Szenen im Kump anschaut, muss wissen, dass es zu den Bildern keine erz\u00e4hlten Geschichten und Deutungen gibt. Entweder verf\u00fcgt man \u00fcber eine geh\u00f6rige Portion Kenntnisse der alten Mythologien oder man l\u00e4sst die eigene Phantasie von den Z\u00fcgeln. Paarbeziehungen, Erotik und Gewalt sind neben der ewigen menschlichen Sehnsucht nach Freude, Liebe und Frieden auf jeden Fall zu entdecken.<\/p>\n\n\n\n<p>Der Rest bleibt Aufgabe der Besucher*innen bzw. der Kunstgeschichte, die in diesem Fall noch zu schreiben bleibt.<\/p>\n\n\n\n<p>Ein St\u00fcck griechischer Mythologie, durch die Augen von Pitt Moog gesehen, kann man erwerben. Zum Kauf  bitte an den Kurator Peter Wagner (+49 171 23 99 900 oder spkwagner1207@gmail.com) wenden. Die Preise liegen je nach Gr\u00f6\u00dfe des Bildes zwischen 900 und 2200 Euro.<\/p>\n\n\n<div class=\"wp-block-image\">\n<figure class=\"aligncenter size-large\"><a href=\"https:\/\/www.schiebener.net\/wordpress\/wp-content\/uploads\/2024\/01\/2024011105PittMoog.jpg\" target=\"_blank\" rel=\"noreferrer noopener\"><img loading=\"lazy\" decoding=\"async\" width=\"1024\" height=\"576\" src=\"https:\/\/www.schiebener.net\/wordpress\/wp-content\/uploads\/2024\/01\/2024011105PittMoog-1024x576.jpg\" alt=\"\" class=\"wp-image-57140\" srcset=\"https:\/\/www.schiebener.net\/wordpress\/wp-content\/uploads\/2024\/01\/2024011105PittMoog-1024x576.jpg 1024w, https:\/\/www.schiebener.net\/wordpress\/wp-content\/uploads\/2024\/01\/2024011105PittMoog-300x169.jpg 300w, https:\/\/www.schiebener.net\/wordpress\/wp-content\/uploads\/2024\/01\/2024011105PittMoog-768x432.jpg 768w, https:\/\/www.schiebener.net\/wordpress\/wp-content\/uploads\/2024\/01\/2024011105PittMoog-1536x864.jpg 1536w, https:\/\/www.schiebener.net\/wordpress\/wp-content\/uploads\/2024\/01\/2024011105PittMoog-1200x675.jpg 1200w, https:\/\/www.schiebener.net\/wordpress\/wp-content\/uploads\/2024\/01\/2024011105PittMoog.jpg 2048w\" sizes=\"auto, (max-width: 709px) 85vw, (max-width: 909px) 67vw, (max-width: 1362px) 62vw, 840px\" \/><\/a><figcaption class=\"wp-element-caption\">Fast geschlechterparit\u00e4tisch: das Abschlussfoto mit allen, die zum Gelingen des Abends beitrugen (au\u00dfer den Besucher*innen): Micha Sch\u00e4fers, Raphael Sprenger (Headphone Candy), Michael Kronauge (F\u00f6rderverein), Eva-Maria Moog (Tochter von Pitt Moog), Peter Wagner (Kuratorium), Nicole Isdebski (Sparkasse Hochsauerland), Gisela Markgraf (Lebensgef\u00e4hrtin von Pitt Moog) (foto: zoom)<\/figcaption><\/figure>\n<\/div>\n\n\n<p><strong>Eintritt frei: jeweils zu den \u00d6ffnungszeiten des Kump Hallenberg<\/strong> (<strong>11. Januar &#8211; 9. Februar 2024<\/strong>)<\/p>\n\n\n\n<ul class=\"wp-block-list\">\n<li><strong>Montag, Dienstag, Donnerstag und Freitag von 10.00 bis 14.00 Uhr<\/strong><\/li>\n\n\n\n<li><strong>Samstag von 10.00 Uhr bis 13.00 Uhr<\/strong><\/li>\n\n\n\n<li><strong>Und Sonntag von 14.00 Uhr bis 16.00 Uhr.<\/strong><\/li>\n<\/ul>\n","protected":false},"excerpt":{"rendered":"<p>Am vergangenen Donnerstagabend wurde mit dem Sound von Headphone Candy sowie einleitenden Worten der Organisatoren Peter Wagner und Michael Kronauge die Pitt-Moog-Ausstellung Griechische Szenen, Dramen, Trag\u00f6dien, Mythen im Hallenberger Kump &hellip; <a href=\"https:\/\/www.schiebener.net\/wordpress\/ausstellungseroeffnung-pitt-moog-im-kump\/\" class=\"more-link\"><span class=\"screen-reader-text\">\u201eAusstellungser\u00f6ffnung: Pitt Moog im Kump\u201c <\/span>weiterlesen<\/a><\/p>\n","protected":false},"author":3,"featured_media":0,"comment_status":"open","ping_status":"open","sticky":false,"template":"","format":"standard","meta":{"footnotes":""},"categories":[674,854,80],"tags":[5751],"class_list":["post-57139","post","type-post","status-publish","format-standard","hentry","category-kultur","category-kunst","category-lokales","tag-kump-hallenberg"],"_links":{"self":[{"href":"https:\/\/www.schiebener.net\/wordpress\/wp-json\/wp\/v2\/posts\/57139","targetHints":{"allow":["GET"]}}],"collection":[{"href":"https:\/\/www.schiebener.net\/wordpress\/wp-json\/wp\/v2\/posts"}],"about":[{"href":"https:\/\/www.schiebener.net\/wordpress\/wp-json\/wp\/v2\/types\/post"}],"author":[{"embeddable":true,"href":"https:\/\/www.schiebener.net\/wordpress\/wp-json\/wp\/v2\/users\/3"}],"replies":[{"embeddable":true,"href":"https:\/\/www.schiebener.net\/wordpress\/wp-json\/wp\/v2\/comments?post=57139"}],"version-history":[{"count":0,"href":"https:\/\/www.schiebener.net\/wordpress\/wp-json\/wp\/v2\/posts\/57139\/revisions"}],"wp:attachment":[{"href":"https:\/\/www.schiebener.net\/wordpress\/wp-json\/wp\/v2\/media?parent=57139"}],"wp:term":[{"taxonomy":"category","embeddable":true,"href":"https:\/\/www.schiebener.net\/wordpress\/wp-json\/wp\/v2\/categories?post=57139"},{"taxonomy":"post_tag","embeddable":true,"href":"https:\/\/www.schiebener.net\/wordpress\/wp-json\/wp\/v2\/tags?post=57139"}],"curies":[{"name":"wp","href":"https:\/\/api.w.org\/{rel}","templated":true}]}}