{"id":57048,"date":"2024-01-07T20:38:00","date_gmt":"2024-01-07T19:38:00","guid":{"rendered":"https:\/\/www.schiebener.net\/wordpress\/?p=57048"},"modified":"2024-01-07T20:38:00","modified_gmt":"2024-01-07T19:38:00","slug":"pausenbild-mit-stuerzenden-linien-stadt-und-landesbibliothek-dortmund","status":"publish","type":"post","link":"https:\/\/www.schiebener.net\/wordpress\/pausenbild-mit-stuerzenden-linien-stadt-und-landesbibliothek-dortmund\/","title":{"rendered":"Pausenbild mit st\u00fcrzenden Linien: Stadt- und Landesbibliothek Dortmund"},"content":{"rendered":"<div class=\"wp-block-image\">\n<figure class=\"aligncenter size-large\"><a href=\"https:\/\/www.schiebener.net\/wordpress\/wp-content\/uploads\/2024\/01\/2024010501Dortmund.jpg\" target=\"_blank\" rel=\"noreferrer noopener\"><img loading=\"lazy\" decoding=\"async\" width=\"1024\" height=\"768\" src=\"https:\/\/www.schiebener.net\/wordpress\/wp-content\/uploads\/2024\/01\/2024010501Dortmund-1024x768.jpg\" alt=\"\" class=\"wp-image-57049\" srcset=\"https:\/\/www.schiebener.net\/wordpress\/wp-content\/uploads\/2024\/01\/2024010501Dortmund-1024x768.jpg 1024w, https:\/\/www.schiebener.net\/wordpress\/wp-content\/uploads\/2024\/01\/2024010501Dortmund-300x225.jpg 300w, https:\/\/www.schiebener.net\/wordpress\/wp-content\/uploads\/2024\/01\/2024010501Dortmund-768x576.jpg 768w, https:\/\/www.schiebener.net\/wordpress\/wp-content\/uploads\/2024\/01\/2024010501Dortmund-1536x1152.jpg 1536w, https:\/\/www.schiebener.net\/wordpress\/wp-content\/uploads\/2024\/01\/2024010501Dortmund-1200x900.jpg 1200w, https:\/\/www.schiebener.net\/wordpress\/wp-content\/uploads\/2024\/01\/2024010501Dortmund.jpg 2048w\" sizes=\"auto, (max-width: 709px) 85vw, (max-width: 909px) 67vw, (max-width: 1362px) 62vw, 840px\" \/><\/a><figcaption class=\"wp-element-caption\">Blick auf die Glasfassade der Stadt- und Landesbibliothek Dortmund (foto: zoom)<\/figcaption><\/figure>\n<\/div>\n\n\n<p><strong>Freitag war ein durch und durch ungem\u00fctlicher grauer Tag. Von meinem gro\u00dfen Dortmund-Plan blieb kaum mehr als ein Besuch in der Bibliothek: vier B\u00fccher abgeben, zwei B\u00fccher ausleihen.<\/strong> <\/p>\n\n\n\n<p><em>G\u00fcnter de Bruyn, Mein Brandenburg<\/em> sowie die <em>Gesellschafts- und Wirtschaftsgeschichte Rheinlands und Westfalens<\/em> habe ich spontan, quasi im Vor\u00fcbergehen, aus dem Regal genommen und ausgecheckt. <\/p>\n\n\n\n<p><em>andr\u00e4<\/em> und <em>das U<\/em> mit der Expressionismus-Ausstellung wurden gestrichen. Die graue Stadt mit den vielen Menschen hat mich \u00fcberfordert.<\/p>\n\n\n\n<p>Selbst das Caf\u00e9, in dem ich fr\u00fcher manche gute Stunde verbracht hatte, kam mir ungem\u00fctlich und altbacken vor. <\/p>\n\n\n\n<p>Ich war froh, rasch wieder im Zug nach Bestwig zu sitzen. <\/p>\n","protected":false},"excerpt":{"rendered":"<p>Freitag war ein durch und durch ungem\u00fctlicher grauer Tag. Von meinem gro\u00dfen Dortmund-Plan blieb kaum mehr als ein Besuch in der Bibliothek: vier B\u00fccher abgeben, zwei B\u00fccher ausleihen. G\u00fcnter de &hellip; <a href=\"https:\/\/www.schiebener.net\/wordpress\/pausenbild-mit-stuerzenden-linien-stadt-und-landesbibliothek-dortmund\/\" class=\"more-link\"><span class=\"screen-reader-text\">\u201ePausenbild mit st\u00fcrzenden Linien: Stadt- und Landesbibliothek Dortmund\u201c <\/span>weiterlesen<\/a><\/p>\n","protected":false},"author":3,"featured_media":0,"comment_status":"open","ping_status":"open","sticky":false,"template":"","format":"standard","meta":{"footnotes":""},"categories":[218,2489],"tags":[6604,6084],"class_list":["post-57048","post","type-post","status-publish","format-standard","hentry","category-bucher","category-in-eigener-sache","tag-andrae","tag-bibliothek-dortmund"],"_links":{"self":[{"href":"https:\/\/www.schiebener.net\/wordpress\/wp-json\/wp\/v2\/posts\/57048","targetHints":{"allow":["GET"]}}],"collection":[{"href":"https:\/\/www.schiebener.net\/wordpress\/wp-json\/wp\/v2\/posts"}],"about":[{"href":"https:\/\/www.schiebener.net\/wordpress\/wp-json\/wp\/v2\/types\/post"}],"author":[{"embeddable":true,"href":"https:\/\/www.schiebener.net\/wordpress\/wp-json\/wp\/v2\/users\/3"}],"replies":[{"embeddable":true,"href":"https:\/\/www.schiebener.net\/wordpress\/wp-json\/wp\/v2\/comments?post=57048"}],"version-history":[{"count":0,"href":"https:\/\/www.schiebener.net\/wordpress\/wp-json\/wp\/v2\/posts\/57048\/revisions"}],"wp:attachment":[{"href":"https:\/\/www.schiebener.net\/wordpress\/wp-json\/wp\/v2\/media?parent=57048"}],"wp:term":[{"taxonomy":"category","embeddable":true,"href":"https:\/\/www.schiebener.net\/wordpress\/wp-json\/wp\/v2\/categories?post=57048"},{"taxonomy":"post_tag","embeddable":true,"href":"https:\/\/www.schiebener.net\/wordpress\/wp-json\/wp\/v2\/tags?post=57048"}],"curies":[{"name":"wp","href":"https:\/\/api.w.org\/{rel}","templated":true}]}}