{"id":56967,"date":"2023-12-27T11:21:44","date_gmt":"2023-12-27T10:21:44","guid":{"rendered":"https:\/\/www.schiebener.net\/wordpress\/?p=56967"},"modified":"2023-12-27T11:21:44","modified_gmt":"2023-12-27T10:21:44","slug":"griechische-szenen-malerei-von-pitt-moog","status":"publish","type":"post","link":"https:\/\/www.schiebener.net\/wordpress\/griechische-szenen-malerei-von-pitt-moog\/","title":{"rendered":"Griechische Szenen &#8211; Malerei von Pitt Moog"},"content":{"rendered":"\n<h3 class=\"wp-block-heading\">Neue Ausstellung im Kump Hallenberg<\/h3>\n\n\n<div class=\"wp-block-image\">\n<figure class=\"aligncenter size-large\"><a href=\"https:\/\/www.schiebener.net\/wordpress\/wp-content\/uploads\/2023\/12\/pm_A_01_85x111_5578.jpg\" target=\"_blank\" rel=\"noreferrer noopener\"><img loading=\"lazy\" decoding=\"async\" width=\"1024\" height=\"792\" src=\"https:\/\/www.schiebener.net\/wordpress\/wp-content\/uploads\/2023\/12\/pm_A_01_85x111_5578-1024x792.jpg\" alt=\"\" class=\"wp-image-56970\" srcset=\"https:\/\/www.schiebener.net\/wordpress\/wp-content\/uploads\/2023\/12\/pm_A_01_85x111_5578-1024x792.jpg 1024w, https:\/\/www.schiebener.net\/wordpress\/wp-content\/uploads\/2023\/12\/pm_A_01_85x111_5578-300x232.jpg 300w, https:\/\/www.schiebener.net\/wordpress\/wp-content\/uploads\/2023\/12\/pm_A_01_85x111_5578-768x594.jpg 768w, https:\/\/www.schiebener.net\/wordpress\/wp-content\/uploads\/2023\/12\/pm_A_01_85x111_5578-1536x1188.jpg 1536w, https:\/\/www.schiebener.net\/wordpress\/wp-content\/uploads\/2023\/12\/pm_A_01_85x111_5578-1200x928.jpg 1200w, https:\/\/www.schiebener.net\/wordpress\/wp-content\/uploads\/2023\/12\/pm_A_01_85x111_5578.jpg 1551w\" sizes=\"auto, (max-width: 709px) 85vw, (max-width: 909px) 67vw, (max-width: 1362px) 62vw, 840px\" \/><\/a><figcaption class=\"wp-element-caption\"><strong>Griechische Szenen A \/ Illustrationen zur \u201eGriechischen Mythologie\u201c<\/strong><br \/>1961, ca. 85 x111 cm, Mischtechnik auf B\u00fctten<\/figcaption><\/figure>\n<\/div>\n\n\n<p><strong>Die Mauern sind versunken, der Schlachtl\u00e4rm ist in der Tiefe der Geschichte verhallt. Pitt Moog war 27, hatte intensiv an der Entstehung der documenta I mitgearbeitet und war eben mit dem Studium bei Arnold Bode und Fritz Winter fertig, als er erstmals in jene Landschaft kam, in den die antiken Mythen noch lebendig waren. Der Maler n\u00e4herte sich seinem Thema, das ihn ein K\u00fcnstlerleben lang besch\u00e4ftigten sollte.<\/strong><\/p>\n\n\n\n<p><em>(Pressemitteilung F\u00f6rderverein Hallenberg)<\/em><\/p>\n\n\n\n<p>Die ausgestellten Arbeiten, die bis dato &#8211; mit wenigen Ausnahmen &#8211; unver\u00f6ffentlicht blieben, entstanden im zeitlichen Zusammenhang mit mehrmonatigen Reisen durch den \u00e4g\u00e4ischen Kulturraum in den Jahren 1959 bis 1961.<\/p>\n\n\n\n<p>Was aber empfand der K\u00fcnstler, als er in diese fr\u00fchen Kulturen eintauchte und wie setzte er diese Eindr\u00fccke k\u00fcnstlerisch um? Die Antwort waren Ritzzeichnungen, die Dramen, Trag\u00f6dien und Mythen zeigen und die versuchen, Ordnung in eine r\u00e4tselhafte Welt zu bringen. Filigran und ausdruckstark, ja fast m\u00e4rchenhaft f\u00fchren uns die Werke in eine Vergangenheit, die vergessen zu sein scheint. Nur ein Blick in die Vergangenheit? Nein, gleichzeitig erscheinen seine Werke h\u00f6chst aktuell und spiegeln das heutige Sein mit all den Sorgen und \u00c4ngsten, aber auch der Sehnsucht nach Freude, Liebe und Frieden wieder.<\/p>\n\n\n<div class=\"wp-block-image\">\n<figure class=\"aligncenter size-large\"><a href=\"https:\/\/www.schiebener.net\/wordpress\/wp-content\/uploads\/2023\/12\/pm_C_01_54x71_5918.jpg\" target=\"_blank\" rel=\"noreferrer noopener\"><img loading=\"lazy\" decoding=\"async\" width=\"1024\" height=\"809\" src=\"https:\/\/www.schiebener.net\/wordpress\/wp-content\/uploads\/2023\/12\/pm_C_01_54x71_5918-1024x809.jpg\" alt=\"\" class=\"wp-image-56971\" srcset=\"https:\/\/www.schiebener.net\/wordpress\/wp-content\/uploads\/2023\/12\/pm_C_01_54x71_5918-1024x809.jpg 1024w, https:\/\/www.schiebener.net\/wordpress\/wp-content\/uploads\/2023\/12\/pm_C_01_54x71_5918-300x237.jpg 300w, https:\/\/www.schiebener.net\/wordpress\/wp-content\/uploads\/2023\/12\/pm_C_01_54x71_5918-768x607.jpg 768w, https:\/\/www.schiebener.net\/wordpress\/wp-content\/uploads\/2023\/12\/pm_C_01_54x71_5918-1200x949.jpg 1200w, https:\/\/www.schiebener.net\/wordpress\/wp-content\/uploads\/2023\/12\/pm_C_01_54x71_5918.jpg 1518w\" sizes=\"auto, (max-width: 709px) 85vw, (max-width: 909px) 67vw, (max-width: 1362px) 62vw, 840px\" \/><\/a><figcaption class=\"wp-element-caption\"><strong>Griechische Szenen C \/ Pan: Apollon<\/strong><br \/>1961, 54 x 71 cm (div. Gr\u00f6\u00dfen 54 x 72 cm, 54 x 55 cm), Mischtechnik auf B\u00fctten<\/figcaption><\/figure>\n<\/div>\n\n\n<p>Kunsthistoriker und Freunde von Pitt Moog sind sich einig: die Erfahrungen und Eindr\u00fccke dieser Reise waren richtungsweisend f\u00fcr das sp\u00e4tere k\u00fcnstlerische Schaffen von Pitt Moog. Ein weiter Bogen sollte sich von den ersten Ritzzeichnungen aus dem Jahre 1959 bis hin zu den sp\u00e4ten \u00d6lzeichnungen, die bis zu seinem Tode im Jahre 2017 in Brilon entstanden sind, spannen.<\/p>\n\n\n\n<p>Mit der Ausstellung \u201eGriechische Szenen\u201c im Kump und der gleichzeitig laufenden Ausstellung mit Werken des K\u00fcnstlers im Hallenberger Rathaus ergibt sich ein k\u00fcnstlerisches Gesamtbild von Pitt Moog, das in dieser Art und Komplexit\u00e4t einzigartig ist.<\/p>\n\n\n<div class=\"wp-block-image\">\n<figure class=\"aligncenter size-large\"><a href=\"https:\/\/www.schiebener.net\/wordpress\/wp-content\/uploads\/2023\/12\/pm_D_01_277x21_5715.jpg\" target=\"_blank\" rel=\"noreferrer noopener\"><img loading=\"lazy\" decoding=\"async\" width=\"772\" height=\"1024\" src=\"https:\/\/www.schiebener.net\/wordpress\/wp-content\/uploads\/2023\/12\/pm_D_01_277x21_5715-772x1024.jpg\" alt=\"\" class=\"wp-image-56972\" srcset=\"https:\/\/www.schiebener.net\/wordpress\/wp-content\/uploads\/2023\/12\/pm_D_01_277x21_5715-772x1024.jpg 772w, https:\/\/www.schiebener.net\/wordpress\/wp-content\/uploads\/2023\/12\/pm_D_01_277x21_5715-226x300.jpg 226w, https:\/\/www.schiebener.net\/wordpress\/wp-content\/uploads\/2023\/12\/pm_D_01_277x21_5715-768x1018.jpg 768w, https:\/\/www.schiebener.net\/wordpress\/wp-content\/uploads\/2023\/12\/pm_D_01_277x21_5715.jpg 1156w\" sizes=\"auto, (max-width: 709px) 85vw, (max-width: 909px) 67vw, (max-width: 984px) 61vw, (max-width: 1362px) 45vw, 600px\" \/><\/a><figcaption class=\"wp-element-caption\"><strong>Griechische Szenen D \/ Die Paare von Epidauros, 1961<\/strong><br \/>ca. 28 x 21 cm\u00a0 \/ 28 x 21 cm,\u00a0Tusche auf B\u00fctten<\/figcaption><\/figure>\n<\/div>\n\n\n<p>Die ausgestellten Werke sind ein Teil der Sammlung, die die Tochter des K\u00fcnstlers Frau Eva-Maria Moog der \u00d6ffentlichkeit zur Verf\u00fcgung gestellt hat.<\/p>\n\n\n\n<p>Er\u00f6ffnet wird die Ausstellung am 11.1.2024 um 19.00 Uhr durch den Vorsitzenden des F\u00f6rdervereins Hallenberg Michael Kronauge und Sparkassendirektor J\u00fcrgen Hillebrand.<\/p>\n\n\n\n<p>Musikalisch wird die Er\u00f6ffnung durch Headphone Candy (Raphael Sprenger, Micha Schaefers) begleitet, die erst k\u00fcrzlich bei ihrem Auftritt in der Briloner Jazznacht f\u00fcr Furore gesorgt haben.<\/p>\n\n\n<div class=\"wp-block-image\">\n<figure class=\"aligncenter size-full\"><a href=\"https:\/\/www.schiebener.net\/wordpress\/wp-content\/uploads\/2023\/12\/hpc-1521\u00a9Foto-RaphaelSprengerKlein.jpg\" target=\"_blank\" rel=\"noreferrer noopener\"><img loading=\"lazy\" decoding=\"async\" width=\"1024\" height=\"1024\" src=\"https:\/\/www.schiebener.net\/wordpress\/wp-content\/uploads\/2023\/12\/hpc-1521\u00a9Foto-RaphaelSprengerKlein.jpg\" alt=\"\" class=\"wp-image-56968\" srcset=\"https:\/\/www.schiebener.net\/wordpress\/wp-content\/uploads\/2023\/12\/hpc-1521\u00a9Foto-RaphaelSprengerKlein.jpg 1024w, https:\/\/www.schiebener.net\/wordpress\/wp-content\/uploads\/2023\/12\/hpc-1521\u00a9Foto-RaphaelSprengerKlein-300x300.jpg 300w, https:\/\/www.schiebener.net\/wordpress\/wp-content\/uploads\/2023\/12\/hpc-1521\u00a9Foto-RaphaelSprengerKlein-150x150.jpg 150w, https:\/\/www.schiebener.net\/wordpress\/wp-content\/uploads\/2023\/12\/hpc-1521\u00a9Foto-RaphaelSprengerKlein-768x768.jpg 768w\" sizes=\"auto, (max-width: 709px) 85vw, (max-width: 909px) 67vw, (max-width: 1362px) 62vw, 840px\" \/><\/a><figcaption class=\"wp-element-caption\">Headphone Candy (Raphael Sprenger, Micha Schaefers) (Foto: \u00a9Raphael Sprenger)<\/figcaption><\/figure>\n<\/div>\n\n\n<p>\u201eDie Musik von Headphone Candy ist eine Mischung aus Electronic-Jazz, Trip-Hop und Downbeat. Die beiden Musiker Raphael Sprenger (trumpet, programming) und Michael Sch\u00e4fers (bass, programming) verbinden in ihren Tracks die Leidenschaft f\u00fcr Jazz und elektronische Musik und schaffen so atmosph\u00e4rische Klangwelten.\u201c<\/p>\n\n\n\n<p><strong>Er\u00f6ffnung: Donnerstag, 11.01.2024, Beginn: 19.00 Uhr, freier Eintritt<\/strong><br \/><strong>Ausstellungsdauer: 11.01.2024 &#8211; 09.02.2024<\/strong><br \/><strong>\u00d6ffnungszeiten: jeweils zu den \u00d6ffnungszeiten des Kump Hallenberg<\/strong><\/p>\n\n\n\n<ul class=\"wp-block-list\">\n<li><strong>Montag, Dienstag, Donnerstag und Freitag von 10.00 bis 14.00 Uhr<\/strong><\/li>\n\n\n\n<li><strong>Samstag von 10.00 Uhr bis 13.00 Uhr<\/strong><\/li>\n\n\n\n<li><strong>Und Sonntag von 14.00 Uhr bis 16.00 Uhr.<\/strong><\/li>\n<\/ul>\n\n\n\n<p><\/p>\n\n\n\n<p><\/p>\n","protected":false},"excerpt":{"rendered":"<p>Neue Ausstellung im Kump Hallenberg Die Mauern sind versunken, der Schlachtl\u00e4rm ist in der Tiefe der Geschichte verhallt. Pitt Moog war 27, hatte intensiv an der Entstehung der documenta I &hellip; <a href=\"https:\/\/www.schiebener.net\/wordpress\/griechische-szenen-malerei-von-pitt-moog\/\" class=\"more-link\"><span class=\"screen-reader-text\">\u201eGriechische Szenen &#8211; Malerei von Pitt Moog\u201c <\/span>weiterlesen<\/a><\/p>\n","protected":false},"author":17,"featured_media":0,"comment_status":"open","ping_status":"open","sticky":false,"template":"","format":"standard","meta":{"footnotes":""},"categories":[303,854,80,1043,2729],"tags":[5751],"class_list":["post-56967","post","type-post","status-publish","format-standard","hentry","category-in-unserem-briefkasten","category-kunst","category-lokales","category-pressemitteilungen","category-reisen","tag-kump-hallenberg"],"_links":{"self":[{"href":"https:\/\/www.schiebener.net\/wordpress\/wp-json\/wp\/v2\/posts\/56967","targetHints":{"allow":["GET"]}}],"collection":[{"href":"https:\/\/www.schiebener.net\/wordpress\/wp-json\/wp\/v2\/posts"}],"about":[{"href":"https:\/\/www.schiebener.net\/wordpress\/wp-json\/wp\/v2\/types\/post"}],"author":[{"embeddable":true,"href":"https:\/\/www.schiebener.net\/wordpress\/wp-json\/wp\/v2\/users\/17"}],"replies":[{"embeddable":true,"href":"https:\/\/www.schiebener.net\/wordpress\/wp-json\/wp\/v2\/comments?post=56967"}],"version-history":[{"count":0,"href":"https:\/\/www.schiebener.net\/wordpress\/wp-json\/wp\/v2\/posts\/56967\/revisions"}],"wp:attachment":[{"href":"https:\/\/www.schiebener.net\/wordpress\/wp-json\/wp\/v2\/media?parent=56967"}],"wp:term":[{"taxonomy":"category","embeddable":true,"href":"https:\/\/www.schiebener.net\/wordpress\/wp-json\/wp\/v2\/categories?post=56967"},{"taxonomy":"post_tag","embeddable":true,"href":"https:\/\/www.schiebener.net\/wordpress\/wp-json\/wp\/v2\/tags?post=56967"}],"curies":[{"name":"wp","href":"https:\/\/api.w.org\/{rel}","templated":true}]}}