{"id":56932,"date":"2023-12-22T20:14:40","date_gmt":"2023-12-22T19:14:40","guid":{"rendered":"https:\/\/www.schiebener.net\/wordpress\/?p=56932"},"modified":"2023-12-22T20:14:40","modified_gmt":"2023-12-22T19:14:40","slug":"kita-in-verschimmeltem-gebaeude-hartnaeckiges-nachfragen-kann-helfen","status":"publish","type":"post","link":"https:\/\/www.schiebener.net\/wordpress\/kita-in-verschimmeltem-gebaeude-hartnaeckiges-nachfragen-kann-helfen\/","title":{"rendered":"KiTa in verschimmeltem Geb\u00e4ude? Hartn\u00e4ckiges Nachfragen kann helfen\u2026"},"content":{"rendered":"\n<h3 class=\"wp-block-heading\">Nun kam die Wahrheit doch ans Licht!<\/h3>\n\n\n\n<p><strong>Bereits im Juni 2023 hatte Kreistagsmitglied Dietmar Schwalm eine Anfrage an den Landrat gerichtet, weil ihm (und der SBL-Fraktion) bekannt geworden war, dass in einem ehemaligen Fitness-Center in Olsberg Schimmelpilzbefall herrscht. Das ist besonders bedeutsam, weil dieses Geb\u00e4ude nun zu einer Kindertagesst\u00e4tte umgewidmet werden soll, in Tr\u00e4gerschaft des DRK. Dazu antwortete der Landrat, dass kein Schimmelbefall vorliege.<\/strong><\/p>\n\n\n\n<p><em>(Der Artikel ist heute in \u00e4hnlicher Form <a href=\"http:\/\/sbl-fraktion.de\/?p=11250\">auf der Website der Sauerl\u00e4nder B\u00fcrgerliste<\/a> erschienen.)<\/em><\/p>\n\n\n\n<p>Eine mit Kindertagesst\u00e4tten vertraute Einwohnerin aus Olsberg hatte in der Einwohnerfragestunde des Kreistags ebenfalls ganz konkret nach der Eignung dieses Geb\u00e4udes f\u00fcr eine Kindertagesst\u00e4tte gefragt. Auch da kam die Antwort, alles sei sorgf\u00e4ltig gepr\u00fcft worden, und es sei kein Schimmelbefall gefunden worden.<\/p>\n\n\n\n<p>Auf einer erneute schriftliche Anfrage der SBL-Kreistagsfraktion antwortete der Landrat am 30.10.2023: \u201cEine Mitarbeiterin des Sachgebietes Hygiene und Infektionsschutz hat das Geb\u00e4ude \u2026 pers\u00f6nlich in Augenschein genommen. Aufgrund des im Vorfeld von verschiendenen Seiten behaupteten Schimmelpilzbefalls, erfolgte die Pr\u00fcfung besonders kritisch. Bei der Pr\u00fcfung wurden keine Auff\u00e4lligkeiten, insbesondere keine feuchten oder schimmeligen Stellen festgestellt.\u201d<\/p>\n\n\n\n<p>Auch die Lokalpresse fragte wegen dieses Themas nach. Am 15.12. war auf der ersten Seite des Lokalteils f\u00fcr den Altkreis Brilon zu lesen: \u201cVor einiger Zeit waren zu der Immobilie beim HSK zwei Anfragen von Kreistagsmitgliedern eingegangen, in denen Bedenken hinsichtlich der hygienischen Zust\u00e4nde des Geb\u00e4udes vorgebracht wurden. Diesbez\u00fcglich gibt es aber Entwarnung: \u2026 Aufgrund des im Vorfeld von verschiedenen Seiten behaupteten Schimmelpilzbefalls sei die Pr\u00fcfung besonders kritisch erfolgt. Ergebnis: \u201eBei der Pr\u00fcfung wurden keine Auff\u00e4lligkeiten, insbesondere keine feuchten oder schimmeligen Stellen festgestellt\u201c, betont der Kreis.<\/p>\n\n\n\n<p>Auch Ren\u00e9 Teich best\u00e4tigt von Seiten des DRK, dass ein unabh\u00e4ngiger Gutachter festgestellt habe, dass es keinen Schimmelbefall gebe.\u201d<\/p>\n\n\n\n<p>Nun gibt es ein neues Schreiben des Landrats vom 19.12.2023, und auf einmal ist alles ganz anders als bisher behauptet. Denn jetzt schreibt der Landrat, es seien \u201cFeuchte- und Schimmelsch\u00e4den festgestellt worden. Ich bedaure, dass hausintern Informationen zwischen den beteiligten Fachdiensten nicht richtig ausgetauscht wurden und zu dieser Fehlinformation gef\u00fchrt haben.\u201d<\/p>\n\n\n\n<p>Nachdem das nun gekl\u00e4rt ist, kommt es darauf an, dass die Kinder eine schimmelfreie Kita erhalten, entweder in einem anderen Geb\u00e4ude oder durch eine wirksame Sanierung.<\/p>\n\n\n\n<p><strong>Fazit:<\/strong><br \/>Man sollte nicht alles glauben, was aus dem Kreishaus (oder vom DRK) behauptet wird, selbst wenn viermal gleichlautende Antworten gegeben werden.<\/p>\n\n\n\n<p>Die Sauerl\u00e4nder B\u00fcrgerliste (SBL-Fraktion) und Dietmar Schwalm (Die Linke) wollen am Thema dranbleiben.<\/p>\n","protected":false},"excerpt":{"rendered":"<p>Nun kam die Wahrheit doch ans Licht! Bereits im Juni 2023 hatte Kreistagsmitglied Dietmar Schwalm eine Anfrage an den Landrat gerichtet, weil ihm (und der SBL-Fraktion) bekannt geworden war, dass &hellip; <a href=\"https:\/\/www.schiebener.net\/wordpress\/kita-in-verschimmeltem-gebaeude-hartnaeckiges-nachfragen-kann-helfen\/\" class=\"more-link\"><span class=\"screen-reader-text\">\u201eKiTa in verschimmeltem Geb\u00e4ude? Hartn\u00e4ckiges Nachfragen kann helfen\u2026\u201c <\/span>weiterlesen<\/a><\/p>\n","protected":false},"author":17,"featured_media":0,"comment_status":"open","ping_status":"open","sticky":false,"template":"","format":"standard","meta":{"footnotes":""},"categories":[3,7088,80],"tags":[7452,7355,3609,190,6854],"class_list":["post-56932","post","type-post","status-publish","format-standard","hentry","category-bildung-und-schule","category-gesundheit","category-lokales","tag-die-linke-im-kreistag","tag-dietmar-schwalm","tag-kita","tag-olsberg","tag-sauerlaender-buergerliste-sblfw"],"_links":{"self":[{"href":"https:\/\/www.schiebener.net\/wordpress\/wp-json\/wp\/v2\/posts\/56932","targetHints":{"allow":["GET"]}}],"collection":[{"href":"https:\/\/www.schiebener.net\/wordpress\/wp-json\/wp\/v2\/posts"}],"about":[{"href":"https:\/\/www.schiebener.net\/wordpress\/wp-json\/wp\/v2\/types\/post"}],"author":[{"embeddable":true,"href":"https:\/\/www.schiebener.net\/wordpress\/wp-json\/wp\/v2\/users\/17"}],"replies":[{"embeddable":true,"href":"https:\/\/www.schiebener.net\/wordpress\/wp-json\/wp\/v2\/comments?post=56932"}],"version-history":[{"count":0,"href":"https:\/\/www.schiebener.net\/wordpress\/wp-json\/wp\/v2\/posts\/56932\/revisions"}],"wp:attachment":[{"href":"https:\/\/www.schiebener.net\/wordpress\/wp-json\/wp\/v2\/media?parent=56932"}],"wp:term":[{"taxonomy":"category","embeddable":true,"href":"https:\/\/www.schiebener.net\/wordpress\/wp-json\/wp\/v2\/categories?post=56932"},{"taxonomy":"post_tag","embeddable":true,"href":"https:\/\/www.schiebener.net\/wordpress\/wp-json\/wp\/v2\/tags?post=56932"}],"curies":[{"name":"wp","href":"https:\/\/api.w.org\/{rel}","templated":true}]}}