{"id":56832,"date":"2023-12-13T21:54:56","date_gmt":"2023-12-13T20:54:56","guid":{"rendered":"https:\/\/www.schiebener.net\/wordpress\/?p=56832"},"modified":"2023-12-13T21:54:56","modified_gmt":"2023-12-13T20:54:56","slug":"kreiskaemmerer-brandenburg-geht-in-den-ruhestand","status":"publish","type":"post","link":"https:\/\/www.schiebener.net\/wordpress\/kreiskaemmerer-brandenburg-geht-in-den-ruhestand\/","title":{"rendered":"Kreisk\u00e4mmerer Brandenburg geht in den Ruhestand"},"content":{"rendered":"<div class=\"wp-block-image\">\n<figure class=\"aligncenter size-large\"><a href=\"https:\/\/www.schiebener.net\/wordpress\/wp-content\/uploads\/2023\/12\/20231213BrandenburgKlein.jpg\" target=\"_blank\" rel=\"noreferrer noopener\"><img loading=\"lazy\" decoding=\"async\" width=\"768\" height=\"1024\" src=\"https:\/\/www.schiebener.net\/wordpress\/wp-content\/uploads\/2023\/12\/20231213BrandenburgKlein-768x1024.jpg\" alt=\"\" class=\"wp-image-56833\" srcset=\"https:\/\/www.schiebener.net\/wordpress\/wp-content\/uploads\/2023\/12\/20231213BrandenburgKlein-768x1024.jpg 768w, https:\/\/www.schiebener.net\/wordpress\/wp-content\/uploads\/2023\/12\/20231213BrandenburgKlein-225x300.jpg 225w, https:\/\/www.schiebener.net\/wordpress\/wp-content\/uploads\/2023\/12\/20231213BrandenburgKlein.jpg 1024w\" sizes=\"auto, (max-width: 709px) 85vw, (max-width: 909px) 67vw, (max-width: 984px) 61vw, (max-width: 1362px) 45vw, 600px\" \/><\/a><figcaption class=\"wp-element-caption\">Abschiedsfoto: Kreisk\u00e4mmerer Peter Brandenburg (li.) und Landrat Dr. Karl Schneider (Foto: Pressestelle HSK)<\/figcaption><\/figure>\n<\/div>\n\n\n<p class=\"wp-block-paragraph\"><strong>K\u00e4mmerer Peter Brandenburg war zufrieden, als am Freitag, dem 8. Dezember, der Kreishaushalt 2024 durch den Kreistag verabschiedet wurde. Es war der letzte von Brandenburg aufgestellte Kreishaushalt und sein letzter Arbeitstag, da er mit Ablauf des Jahres in den Ruhestand gehen wird. <\/strong><\/p>\n\n\n\n<p class=\"wp-block-paragraph\"><em>(Pressemitteilung HSK)<\/em><\/p>\n\n\n\n<p class=\"wp-block-paragraph\">Landrat Dr. Karl Schneider bedankte sich f\u00fcr die vertrauensvolle Zusammenarbeit: \u201eKreisk\u00e4mmerer Peter Brandenburg genoss hohes Ansehen nicht nur in der Kreisverwaltung und im Kreistag, sondern auch bei den zw\u00f6lf St\u00e4dten und Gemeinden und dar\u00fcber hinaus. Er hat immer die Weiterentwicklung des Kreises im Fokus gehabt.\u201c<\/p>\n\n\n\n<p class=\"wp-block-paragraph\">Der berufliche Werdegang von Brandenburg begann am 1. Mai 1980 beim Hochsauerlandkreis. Fast 40 Jahre war der Briloner nach seiner Ausbildung in der K\u00e4mmerei t\u00e4tig und \u00fcber 21 Jahre davon als K\u00e4mmerer. F\u00fcr eine m\u00f6gliche Gr\u00fcndung einer Energiegesellschaft steht der 64-J\u00e4hrige der Kreisverwaltung zeitweise noch zur Verf\u00fcgung. Seine freie Zeit wird er k\u00fcnftig mit seinen Enkelkindern sowie mit Wandern, Radfahren und Reisen verbringen. <\/p>\n\n\n\n<p class=\"wp-block-paragraph\">Als Nachfolger wurde bereits in der Junisitzung des Kreistages Manuel Sellmann bestellt, der sein Amt als K\u00e4mmerer am 1. Januar 2024 antritt.<\/p>\n","protected":false},"excerpt":{"rendered":"<p>K\u00e4mmerer Peter Brandenburg war zufrieden, als am Freitag, dem 8. Dezember, der Kreishaushalt 2024 durch den Kreistag verabschiedet wurde. Es war der letzte von Brandenburg aufgestellte Kreishaushalt und sein letzter &hellip; <a href=\"https:\/\/www.schiebener.net\/wordpress\/kreiskaemmerer-brandenburg-geht-in-den-ruhestand\/\" class=\"more-link\"><span class=\"screen-reader-text\">\u201eKreisk\u00e4mmerer Brandenburg geht in den Ruhestand\u201c <\/span>weiterlesen<\/a><\/p>\n","protected":false},"author":17,"featured_media":0,"comment_status":"open","ping_status":"open","sticky":false,"template":"","format":"standard","meta":{"footnotes":""},"categories":[303,80,1043],"tags":[9182,835],"class_list":["post-56832","post","type-post","status-publish","format-standard","hentry","category-in-unserem-briefkasten","category-lokales","category-pressemitteilungen","tag-haushalt-2024","tag-hochsauerlandkreis"],"_links":{"self":[{"href":"https:\/\/www.schiebener.net\/wordpress\/wp-json\/wp\/v2\/posts\/56832","targetHints":{"allow":["GET"]}}],"collection":[{"href":"https:\/\/www.schiebener.net\/wordpress\/wp-json\/wp\/v2\/posts"}],"about":[{"href":"https:\/\/www.schiebener.net\/wordpress\/wp-json\/wp\/v2\/types\/post"}],"author":[{"embeddable":true,"href":"https:\/\/www.schiebener.net\/wordpress\/wp-json\/wp\/v2\/users\/17"}],"replies":[{"embeddable":true,"href":"https:\/\/www.schiebener.net\/wordpress\/wp-json\/wp\/v2\/comments?post=56832"}],"version-history":[{"count":0,"href":"https:\/\/www.schiebener.net\/wordpress\/wp-json\/wp\/v2\/posts\/56832\/revisions"}],"wp:attachment":[{"href":"https:\/\/www.schiebener.net\/wordpress\/wp-json\/wp\/v2\/media?parent=56832"}],"wp:term":[{"taxonomy":"category","embeddable":true,"href":"https:\/\/www.schiebener.net\/wordpress\/wp-json\/wp\/v2\/categories?post=56832"},{"taxonomy":"post_tag","embeddable":true,"href":"https:\/\/www.schiebener.net\/wordpress\/wp-json\/wp\/v2\/tags?post=56832"}],"curies":[{"name":"wp","href":"https:\/\/api.w.org\/{rel}","templated":true}]}}