{"id":56786,"date":"2023-12-13T08:49:15","date_gmt":"2023-12-13T07:49:15","guid":{"rendered":"https:\/\/www.schiebener.net\/wordpress\/?p=56786"},"modified":"2023-12-13T08:51:24","modified_gmt":"2023-12-13T07:51:24","slug":"nationalpark-landrat-cdu-fdp-verhindern-informationsphase","status":"publish","type":"post","link":"https:\/\/www.schiebener.net\/wordpress\/nationalpark-landrat-cdu-fdp-verhindern-informationsphase\/","title":{"rendered":"Nationalpark: Landrat\/CDU\/FDP verhindern Informationsphase"},"content":{"rendered":"<div class=\"wp-block-image\">\n<figure class=\"aligncenter size-large\"><a href=\"https:\/\/www.schiebener.net\/wordpress\/wp-content\/uploads\/2020\/12\/2020121901LoermeckeTurm.jpg\" target=\"_blank\" rel=\"noreferrer noopener\"><img loading=\"lazy\" decoding=\"async\" width=\"1024\" height=\"677\" src=\"https:\/\/www.schiebener.net\/wordpress\/wp-content\/uploads\/2020\/12\/2020121901LoermeckeTurm-1024x677.jpg\" alt=\"\" class=\"wp-image-47917\" srcset=\"https:\/\/www.schiebener.net\/wordpress\/wp-content\/uploads\/2020\/12\/2020121901LoermeckeTurm-1024x677.jpg 1024w, https:\/\/www.schiebener.net\/wordpress\/wp-content\/uploads\/2020\/12\/2020121901LoermeckeTurm-300x198.jpg 300w, https:\/\/www.schiebener.net\/wordpress\/wp-content\/uploads\/2020\/12\/2020121901LoermeckeTurm-768x508.jpg 768w, https:\/\/www.schiebener.net\/wordpress\/wp-content\/uploads\/2020\/12\/2020121901LoermeckeTurm-1536x1016.jpg 1536w, https:\/\/www.schiebener.net\/wordpress\/wp-content\/uploads\/2020\/12\/2020121901LoermeckeTurm.jpg 2048w\" sizes=\"auto, (max-width: 709px) 85vw, (max-width: 909px) 67vw, (max-width: 1362px) 62vw, 840px\" \/><\/a><figcaption class=\"wp-element-caption\">Am L\u00f6rmecke-Turm im Arnsberger Wald Ende 2020. Hier war mal sehr viel Wald. (archivfoto: zoom)<\/figcaption><\/figure>\n<\/div>\n\n\n<p><strong>Eine der wichtigen Entscheidungen, die am Freitag (08.12.2023) im Kreistag anstanden, war eine Abstimmung zum Thema Nationalpark. <a href=\"https:\/\/www.schiebener.net\/wordpress\/heute-im-umweltausschuss-des-kreistags-fundamentalopposition-gegen-den-nationalpark\/\">Wie bereits berichtet<\/a>(*), hat die aktuelle Landesregierung sich in ihrem Koalitionsvertrag darauf verst\u00e4ndigt, dass es in NRW \u2013 neben dem Nationalpark Eifel \u2013 einen weiteren Nationalpark geben soll. Bisher gibt es in Deutschland insgesamt 16 Nationalparke, alle sind Erfolgsgeschichten. Sie haben sowohl f\u00fcr die Erhaltung von naturbelassenen Gebieten als auch f\u00fcr den Tourismus gro\u00dfen Nutzen.<\/strong><\/p>\n\n\n\n<p><em>(Der Artikel ist heute <a href=\"http:\/\/sbl-fraktion.de\/?p=11232\" data-type=\"link\" data-id=\"http:\/\/sbl-fraktion.de\/?p=11232\" target=\"_blank\" rel=\"noreferrer noopener\">auf der Website der Sauerl\u00e4nder B\u00fcrgerliste<\/a> erschienen.)<\/em><\/p>\n\n\n\n<p>Die NRW-Landesregierung hat sechs Gebiete definiert, die sich als Nationalpark eignen. Eines davon ist der Arnsberger Wald. Er liegt in den Kreisen HSK und Soest, im HSK in den St\u00e4dten Arnsberg und Meschede. Dieser Nationalpark w\u00e4re etwa 7.500 ha gro\u00df und w\u00fcrde ausschlie\u00dflich staatliche Fl\u00e4chen betreffen: privater Grund und Boden w\u00fcrde nur dann einbezogen, wenn die Eigent\u00fcmer dies ausdr\u00fccklich w\u00fcnschen.<\/p>\n\n\n\n<p>Die Kreise in NRW sind nun aufgefordert, sich bei Interesse bis zum 31.03.2024 f\u00fcr den Nationalpark in ihrem Bereich zu bewerben. Wenn man vorher eine unverbindliche Interessenbekundung abgibt, bietet die Landesregierung ein umfangreiches Informationsprogramm: Erkundung im Nationalpark Eifel, Info-Veranstaltungen vor Ort im eigenen Kreis mit Experten, u.v.m., und das ohne Kosten f\u00fcr die Kreise.<\/p>\n\n\n\n<p>Im Kreishaus in Meschede ging es nun darum, ob \u2013 wie von Landrat, CDU und FDP gew\u00fcnscht \u2013 sofort die Ablehnung einer Bewerbung beschlossen wird oder ob zun\u00e4chst die Informationsm\u00f6glichkeiten genutzt werden, um sich umfassend \u00fcber Vor- und Nachteile zu informieren. Die Entscheidung \u00fcber eine Bewerbung h\u00e4tte dann in der n\u00e4chsten Kreistagssitzung am 15.03.2024 erfolgen k\u00f6nnen. Schon vor der Sitzung hatte die SBL-Fraktion den Antrag gestellt, sich zun\u00e4chst umfassend zu informieren; w\u00e4hrend der Kreistagssitzung beantragte dann auch die SPD-Fraktion, die endg\u00fcltige Entscheidung zu verschieben.<\/p>\n\n\n\n<p>Viele Naturschutzverb\u00e4nde, der SGV Soest, der SGV Arnsberg, die IHK, die St\u00e4dte Arnsberg und Meschede sprachen sich deutlich daf\u00fcr aus, zun\u00e4chst vielf\u00e4ltige Informationen zu sammeln. Auch die Landr\u00e4tin des Kreises Soest hatte f\u00fcr ihren Kreistag, der am 14.12.2023 tagt, eine entsprechende Beschlussvorlage erarbeiten lassen. Doch all dies interessierte die Mehrheit im HSK-Kreistag \u00fcberhaupt nicht. Ohne jede R\u00fccksicht auf die Interessen der anderen Beteiligten beschloss der Kreistag mit 28 : 22 Stimmen die sofortige und endg\u00fcltige Ablehnung jeder Bewerbung. Dies stie\u00df bei vielen Verb\u00e4nden auf v\u00f6lliges Unverst\u00e4ndnis. Anscheinend haben Gruppen wie z.B. eine Lobby von J\u00e4gern hier einen sehr gro\u00dfen Einfluss, und bevor sich durch Informationsveranstaltungen m\u00f6glicherweise ein anderes Bild h\u00e4tte ergeben k\u00f6nnen, sollte das Thema schnell \u201cerledigt\u201d werden.<\/p>\n\n\n\n<p>Auff\u00e4llig dabei waren die vielen falschen Behauptungen wie z.B., dass auch Privatgrund betroffen sei, dass in einem Nationalpark \u00fcberhaupt nicht gejagt werden d\u00fcrfe, dass der heimische Holzmarkt erheblich gest\u00f6rt w\u00fcrde oder dass die IHK als Vertreterin der Wirtschaft den Nationalpark ablehnen w\u00fcrde. Aufschlussreich in diesem Zusammenhang war auch die Antwort des Landrats in der Einwohnerfragestunde auf die Frage eines BUND-Mitglieds, aus der sich ergab, dass ihn die Meinungen der beteiligten St\u00e4dte \u00fcberhaupt nicht interessieren, weil nur der Kreis zust\u00e4ndig w\u00e4re.<\/p>\n\n\n\n<p>Es ist sehr schade, dass durch diese Ignoranz eine gro\u00dfe Chance f\u00fcr die Region vergeben wurde. Wir brauchen bei der n\u00e4chsten Kommunalwahl im September 2025 im Kreistag eine andere Mehrheit \u2013 die (aktuell noch) der Block CDU\/FDP hat.<\/p>\n\n\n\n<p>(*) <\/p>\n\n\n\n<p><a href=\"http:\/\/sbl-fraktion.de\/?p=11194\" target=\"_blank\" rel=\"noreferrer noopener\">http:\/\/sbl-fraktion.de\/?p=11194<\/a><\/p>\n\n\n\n<p><a href=\"https:\/\/www.schiebener.net\/wordpress\/heute-im-umweltausschuss-des-kreistags-fundamentalopposition-gegen-den-nationalpark\/\" target=\"_blank\" rel=\"noreferrer noopener\">https:\/\/www.schiebener.net\/wordpress\/heute-im-umweltausschuss-des-kreistags-fundamentalopposition-gegen-den-nationalpark\/<\/a><\/p>\n","protected":false},"excerpt":{"rendered":"<p>Eine der wichtigen Entscheidungen, die am Freitag (08.12.2023) im Kreistag anstanden, war eine Abstimmung zum Thema Nationalpark. Wie bereits berichtet(*), hat die aktuelle Landesregierung sich in ihrem Koalitionsvertrag darauf verst\u00e4ndigt, &hellip; <a href=\"https:\/\/www.schiebener.net\/wordpress\/nationalpark-landrat-cdu-fdp-verhindern-informationsphase\/\" class=\"more-link\"><span class=\"screen-reader-text\">\u201eNationalpark: Landrat\/CDU\/FDP verhindern Informationsphase\u201c <\/span>weiterlesen<\/a><\/p>\n","protected":false},"author":17,"featured_media":0,"comment_status":"open","ping_status":"open","sticky":false,"template":"","format":"standard","meta":{"footnotes":""},"categories":[80,549],"tags":[8069,494,9174,6854,3209],"class_list":["post-56786","post","type-post","status-publish","format-standard","hentry","category-lokales","category-umwelt","tag-arnsberger-wald","tag-kreistag-meschede","tag-nationalpark","tag-sauerlaender-buergerliste-sblfw","tag-umweltausschuss"],"_links":{"self":[{"href":"https:\/\/www.schiebener.net\/wordpress\/wp-json\/wp\/v2\/posts\/56786","targetHints":{"allow":["GET"]}}],"collection":[{"href":"https:\/\/www.schiebener.net\/wordpress\/wp-json\/wp\/v2\/posts"}],"about":[{"href":"https:\/\/www.schiebener.net\/wordpress\/wp-json\/wp\/v2\/types\/post"}],"author":[{"embeddable":true,"href":"https:\/\/www.schiebener.net\/wordpress\/wp-json\/wp\/v2\/users\/17"}],"replies":[{"embeddable":true,"href":"https:\/\/www.schiebener.net\/wordpress\/wp-json\/wp\/v2\/comments?post=56786"}],"version-history":[{"count":0,"href":"https:\/\/www.schiebener.net\/wordpress\/wp-json\/wp\/v2\/posts\/56786\/revisions"}],"wp:attachment":[{"href":"https:\/\/www.schiebener.net\/wordpress\/wp-json\/wp\/v2\/media?parent=56786"}],"wp:term":[{"taxonomy":"category","embeddable":true,"href":"https:\/\/www.schiebener.net\/wordpress\/wp-json\/wp\/v2\/categories?post=56786"},{"taxonomy":"post_tag","embeddable":true,"href":"https:\/\/www.schiebener.net\/wordpress\/wp-json\/wp\/v2\/tags?post=56786"}],"curies":[{"name":"wp","href":"https:\/\/api.w.org\/{rel}","templated":true}]}}