{"id":56729,"date":"2023-12-06T20:29:45","date_gmt":"2023-12-06T19:29:45","guid":{"rendered":"https:\/\/www.schiebener.net\/wordpress\/?p=56729"},"modified":"2023-12-06T21:31:34","modified_gmt":"2023-12-06T20:31:34","slug":"umleitung-aus-fuer-60-millionen-hotelprojekt-in-winterberg-der-viren-adventskalender-klimakrise-afd-extreme-rechte-maria-callas-und-mehr","status":"publish","type":"post","link":"https:\/\/www.schiebener.net\/wordpress\/umleitung-aus-fuer-60-millionen-hotelprojekt-in-winterberg-der-viren-adventskalender-klimakrise-afd-extreme-rechte-maria-callas-und-mehr\/","title":{"rendered":"Umleitung: Aus f\u00fcr 60-Millionen-Hotelprojekt in Winterberg, der Viren-Adventskalender, Klimakrise, AfD, extreme Rechte, Maria Callas und mehr&#8230;"},"content":{"rendered":"\n<p><br \/><\/p>\n\n\n<div class=\"wp-block-image\">\n<figure class=\"aligncenter size-large\"><a href=\"https:\/\/www.schiebener.net\/wordpress\/wp-content\/uploads\/2023\/11\/2023111921Hoheleye.jpg\" target=\"_blank\" rel=\"noreferrer noopener\"><img loading=\"lazy\" decoding=\"async\" width=\"1024\" height=\"677\" src=\"https:\/\/www.schiebener.net\/wordpress\/wp-content\/uploads\/2023\/11\/2023111921Hoheleye-1024x677.jpg\" alt=\"\" class=\"wp-image-56443\" srcset=\"https:\/\/www.schiebener.net\/wordpress\/wp-content\/uploads\/2023\/11\/2023111921Hoheleye-1024x677.jpg 1024w, https:\/\/www.schiebener.net\/wordpress\/wp-content\/uploads\/2023\/11\/2023111921Hoheleye-300x198.jpg 300w, https:\/\/www.schiebener.net\/wordpress\/wp-content\/uploads\/2023\/11\/2023111921Hoheleye-768x508.jpg 768w, https:\/\/www.schiebener.net\/wordpress\/wp-content\/uploads\/2023\/11\/2023111921Hoheleye-1536x1016.jpg 1536w, https:\/\/www.schiebener.net\/wordpress\/wp-content\/uploads\/2023\/11\/2023111921Hoheleye-1200x793.jpg 1200w, https:\/\/www.schiebener.net\/wordpress\/wp-content\/uploads\/2023\/11\/2023111921Hoheleye.jpg 2048w\" sizes=\"auto, (max-width: 709px) 85vw, (max-width: 909px) 67vw, (max-width: 1362px) 62vw, 840px\" \/><\/a><figcaption class=\"wp-element-caption\">Das jetzige Club-Hotel in Hoheleye sollte einem Luxus-Ressort weichen. (foto: zoom) <\/figcaption><\/figure>\n<\/div>\n\n\n<p><strong>Aus f\u00fcr 60-Millionen-Hotelprojekt in Winterberg:<\/strong> Das geplante Luxushotel in Winterberg-Hoheleye wird nicht gebaut. Zu hohe Bankzinsen und Bankkosten haben Investoren abgeschreckt. Winterbergs B\u00fcrgermeister zeigte sich entt\u00e4uscht &#8230; <a href=\"https:\/\/www1.wdr.de\/nachrichten\/westfalen-lippe\/winterberg-nobel-hotel-planungsaus-100.html\" data-type=\"link\" data-id=\"https:\/\/www1.wdr.de\/nachrichten\/westfalen-lippe\/winterberg-nobel-hotel-planungsaus-100.html\" target=\"_blank\" rel=\"noreferrer noopener\">wdr<\/a><\/p>\n\n\n\n<p><strong>Zu Hoheleye siehe auch hier im Blog:<\/strong> <a href=\"https:\/\/www.schiebener.net\/wordpress\/hoheleye-am-sonntagmorgen\/\" target=\"_blank\" rel=\"noreferrer noopener\">Hoheleye am Sonntagmorgen<\/a><\/p>\n\n\n\n<p><strong>Naturkosmetik:<\/strong> Weleda kommt mir nicht ins Haus &#8230; <a href=\"https:\/\/taz.de\/Naturkosmetik\/!5973846\/\" target=\"_blank\" rel=\"noreferrer noopener\">taz<\/a><\/p>\n\n\n\n<p><strong>Das erste T\u00fcrchen des Viren-Adventskalenders:<\/strong> Diese Influenza ist keine Influenza &#8230; <a href=\"https:\/\/www.youtube.com\/watch?v=SBvxAJGh-Jk\" target=\"_blank\" rel=\"noreferrer noopener\">LarsFischer<\/a> (Link zum YouTube: T\u00fcrchen #2 bis #6 sind nat\u00fcrlich auch schon ge\u00f6ffnet.)<\/p>\n\n\n\n<p><strong>Wasserverlust in Deutschland:<\/strong> Seit der Jahrtausendwende ein Bodensee weniger &#8230; <a href=\"https:\/\/www.tagesschau.de\/wissen\/klima\/klima-monitoringbericht-102.html\" target=\"_blank\" rel=\"noreferrer noopener\">tagesschau<\/a><\/p>\n\n\n\n<p><strong>Ich predige es Euch seit Jahren:<\/strong> Wieder und wieder und wieder predige ich, dass es viel zu kurz gedacht ist, \u00fcber \u201edie Fl\u00fcchtlinge aus Afrika\u201c zu diskutieren. Weil ich gro\u00dfe Fl\u00fcchtlingsstr\u00f6me in Europa erwarte und daf\u00fcr kein Genie sein muss &#8230; <a href=\"https:\/\/unkreativ.net\/ich-predige-es-euch-seit-jahren\/\" target=\"_blank\" rel=\"noreferrer noopener\">unkreativ<\/a><\/p>\n\n\n\n<p><strong>Wissenschaftsleugnung ist auch vor der COP28 (wieder!) ein Thema:<\/strong> Es ist nun 33 Jahre her, dass der IPCC in seinem ersten Bericht 1990 zu dem Schluss kam, dass es \u201csicher\u201d ist, dass Treibhausgasemissionen aus menschlichen Aktivit\u00e4ten \u201cden Treibhauseffekt verst\u00e4rken werden, was im Durchschnitt zu einer zus\u00e4tzlichen Erw\u00e4rmung der Erdoberfl\u00e4che f\u00fchrt.\u201d &#8230; <a href=\"https:\/\/scilogs.spektrum.de\/klimalounge\/wissenschaftsleugnung-ist-auch-vor-der-cop28-wieder-ein-thema\/\" target=\"_blank\" rel=\"noreferrer noopener\">scilogs<\/a><\/p>\n\n\n\n<p><strong>Extreme Rechte:<\/strong> Reichsb\u00fcrger und ihr \u201everschw\u00f6rungsideologischer Souver\u00e4nismus\u201c &#8230; <a href=\"https:\/\/www.endstation-rechts.de\/news\/extreme-rechte-reichsbuerger-und-ihr-verschwoerungsideologischer-souveraenismus\" target=\"_blank\" rel=\"noreferrer noopener\">endstationrechts<\/a><\/p>\n\n\n\n<p><strong>Der Soziologe Wilhelm Heitmeyer \u00fcber Radikalismus der AfD:<\/strong> \u201eEs hat sich etwas verschoben\u201c &#8230; <a href=\"https:\/\/taz.de\/Soziologe-ueber-Radikalismus-der-AfD\/!5967640\" data-type=\"link\" data-id=\"https:\/\/taz.de\/Soziologe-ueber-Radikalismus-der-AfD\/!5967640\" target=\"_blank\" rel=\"noreferrer noopener\">taz<\/a><\/p>\n\n\n\n<p><strong>Bodenoffensive in Hagen:<\/strong> Das Pflaster soll schuld am Niedergang der Fu\u00dfg\u00e4ngerzone sein &#8230; <a href=\"https:\/\/doppelwacholder.wordpress.com\/2023\/12\/06\/bodenoffensive\/\" data-type=\"link\" data-id=\"https:\/\/doppelwacholder.wordpress.com\/2023\/12\/06\/bodenoffensive\/\" target=\"_blank\" rel=\"noreferrer noopener\">doppelwacholder<\/a><\/p>\n\n\n\n<p><strong>Entscheidung gefallen:<\/strong> Die neue Stra\u00dfe in Dortmund-Grevel wird den Namen von Kurt Goldstein tragen &#8230; <a href=\"https:\/\/www.nordstadtblogger.de\/entscheidung-gefallen-die-neue-strasse-in-grevel-wird-den-namen-von-kurt-goldstein-tragen\" target=\"_blank\" rel=\"noreferrer noopener\">nordstadtblogger<\/a><\/p>\n\n\n\n<p><strong>Jenseits der Mythen:<\/strong> Interview mit dem Callas-Biographen Arnold Jacobshagen &#8230; <a href=\"https:\/\/www.revierpassagen.de\/132275\/jenseits-der-mythen-interview-mit-dem-callas-biographen-arnold-jacobshagen\/20231201_1842\" data-type=\"link\" data-id=\"https:\/\/www.revierpassagen.de\/132275\/jenseits-der-mythen-interview-mit-dem-callas-biographen-arnold-jacobshagen\/20231201_1842\" target=\"_blank\" rel=\"noreferrer noopener\">revierpassagen<\/a><\/p>\n\n\n\n<p><strong>Eine sehr interessante Sendung \u00fcber Maria Callas:<\/strong> Primadonna assoluta &#8211; hat selbst mich, den Opern-Muffel, gefesselt &#8230; <a href=\"https:\/\/www.deutschlandfunkkultur.de\/maria-callas-primadonna-assoluta-dlf-kultur-3b76f057-100.html\" data-type=\"link\" data-id=\"https:\/\/www.deutschlandfunkkultur.de\/maria-callas-primadonna-assoluta-dlf-kultur-3b76f057-100.html\">DradioKultur<\/a><\/p>\n","protected":false},"excerpt":{"rendered":"<p>Aus f\u00fcr 60-Millionen-Hotelprojekt in Winterberg: Das geplante Luxushotel in Winterberg-Hoheleye wird nicht gebaut. Zu hohe Bankzinsen und Bankkosten haben Investoren abgeschreckt. Winterbergs B\u00fcrgermeister zeigte sich entt\u00e4uscht &#8230; wdr Zu Hoheleye &hellip; <a href=\"https:\/\/www.schiebener.net\/wordpress\/umleitung-aus-fuer-60-millionen-hotelprojekt-in-winterberg-der-viren-adventskalender-klimakrise-afd-extreme-rechte-maria-callas-und-mehr\/\" class=\"more-link\"><span class=\"screen-reader-text\">\u201eUmleitung: Aus f\u00fcr 60-Millionen-Hotelprojekt in Winterberg, der Viren-Adventskalender, Klimakrise, AfD, extreme Rechte, Maria Callas und mehr&#8230;\u201c <\/span>weiterlesen<\/a><\/p>\n","protected":false},"author":3,"featured_media":0,"comment_status":"open","ping_status":"open","sticky":false,"template":"","format":"standard","meta":{"footnotes":""},"categories":[6658,319,6,8406,27,7507,6314,379,8524],"tags":[4271,404,979,9179,2978,9113,322],"class_list":["post-56729","post","type-post","status-publish","format-standard","hentry","category-fluechtlinge","category-geschichte","category-kalenderblatt","category-klimakrise","category-musik","category-nationalsozialismus","category-rechtsextremismus","category-umleitung","category-wissenschaft","tag-afd","tag-dortmund","tag-hagen","tag-hoheleye","tag-nazis","tag-wasserkrise","tag-winterberg"],"_links":{"self":[{"href":"https:\/\/www.schiebener.net\/wordpress\/wp-json\/wp\/v2\/posts\/56729","targetHints":{"allow":["GET"]}}],"collection":[{"href":"https:\/\/www.schiebener.net\/wordpress\/wp-json\/wp\/v2\/posts"}],"about":[{"href":"https:\/\/www.schiebener.net\/wordpress\/wp-json\/wp\/v2\/types\/post"}],"author":[{"embeddable":true,"href":"https:\/\/www.schiebener.net\/wordpress\/wp-json\/wp\/v2\/users\/3"}],"replies":[{"embeddable":true,"href":"https:\/\/www.schiebener.net\/wordpress\/wp-json\/wp\/v2\/comments?post=56729"}],"version-history":[{"count":0,"href":"https:\/\/www.schiebener.net\/wordpress\/wp-json\/wp\/v2\/posts\/56729\/revisions"}],"wp:attachment":[{"href":"https:\/\/www.schiebener.net\/wordpress\/wp-json\/wp\/v2\/media?parent=56729"}],"wp:term":[{"taxonomy":"category","embeddable":true,"href":"https:\/\/www.schiebener.net\/wordpress\/wp-json\/wp\/v2\/categories?post=56729"},{"taxonomy":"post_tag","embeddable":true,"href":"https:\/\/www.schiebener.net\/wordpress\/wp-json\/wp\/v2\/tags?post=56729"}],"curies":[{"name":"wp","href":"https:\/\/api.w.org\/{rel}","templated":true}]}}