{"id":56614,"date":"2023-11-27T21:34:30","date_gmt":"2023-11-27T20:34:30","guid":{"rendered":"https:\/\/www.schiebener.net\/wordpress\/?p=56614"},"modified":"2023-11-27T21:34:30","modified_gmt":"2023-11-27T20:34:30","slug":"correctiv-verlaesst-onlineplattform-twitter-jetzt-x","status":"publish","type":"post","link":"https:\/\/www.schiebener.net\/wordpress\/correctiv-verlaesst-onlineplattform-twitter-jetzt-x\/","title":{"rendered":"CORRECTIV verl\u00e4sst Onlineplattform Twitter, jetzt X"},"content":{"rendered":"\n<p><strong>In den vergangenen Monaten haben die Verbreitung von Desinformation und Hassrede auf der Plattform deutlich zugenommen. Dessen Eigent\u00fcmer selbst verbreitet rassistische, antisemitische und populistische Inhalte. CORRECTIV nimmt seine Verantwortung als gemeinwohlorientiertes Medienhaus wahr und verl\u00e4sst den Kurznachrichtendienst. Die CORRECTIV-Faktenchecks bleiben jedoch.<\/strong><\/p>\n\n\n\n<p><em>(Pressemitteilung)<\/em><\/p>\n\n\n\n<p><em>Essen\/Berlin, 27.November 2023.<\/em> \u201eEinst war Twitter informativ, gar lustig, sp\u00e4ter in Protestbewegungen sogar lebenswichtig, um Botschaften an die \u00d6ffentlichkeit zu senden. Inzwischen breiten sich Hass und Desinformation unkontrolliert aus, auch weil Elon Musk dies bewusst zul\u00e4sst und sogar befeuert. Ein konstruktiver Diskurs ist auf der Plattform nicht mehr m\u00f6glich\u201c, sagt Justus von Daniels, CORRECTIV-Chefredakteur.<\/p>\n\n\n\n<p>Unter Eigent\u00fcmer Elon Musk und mit der Umbenennung zu X hat sich der Kurznachrichtendienst aus dem freiwilligen <a href=\"https:\/\/www.tagesschau.de\/ausland\/amerika\/twitter-desinformation-eu-pakt-100.html\" data-type=\"link\" data-id=\"https:\/\/www.tagesschau.de\/ausland\/amerika\/twitter-desinformation-eu-pakt-100.html\" target=\"_blank\" rel=\"noreferrer noopener\">EU-Verhaltenskodex zur Bek\u00e4mpfung von Desinformationen zur\u00fcckgezogen<\/a>. Auch der Einsatz von Medien f\u00fcr einen faktenbasierten Diskurs wurde <a href=\"https:\/\/www.washingtonpost.com\/technology\/2023\/10\/05\/twitter-x-news-headlines-removed\/\" target=\"_blank\" rel=\"noreferrer noopener\">zunehmend erschwert<\/a>. Die Situation ist ernst. Falschmeldungen und Hassrede geh\u00f6ren zum Alltag. Die Ausrichtung von X ist demokratiegef\u00e4hrdend.<\/p>\n\n\n\n<p>Aufgrund der Verbreitung illegaler Inhalte und Desinformation\u00a0 im Zusammenhang mit den Ereignissen im Nahen Osten hat die EU eine <a href=\"https:\/\/ec.europa.eu\/commission\/presscorner\/detail\/en\/IP_23_4953\" target=\"_blank\" rel=\"noreferrer noopener\">Untersuchung gegen X<\/a> eingeleitet. Damit nutzt die EU-Kommission Mittel des im August in Kraft getretenen Digital Services Act, die sehr gro\u00dfe Social-Media-Plattformen wie X verpflichtet, unter anderem die Verbreitung von Falschbehauptungen einzud\u00e4mmen.<\/p>\n\n\n\n<p>CORRECTIV steht f\u00fcr eine starke Demokratie. Das tut das gemeinwohlorientierte Medienhaus auch mit der Entscheidung, X zu verlassen. Das Statement, das die Redaktion nach anhaltenden Bedenken gegen den fragw\u00fcrdigen Kurs der Plattform setzen kann, ist, die Nutzung zu stoppen.<\/p>\n\n\n\n<p>Nur CORRECTIV.Faktencheck wird weiterhin auf X vertreten sein. Gerade weil sich Desinformation aktuell wieder st\u00e4rker auf X verbreitet, wird die Faktencheck-Redaktion weiter dort entgegenwirken, wo sich Falschbehauptungen stark verbreiten und ein Millionenpublikum erreichen. Um Desinformation k\u00fcnftig bek\u00e4mpfen zu k\u00f6nnen, brauchen wir auch Ihre Unterst\u00fctzung als Konsumentinnen und Konsumenten auf Social-Media-Plattformen. Haben Sie eine potenzielle Falschmeldung gesehen, schicken Sie uns diese gerne via Whatsapp zu an <a href=\"https:\/\/api.whatsapp.com\/send\/?phone=4915117535184&amp;text&amp;type=phone_number&amp;app_absent=0\" target=\"_blank\" rel=\"noreferrer noopener\">+49-151-17535184<\/a>.\u00a0\u00a0<\/p>\n\n\n\n<p>Alle Inhalte lesen Nutzerinnen und Nutzer k\u00fcnftig im t\u00e4glichen Newsletter CORRECTIV Spotlight oder auf alternativen Kan\u00e4len.<\/p>\n","protected":false},"excerpt":{"rendered":"<p>In den vergangenen Monaten haben die Verbreitung von Desinformation und Hassrede auf der Plattform deutlich zugenommen. Dessen Eigent\u00fcmer selbst verbreitet rassistische, antisemitische und populistische Inhalte. CORRECTIV nimmt seine Verantwortung als &hellip; <a href=\"https:\/\/www.schiebener.net\/wordpress\/correctiv-verlaesst-onlineplattform-twitter-jetzt-x\/\" class=\"more-link\"><span class=\"screen-reader-text\">\u201eCORRECTIV verl\u00e4sst Onlineplattform Twitter, jetzt X\u201c <\/span>weiterlesen<\/a><\/p>\n","protected":false},"author":17,"featured_media":0,"comment_status":"open","ping_status":"open","sticky":false,"template":"","format":"standard","meta":{"footnotes":""},"categories":[8668,303,32,1043,8669,6314],"tags":[8910,287],"class_list":["post-56614","post","type-post","status-publish","format-standard","hentry","category-antisemitismus","category-in-unserem-briefkasten","category-medien","category-pressemitteilungen","category-rassismus","category-rechtsextremismus","tag-correctiv-2","tag-twitter"],"_links":{"self":[{"href":"https:\/\/www.schiebener.net\/wordpress\/wp-json\/wp\/v2\/posts\/56614","targetHints":{"allow":["GET"]}}],"collection":[{"href":"https:\/\/www.schiebener.net\/wordpress\/wp-json\/wp\/v2\/posts"}],"about":[{"href":"https:\/\/www.schiebener.net\/wordpress\/wp-json\/wp\/v2\/types\/post"}],"author":[{"embeddable":true,"href":"https:\/\/www.schiebener.net\/wordpress\/wp-json\/wp\/v2\/users\/17"}],"replies":[{"embeddable":true,"href":"https:\/\/www.schiebener.net\/wordpress\/wp-json\/wp\/v2\/comments?post=56614"}],"version-history":[{"count":0,"href":"https:\/\/www.schiebener.net\/wordpress\/wp-json\/wp\/v2\/posts\/56614\/revisions"}],"wp:attachment":[{"href":"https:\/\/www.schiebener.net\/wordpress\/wp-json\/wp\/v2\/media?parent=56614"}],"wp:term":[{"taxonomy":"category","embeddable":true,"href":"https:\/\/www.schiebener.net\/wordpress\/wp-json\/wp\/v2\/categories?post=56614"},{"taxonomy":"post_tag","embeddable":true,"href":"https:\/\/www.schiebener.net\/wordpress\/wp-json\/wp\/v2\/tags?post=56614"}],"curies":[{"name":"wp","href":"https:\/\/api.w.org\/{rel}","templated":true}]}}