{"id":56418,"date":"2023-11-20T09:18:46","date_gmt":"2023-11-20T08:18:46","guid":{"rendered":"https:\/\/www.schiebener.net\/wordpress\/?p=56418"},"modified":"2023-11-20T09:18:46","modified_gmt":"2023-11-20T08:18:46","slug":"montag-20-november-internationaler-tag-der-kinderrechte","status":"publish","type":"post","link":"https:\/\/www.schiebener.net\/wordpress\/montag-20-november-internationaler-tag-der-kinderrechte\/","title":{"rendered":"Montag, 20. November: Internationaler Tag der Kinderrechte"},"content":{"rendered":"<div class=\"wp-block-image\">\n<figure class=\"aligncenter size-full\"><a href=\"https:\/\/www.schiebener.net\/wordpress\/wp-content\/uploads\/2023\/11\/2023112001KinderrechteKlein.png\" target=\"_blank\" rel=\"noreferrer noopener\"><img loading=\"lazy\" decoding=\"async\" width=\"1024\" height=\"868\" src=\"https:\/\/www.schiebener.net\/wordpress\/wp-content\/uploads\/2023\/11\/2023112001KinderrechteKlein.png\" alt=\"\" class=\"wp-image-56420\" srcset=\"https:\/\/www.schiebener.net\/wordpress\/wp-content\/uploads\/2023\/11\/2023112001KinderrechteKlein.png 1024w, https:\/\/www.schiebener.net\/wordpress\/wp-content\/uploads\/2023\/11\/2023112001KinderrechteKlein-300x254.png 300w, https:\/\/www.schiebener.net\/wordpress\/wp-content\/uploads\/2023\/11\/2023112001KinderrechteKlein-768x651.png 768w\" sizes=\"auto, (max-width: 709px) 85vw, (max-width: 909px) 67vw, (max-width: 1362px) 62vw, 840px\" \/><\/a><figcaption class=\"wp-element-caption\">Illustration: Eine Familie unter einer Glasglocke (Grafik: \u00a9 Stefan Eling)<\/figcaption><\/figure>\n<\/div>\n\n\n<blockquote class=\"wp-block-quote is-layout-flow wp-block-quote-is-layout-flow\">\n<p>\u201e\u201eJedes Kind hat das Recht auf einen Namen.\u201c<br \/>&#8222;Jedes Kind hat das Recht, vor wirtschaftlicher Ausbeutung gesch\u00fctzt zu werden.&#8220;<br \/>&#8222;Jedes Kind hat das Recht auf Bildung.&#8220;<br \/>&#8222;Jedes Kind hat das Recht auf das erreichbare H\u00f6chstma\u00df an Gesundheit.&#8220;<br \/>&#8222;Kein Kind darf zum Beispiel wegen seines Geschlechts benachteiligt werden.&#8220;\u201c <\/p>\n<cite>Kinderrechtskonvention der Vereinten Nationen<\/cite><\/blockquote>\n\n\n\n<p><strong>Seit 34 Jahren wird am 20. November der internationale Tag der Kinderrechte begangen. Denn am 20. November 1989 haben 191 <a href=\"https:\/\/www.hanisauland.de\/wissen\/lexikon\/grosses-lexikon\/s\/staat.html\" target=\"_blank\" rel=\"noreferrer noopener\">Staaten<\/a> der <a href=\"https:\/\/www.hanisauland.de\/wissen\/lexikon\/grosses-lexikon\/u\/uno.html\" target=\"_blank\" rel=\"noreferrer noopener\">UNO<\/a> eine wichtige <a href=\"https:\/\/www.hanisauland.de\/wissen\/lexikon\/grosses-lexikon\/k\/konvention.html\" target=\"_blank\" rel=\"noreferrer noopener\">Konvention<\/a> (\u00dcbereinkommen) unterschrieben: die <a href=\"https:\/\/www.hanisauland.de\/wissen\/lexikon\/grosses-lexikon\/k\/kinderrechtskonvention.html\" target=\"_blank\" rel=\"noreferrer noopener\">Kinderrechtskonvention<\/a>.<\/strong> <\/p>\n\n\n\n<p>Darin sind die Rechte der Kinder zusammengefasst. Die Staaten haben sich verpflichtet, die Rechte der Kinder zu achten, weil dies eine wichtige Voraussetzung f\u00fcr ein friedliches Zusammenleben der Menschen ist.<\/p>\n\n\n\n<h5 class=\"wp-block-heading\">Sch\u00fctzt die Kinder!<\/h5>\n\n\n\n<p>Da Kinder nicht so stark sind wie Erwachsene und sich auch nicht so gut wehren k\u00f6nnen, wenn ihnen Unrecht geschieht, brauchen sie besonderen Schutz. Schon vor mehr als 100 Jahren haben das viele Staaten erkannt und die sogenannte &#8222;Genfer Erkl\u00e4rung \u00fcber die Rechte der Kinder&#8220; niedergeschrieben. Inzwischen hat die UNO diese &#8222;Genfer Erkl\u00e4rung&#8220; von 1924 erweitert und verbessert.<\/p>\n\n\n\n<p>&#8212;&#8212;&#8212;&#8212;-<\/p>\n\n\n\n<p><strong>Quelle:<\/strong> Der <a href=\"https:\/\/www.hanisauland.de\/wissen\/kalender-allgemein\/kalender\/internationaler-tag-der-kinderrechte\" data-type=\"link\" data-id=\"https:\/\/www.hanisauland.de\/wissen\/kalender-allgemein\/kalender\/internationaler-tag-der-kinderrechte\" target=\"_blank\" rel=\"noreferrer noopener\">Text von Tanja Hebenstreit und Christiane Toyka-Seid<\/a> sowie die Grafik von Stefan Eling sind unter der <a href=\"https:\/\/www.hanisauland.de\/wissen\/info\/info-rechte-nutzung\" data-type=\"link\" data-id=\"https:\/\/www.hanisauland.de\/wissen\/info\/info-rechte-nutzung\" target=\"_blank\" rel=\"noreferrer noopener\">Commons BY-NC-ND\/3.0de<\/a>-Lizenz auf der Kinder- und Jugendwebsite der Bundeszentrale f\u00fcr Politische Bildung <a href=\"https:\/\/www.hanisauland.de\/\" data-type=\"link\" data-id=\"https:\/\/www.hanisauland.de\/\" target=\"_blank\" rel=\"noreferrer noopener\">Hanisauland<\/a> erschienen.<\/p>\n","protected":false},"excerpt":{"rendered":"<p>\u201e\u201eJedes Kind hat das Recht auf einen Namen.\u201c&#8222;Jedes Kind hat das Recht, vor wirtschaftlicher Ausbeutung gesch\u00fctzt zu werden.&#8220;&#8222;Jedes Kind hat das Recht auf Bildung.&#8220;&#8222;Jedes Kind hat das Recht auf das &hellip; <a href=\"https:\/\/www.schiebener.net\/wordpress\/montag-20-november-internationaler-tag-der-kinderrechte\/\" class=\"more-link\"><span class=\"screen-reader-text\">\u201eMontag, 20. November: Internationaler Tag der Kinderrechte\u201c <\/span>weiterlesen<\/a><\/p>\n","protected":false},"author":17,"featured_media":0,"comment_status":"open","ping_status":"open","sticky":false,"template":"","format":"standard","meta":{"footnotes":""},"categories":[3,303,6],"tags":[1026],"class_list":["post-56418","post","type-post","status-publish","format-standard","hentry","category-bildung-und-schule","category-in-unserem-briefkasten","category-kalenderblatt","tag-kinderrechte"],"_links":{"self":[{"href":"https:\/\/www.schiebener.net\/wordpress\/wp-json\/wp\/v2\/posts\/56418","targetHints":{"allow":["GET"]}}],"collection":[{"href":"https:\/\/www.schiebener.net\/wordpress\/wp-json\/wp\/v2\/posts"}],"about":[{"href":"https:\/\/www.schiebener.net\/wordpress\/wp-json\/wp\/v2\/types\/post"}],"author":[{"embeddable":true,"href":"https:\/\/www.schiebener.net\/wordpress\/wp-json\/wp\/v2\/users\/17"}],"replies":[{"embeddable":true,"href":"https:\/\/www.schiebener.net\/wordpress\/wp-json\/wp\/v2\/comments?post=56418"}],"version-history":[{"count":0,"href":"https:\/\/www.schiebener.net\/wordpress\/wp-json\/wp\/v2\/posts\/56418\/revisions"}],"wp:attachment":[{"href":"https:\/\/www.schiebener.net\/wordpress\/wp-json\/wp\/v2\/media?parent=56418"}],"wp:term":[{"taxonomy":"category","embeddable":true,"href":"https:\/\/www.schiebener.net\/wordpress\/wp-json\/wp\/v2\/categories?post=56418"},{"taxonomy":"post_tag","embeddable":true,"href":"https:\/\/www.schiebener.net\/wordpress\/wp-json\/wp\/v2\/tags?post=56418"}],"curies":[{"name":"wp","href":"https:\/\/api.w.org\/{rel}","templated":true}]}}