{"id":56416,"date":"2023-11-19T20:27:45","date_gmt":"2023-11-19T19:27:45","guid":{"rendered":"https:\/\/www.schiebener.net\/wordpress\/?p=56416"},"modified":"2023-11-19T20:27:45","modified_gmt":"2023-11-19T19:27:45","slug":"umleitung-heimliches-filmen-rechtsextreme-funke-reporter-bedroht-hass-auf-israel-geschichte-westfalens-dialog-ueber-rassismus-facebook-bluesky-und-mehr","status":"publish","type":"post","link":"https:\/\/www.schiebener.net\/wordpress\/umleitung-heimliches-filmen-rechtsextreme-funke-reporter-bedroht-hass-auf-israel-geschichte-westfalens-dialog-ueber-rassismus-facebook-bluesky-und-mehr\/","title":{"rendered":"Umleitung: heimliches Filmen, Rechtsextreme, Funke-Reporter bedroht, Hass auf Israel, Geschichte Westfalens, Dialog \u00fcber Rassismus, Facebook, BlueSky und mehr"},"content":{"rendered":"<div class=\"wp-block-image\">\n<figure class=\"aligncenter size-large\"><a href=\"https:\/\/www.schiebener.net\/wordpress\/wp-content\/uploads\/2023\/11\/2023111824Silbach.jpg\" target=\"_blank\" rel=\"noreferrer noopener\"><img loading=\"lazy\" decoding=\"async\" width=\"1024\" height=\"683\" src=\"https:\/\/www.schiebener.net\/wordpress\/wp-content\/uploads\/2023\/11\/2023111824Silbach-1024x683.jpg\" alt=\"\" class=\"wp-image-56411\" srcset=\"https:\/\/www.schiebener.net\/wordpress\/wp-content\/uploads\/2023\/11\/2023111824Silbach-1024x683.jpg 1024w, https:\/\/www.schiebener.net\/wordpress\/wp-content\/uploads\/2023\/11\/2023111824Silbach-300x200.jpg 300w, https:\/\/www.schiebener.net\/wordpress\/wp-content\/uploads\/2023\/11\/2023111824Silbach-768x512.jpg 768w, https:\/\/www.schiebener.net\/wordpress\/wp-content\/uploads\/2023\/11\/2023111824Silbach-1536x1024.jpg 1536w, https:\/\/www.schiebener.net\/wordpress\/wp-content\/uploads\/2023\/11\/2023111824Silbach-1200x800.jpg 1200w, https:\/\/www.schiebener.net\/wordpress\/wp-content\/uploads\/2023\/11\/2023111824Silbach.jpg 2048w\" sizes=\"auto, (max-width: 709px) 85vw, (max-width: 909px) 67vw, (max-width: 1362px) 62vw, 840px\" \/><\/a><figcaption class=\"wp-element-caption\">Auf dem Weg von Silbach nach Siedlinghausen (foto: zoom)<\/figcaption><\/figure>\n<\/div>\n\n\n<p><strong>Dein Bild als Beute:<\/strong> Das heimliche Filmen in der \u00d6ffentlichkeit hat sich zu einem eigenen Genre in den sozialen Medien entwickelt &#8230; <a href=\"https:\/\/netzpolitik.org\/2023\/ohne-einverstaendnis-dein-bild-als-beute\/\" target=\"_blank\" rel=\"noreferrer noopener\">netzpolitik<\/a><\/p>\n\n\n\n<p><strong>\u201eFlak\u201c:<\/strong> Rechtsextremer Musiker kann aus THW entlassen werden &#8230; <a href=\"https:\/\/www.endstation-rechts.de\/news\/flak-rechtsextremer-musiker-kann-aus-thw-entlassen-werden\" target=\"_blank\" rel=\"noreferrer noopener\">endstationrechts<\/a><\/p>\n\n\n\n<p><strong>Staatlich subventionierte Hetze:<\/strong> Das meiste Geld f\u00fcr die rechtsradikale AfD kommt vom Staat. Mit Millionen Steuer-Euros bezahlt die Gesellschaft der Partei ihre Arbeit, die Demokratie abzuschaffen und Rassismus zu verbreiten &#8230; <a href=\"https:\/\/www.der-rechte-rand.de\/archive\/9851\/staatlich-subventionierte-hetze\/\" target=\"_blank\" rel=\"noreferrer noopener\">derrechterand<\/a><\/p>\n\n\n\n<p><strong>Funke-Reporter bei AfD-Parteitag in Th\u00fcringen erneut bedroht sagt:<\/strong> Beim Verlassen des Veranstaltungssaals wurde unser Reporter erst beschimpft, dann wurde er geschlagen und ihm die Kopfbedeckung abgezogen. Als der Reporter der Ostth\u00fcringer Zeitung kurze Zeit sp\u00e4ter in sein Auto stieg und losfahren wollte, bemerkte er in allen vier Reifen Schrauben, die bis zum Kopf versenkt worden waren &#8230; <a href=\"https:\/\/www.medienmoral-nrw.de\/2019\/02\/funke-nrw-betriebsraete-sehen-300-stellen-allein-in-nrw-auf-der-kippe\/comment-page-12\/#comment-311749\" data-type=\"link\" data-id=\"https:\/\/www.medienmoral-nrw.de\/2019\/02\/funke-nrw-betriebsraete-sehen-300-stellen-allein-in-nrw-auf-der-kippe\/comment-page-12\/#comment-311749\" target=\"_blank\" rel=\"noreferrer noopener\">medienmoral<\/a><\/p>\n\n\n\n<p><strong>Im Landtag BW gegen Antisemitismus:<\/strong> Am Donnerstag dieser Woche hielt ich die wichtigste Rede meines bisherigen Lebens &#8230; <a href=\"https:\/\/scilogs.spektrum.de\/natur-des-glaubens\/im-landtag-bw-gegen-antisemitismus-meine-rede-zum-9-11-2023\/\" data-type=\"link\" data-id=\"https:\/\/scilogs.spektrum.de\/natur-des-glaubens\/im-landtag-bw-gegen-antisemitismus-meine-rede-zum-9-11-2023\/\" target=\"_blank\" rel=\"noreferrer noopener\">scilogs<\/a><\/p>\n\n\n\n<p><strong>Hass auf Israel:<\/strong> Hass auf Juden und aktuell Israel ist nichts Neues. Es gibt ihn seit Jahrhunderten. Ihren bisherigen H\u00f6hepunkt erreichte er im Nationalsozialismus der Nazis in Deutschland &#8230; <a href=\"https:\/\/robert-rutkowski.de\/hass-auf-israel\/\" data-type=\"link\" data-id=\"https:\/\/robert-rutkowski.de\/hass-auf-israel\/\" target=\"_blank\" rel=\"noreferrer noopener\">gedankensplitter<\/a><\/p>\n\n\n\n<p><strong>Verpflichtende Selbsteinsch\u00e4tzung (Satire):<\/strong> \u201e\u2026 f\u00fchle sich Waltraut S. (75) zunehmend von Radfahrern provoziert, die ihr den Parkplatz in der Einkaufsstra\u00dfe wegnehmen w\u00fcrden. Auch eine Verurteilung wegen gef\u00e4hrlicher K\u00f6rperverletzung habe die ehemalige Berufsschullehrerin nicht zu der gew\u00fcnschten Einsicht in die notwendigen\u2026\u201c &#8230; <a href=\"https:\/\/zynaesthesie.wordpress.com\/2023\/11\/16\/verpflichtende-selbsteinschaetzung\/\" data-type=\"link\" data-id=\"https:\/\/zynaesthesie.wordpress.com\/2023\/11\/16\/verpflichtende-selbsteinschaetzung\/\" target=\"_blank\" rel=\"noreferrer noopener\">zynaesthesie<\/a><\/p>\n\n\n\n<p><strong>LWL-Videoserie:<\/strong> \u201eEine kurze Geschichte Westfalens in der Fr\u00fchen Neuzeit\u201c &#8230; <a href=\"https:\/\/www.siwiarchiv.de\/lwl-videoserie-eine-kurze-geschichte-westfalens-in-der-fruehen-neuzeit-die-reformation-01-06\/\" data-type=\"link\" data-id=\"https:\/\/www.siwiarchiv.de\/lwl-videoserie-eine-kurze-geschichte-westfalens-in-der-fruehen-neuzeit-die-reformation-01-06\/\" target=\"_blank\" rel=\"noreferrer noopener\">siwiarchiv<\/a><\/p>\n\n\n\n<p><strong>Jacob Riis \u2013 How the other half lives (1890):<\/strong> &#8222;Was mich pers\u00f6nlich in dieser Reportage aus dem New York des Jahres 1890 sehr fasziniert hat, ist die Verachtung, die aus wirklich jeder Beschreibung und jedem Wort \u00fcber die \u201eTramps\u201c trieft. Die Sozialreportage, das Eintauchen in die Welt der Armen, der Trinker, der Obdachlosen ist normalerweise von Haus aus einf\u00fchlsam&#8220; &#8230; <a href=\"https:\/\/schmalenstroer.net\/blog\/2023\/11\/jacob-riis-how-the-other-half-lives-1890\/\" data-type=\"link\" data-id=\"https:\/\/schmalenstroer.net\/blog\/2023\/11\/jacob-riis-how-the-other-half-lives-1890\/\" target=\"_blank\" rel=\"noreferrer noopener\">schmalenstroer<\/a><\/p>\n\n\n\n<p><strong>Ein Dialog \u00fcber Rassismus in Dorstfeld:<\/strong> Die Autorin Dr. Natasha A. Kelly kommt nach Dortmund &#8230; <a href=\"https:\/\/www.nordstadtblogger.de\/ein-dialog-ueber-rassismus-in-dorstfeld-die-autorin-dr-natasha-a-kelly-kommt-nach-dortmund\/\" data-type=\"link\" data-id=\"https:\/\/www.nordstadtblogger.de\/ein-dialog-ueber-rassismus-in-dorstfeld-die-autorin-dr-natasha-a-kelly-kommt-nach-dortmund\/\" target=\"_blank\" rel=\"noreferrer noopener\">nordstadtblogger<\/a><\/p>\n\n\n\n<p><strong>Facebook:<\/strong> Schlechtes noch schlechter machen \u2013 daf\u00fcr aber Geld nehmen &#8230; <a href=\"https:\/\/unkreativ.net\/facebook-schlechtes-noch-schlechter-machen-dafuer-aber-geld-nehmen\/\" data-type=\"link\" data-id=\"https:\/\/unkreativ.net\/facebook-schlechtes-noch-schlechter-machen-dafuer-aber-geld-nehmen\/\" target=\"_blank\" rel=\"noreferrer noopener\">unkreativ<\/a><\/p>\n\n\n\n<p><strong>Bei der n\u00e4chsten Social-Media-Plattform wird alles anders:<\/strong> Warum ich mich nicht bei Bluesky anmelde &#8230; <a href=\"https:\/\/zeitgeschichte-online.de\/node\/70045\" data-type=\"link\" data-id=\"https:\/\/zeitgeschichte-online.de\/node\/70045\" target=\"_blank\" rel=\"noreferrer noopener\">zeitgeschichte<\/a><\/p>\n\n\n\n<p><strong>Aus dem Leben gerissen:<\/strong> Klavier-Festival-Intendant Franz Xaver Ohnesorg ist tot &#8230; <a href=\"https:\/\/www.revierpassagen.de\/132103\/aus-dem-leben-gerissen-klavier-festival-intendant-franz-xaver-ohnesorg-ist-tot\/20231116_1905\" data-type=\"link\" data-id=\"https:\/\/www.revierpassagen.de\/132103\/aus-dem-leben-gerissen-klavier-festival-intendant-franz-xaver-ohnesorg-ist-tot\/20231116_1905\" target=\"_blank\" rel=\"noreferrer noopener\">revierpassagen<\/a><\/p>\n","protected":false},"excerpt":{"rendered":"<p>Dein Bild als Beute: Das heimliche Filmen in der \u00d6ffentlichkeit hat sich zu einem eigenen Genre in den sozialen Medien entwickelt &#8230; netzpolitik \u201eFlak\u201c: Rechtsextremer Musiker kann aus THW entlassen &hellip; <a href=\"https:\/\/www.schiebener.net\/wordpress\/umleitung-heimliches-filmen-rechtsextreme-funke-reporter-bedroht-hass-auf-israel-geschichte-westfalens-dialog-ueber-rassismus-facebook-bluesky-und-mehr\/\" class=\"more-link\"><span class=\"screen-reader-text\">\u201eUmleitung: heimliches Filmen, Rechtsextreme, Funke-Reporter bedroht, Hass auf Israel, Geschichte Westfalens, Dialog \u00fcber Rassismus, Facebook, BlueSky und mehr\u201c <\/span>weiterlesen<\/a><\/p>\n","protected":false},"author":3,"featured_media":0,"comment_status":"open","ping_status":"open","sticky":false,"template":"","format":"standard","meta":{"footnotes":""},"categories":[8668,319,32,27,7507,8669,6314,2782,4761,379,618],"tags":[4271,5449,3840,744,1418,6380],"class_list":["post-56416","post","type-post","status-publish","format-standard","hentry","category-antisemitismus","category-geschichte","category-medien","category-musik","category-nationalsozialismus","category-rassismus","category-rechtsextremismus","category-satire","category-soziales","category-umleitung","category-verkehr","tag-afd","tag-bildrechte","tag-dortmund-dorstfeld","tag-facebook","tag-israel","tag-new-york"],"_links":{"self":[{"href":"https:\/\/www.schiebener.net\/wordpress\/wp-json\/wp\/v2\/posts\/56416","targetHints":{"allow":["GET"]}}],"collection":[{"href":"https:\/\/www.schiebener.net\/wordpress\/wp-json\/wp\/v2\/posts"}],"about":[{"href":"https:\/\/www.schiebener.net\/wordpress\/wp-json\/wp\/v2\/types\/post"}],"author":[{"embeddable":true,"href":"https:\/\/www.schiebener.net\/wordpress\/wp-json\/wp\/v2\/users\/3"}],"replies":[{"embeddable":true,"href":"https:\/\/www.schiebener.net\/wordpress\/wp-json\/wp\/v2\/comments?post=56416"}],"version-history":[{"count":0,"href":"https:\/\/www.schiebener.net\/wordpress\/wp-json\/wp\/v2\/posts\/56416\/revisions"}],"wp:attachment":[{"href":"https:\/\/www.schiebener.net\/wordpress\/wp-json\/wp\/v2\/media?parent=56416"}],"wp:term":[{"taxonomy":"category","embeddable":true,"href":"https:\/\/www.schiebener.net\/wordpress\/wp-json\/wp\/v2\/categories?post=56416"},{"taxonomy":"post_tag","embeddable":true,"href":"https:\/\/www.schiebener.net\/wordpress\/wp-json\/wp\/v2\/tags?post=56416"}],"curies":[{"name":"wp","href":"https:\/\/api.w.org\/{rel}","templated":true}]}}