{"id":56368,"date":"2023-11-16T21:18:48","date_gmt":"2023-11-16T20:18:48","guid":{"rendered":"https:\/\/www.schiebener.net\/wordpress\/?p=56368"},"modified":"2023-11-16T21:18:48","modified_gmt":"2023-11-16T20:18:48","slug":"afd-muss-monitor-team-zum-parteitag-zulassen","status":"publish","type":"post","link":"https:\/\/www.schiebener.net\/wordpress\/afd-muss-monitor-team-zum-parteitag-zulassen\/","title":{"rendered":"AfD muss \u201eMonitor\u201c-Team zum Parteitag zulassen"},"content":{"rendered":"\n<h2 class=\"wp-block-heading\"><strong>Einstweilige Verf\u00fcgung gegen die AfD Th\u00fcringen<\/strong><\/h2>\n\n\n<div class=\"wp-block-image\">\n<figure class=\"aligncenter size-large\"><a href=\"https:\/\/www.schiebener.net\/wordpress\/wp-content\/uploads\/2023\/11\/20231116Monitor_logo.jpg\" target=\"_blank\" rel=\"noreferrer noopener\"><img loading=\"lazy\" decoding=\"async\" width=\"1024\" height=\"755\" src=\"https:\/\/www.schiebener.net\/wordpress\/wp-content\/uploads\/2023\/11\/20231116Monitor_logo-1024x755.jpg\" alt=\"\" class=\"wp-image-56369\" srcset=\"https:\/\/www.schiebener.net\/wordpress\/wp-content\/uploads\/2023\/11\/20231116Monitor_logo-1024x755.jpg 1024w, https:\/\/www.schiebener.net\/wordpress\/wp-content\/uploads\/2023\/11\/20231116Monitor_logo-300x221.jpg 300w, https:\/\/www.schiebener.net\/wordpress\/wp-content\/uploads\/2023\/11\/20231116Monitor_logo-768x566.jpg 768w, https:\/\/www.schiebener.net\/wordpress\/wp-content\/uploads\/2023\/11\/20231116Monitor_logo-1200x885.jpg 1200w, https:\/\/www.schiebener.net\/wordpress\/wp-content\/uploads\/2023\/11\/20231116Monitor_logo.jpg 1280w\" sizes=\"auto, (max-width: 709px) 85vw, (max-width: 909px) 67vw, (max-width: 1362px) 62vw, 840px\" \/><\/a><figcaption class=\"wp-element-caption\">Logo der Sendung Monitor (Quelle: <a href=\"https:\/\/commons.wikimedia.org\/wiki\/File:Monitor_logo.svg#\/media\/File:Monitor_logo.svg\" target=\"_blank\" rel=\"noreferrer noopener\">Wikimedia<\/a>)<\/figcaption><\/figure>\n<\/div>\n\n\n<p><strong>Das Landgericht Erfurt hat auf Antrag des WDR eine einstweilige Verf\u00fcgung gegen die AfD Th\u00fcringen erlassen. Damit muss die Partei am Wochenende Journalist:innen des ARD-Magazins \u201eMonitor\u201c Zugang zum Landesparteitag der AfD Th\u00fcringen (17. bis 19.11.) gew\u00e4hren.<\/strong><br \/><br \/><em>(Pressemitteilung WDR und Bericht rnd)<\/em><br \/><br \/>Der rechtsextremistische Landesverband der AfD hatte dem Team von \u201eMonitor\u201c (WDR) die Akkreditierung f\u00fcr den Parteitag verweigert, weil die Partei die \u201eMonitor\u201c-Berichterstattung ablehnt. Dagegen wehrte sich der WDR nun mit Erfolg. Ellen Ehni, Chefredakteurin Politik und Zeitgeschehen des WDR: &#8222;Das ist ein Erfolg f\u00fcr die freie Berichterstattung in diesem Land \u2013 und f\u00fcr die Demokratie. Das Gericht best\u00e4rkt uns in unserem Auftrag. Dazu geh\u00f6rt auch die Berichterstattung \u00fcber Landesparteitage, bei denen kritische Fragen selbstverst\u00e4ndlich m\u00f6glich sein m\u00fcssen.\u201c<\/p>\n\n\n\n<p>Der AfD Landesverband habe allerdings, so das <a href=\"https:\/\/www.rnd.de\/medien\/thueringen-afd-muss-monitor-team-zugang-zum-parteitag-ermoeglichen-OG4LD4CF35NZXIN2KYDUPXER7E.html\" data-type=\"link\" data-id=\"https:\/\/www.rnd.de\/medien\/thueringen-afd-muss-monitor-team-zugang-zum-parteitag-ermoeglichen-OG4LD4CF35NZXIN2KYDUPXER7E.html\" target=\"_blank\" rel=\"noreferrer noopener\">Redaktionsnetzwerk Deutschland<\/a> (rnd), eine m\u00fcndliche Verhandlung in der Sache gefordert. Wie der Fall bei Gericht nun weitergehe und ob es zu einer Verhandlung komme, bleibe zun\u00e4chst offen.<\/p>\n","protected":false},"excerpt":{"rendered":"<p>Einstweilige Verf\u00fcgung gegen die AfD Th\u00fcringen Das Landgericht Erfurt hat auf Antrag des WDR eine einstweilige Verf\u00fcgung gegen die AfD Th\u00fcringen erlassen. Damit muss die Partei am Wochenende Journalist:innen des &hellip; <a href=\"https:\/\/www.schiebener.net\/wordpress\/afd-muss-monitor-team-zum-parteitag-zulassen\/\" class=\"more-link\"><span class=\"screen-reader-text\">\u201eAfD muss \u201eMonitor\u201c-Team zum Parteitag zulassen\u201c <\/span>weiterlesen<\/a><\/p>\n","protected":false},"author":3,"featured_media":0,"comment_status":"open","ping_status":"open","sticky":false,"template":"","format":"standard","meta":{"footnotes":""},"categories":[303,32,1043,6314],"tags":[4271,559,893],"class_list":["post-56368","post","type-post","status-publish","format-standard","hentry","category-in-unserem-briefkasten","category-medien","category-pressemitteilungen","category-rechtsextremismus","tag-afd","tag-monitor","tag-thuringen"],"_links":{"self":[{"href":"https:\/\/www.schiebener.net\/wordpress\/wp-json\/wp\/v2\/posts\/56368","targetHints":{"allow":["GET"]}}],"collection":[{"href":"https:\/\/www.schiebener.net\/wordpress\/wp-json\/wp\/v2\/posts"}],"about":[{"href":"https:\/\/www.schiebener.net\/wordpress\/wp-json\/wp\/v2\/types\/post"}],"author":[{"embeddable":true,"href":"https:\/\/www.schiebener.net\/wordpress\/wp-json\/wp\/v2\/users\/3"}],"replies":[{"embeddable":true,"href":"https:\/\/www.schiebener.net\/wordpress\/wp-json\/wp\/v2\/comments?post=56368"}],"version-history":[{"count":0,"href":"https:\/\/www.schiebener.net\/wordpress\/wp-json\/wp\/v2\/posts\/56368\/revisions"}],"wp:attachment":[{"href":"https:\/\/www.schiebener.net\/wordpress\/wp-json\/wp\/v2\/media?parent=56368"}],"wp:term":[{"taxonomy":"category","embeddable":true,"href":"https:\/\/www.schiebener.net\/wordpress\/wp-json\/wp\/v2\/categories?post=56368"},{"taxonomy":"post_tag","embeddable":true,"href":"https:\/\/www.schiebener.net\/wordpress\/wp-json\/wp\/v2\/tags?post=56368"}],"curies":[{"name":"wp","href":"https:\/\/api.w.org\/{rel}","templated":true}]}}