{"id":56202,"date":"2023-11-05T21:20:21","date_gmt":"2023-11-05T20:20:21","guid":{"rendered":"https:\/\/www.schiebener.net\/wordpress\/?p=56202"},"modified":"2023-11-18T15:28:34","modified_gmt":"2023-11-18T14:28:34","slug":"ein-novembergruss-aus-winterberg-geht-nach-koeln-bonjour-tristesse","status":"publish","type":"post","link":"https:\/\/www.schiebener.net\/wordpress\/ein-novembergruss-aus-winterberg-geht-nach-koeln-bonjour-tristesse\/","title":{"rendered":"Ein Novembergru\u00df aus Winterberg geht nach K\u00f6ln: Bonjour tristesse"},"content":{"rendered":"<div class=\"wp-block-image\">\n<figure class=\"aligncenter size-large\"><a href=\"https:\/\/www.schiebener.net\/wordpress\/wp-content\/uploads\/2023\/11\/2023110509Winterberg.jpg\" target=\"_blank\" rel=\"noreferrer noopener\"><img loading=\"lazy\" decoding=\"async\" width=\"1024\" height=\"768\" src=\"https:\/\/www.schiebener.net\/wordpress\/wp-content\/uploads\/2023\/11\/2023110509Winterberg-1024x768.jpg\" alt=\"\" class=\"wp-image-56203\" srcset=\"https:\/\/www.schiebener.net\/wordpress\/wp-content\/uploads\/2023\/11\/2023110509Winterberg-1024x768.jpg 1024w, https:\/\/www.schiebener.net\/wordpress\/wp-content\/uploads\/2023\/11\/2023110509Winterberg-300x225.jpg 300w, https:\/\/www.schiebener.net\/wordpress\/wp-content\/uploads\/2023\/11\/2023110509Winterberg-768x576.jpg 768w, https:\/\/www.schiebener.net\/wordpress\/wp-content\/uploads\/2023\/11\/2023110509Winterberg-1536x1151.jpg 1536w, https:\/\/www.schiebener.net\/wordpress\/wp-content\/uploads\/2023\/11\/2023110509Winterberg-1200x899.jpg 1200w, https:\/\/www.schiebener.net\/wordpress\/wp-content\/uploads\/2023\/11\/2023110509Winterberg.jpg 2048w\" sizes=\"auto, (max-width: 709px) 85vw, (max-width: 909px) 67vw, (max-width: 1362px) 62vw, 840px\" \/><\/a><figcaption class=\"wp-element-caption\">Das Toilettenhaus an der Neuen Mitte (foto: zoom)<\/figcaption><\/figure>\n<\/div>\n\n\n<p><strong>Schon seit l\u00e4ngerer Zeit hatte ich die Idee, Winterberg und seine Ortsteile jenseits der Tourismusbrosch\u00fcren und Reklamebilder im Netz zu fotografieren. Die Umsetzung scheiterte bislang daran, dass ich viel zu komplizierte Anspr\u00fcche entwickelte. Das Projekt war tot, bevor es das Licht der Welt erblickt hatte. <\/strong><\/p>\n\n\n\n<p>In K\u00f6ln streifte derweil Christoph Pallaske durch die Stadtteile und Vororte. Er wollte jenseits von &#8222;Dom, [&#8230;] Hohenzollernbr\u00fccke und [&#8230;] Innenstadt&#8220; mit der Kamera &#8222;Perspektiven auf das suburbane K\u00f6ln anschaulich&#8220; machen.<\/p>\n\n\n\n<p>(Quelle: <a rel=\"noreferrer noopener\" href=\"https:\/\/koeln-vorort.de\/koeln-vorort\/\" target=\"_blank\">https:\/\/koeln-vorort.de\/koeln-vorort\/<\/a>)<br \/><br \/>Typische Merkmale der Vorort-Fotos, so Pallaske, seien die suburbane soziale \u00d6dnis (es sind oft keine Menschen auf der Stra\u00dfe zu sehen), die h\u00e4ufige Dominanz des Autos sowie gelegentlich auch Auswirkungen des Klimawandels.<\/p>\n\n\n\n<p>(Quelle: <a href=\"https:\/\/historischdenken.hypotheses.org\/6409\" target=\"_blank\" rel=\"noreferrer noopener\">https:\/\/historischdenken.hypotheses.org\/6409<\/a>)<\/p>\n\n\n\n<p><a href=\"https:\/\/social.cologne\/@koelnvorort\" data-type=\"link\" data-id=\"https:\/\/social.cologne\/@koelnvorort\" target=\"_blank\" rel=\"noreferrer noopener\">Auf Mastodon<\/a> konnte man die Entwicklung des Fotoblogs <a rel=\"noreferrer noopener\" href=\"https:\/\/koeln-vorort.de\/koeln-vorort\/\" data-type=\"link\" data-id=\"https:\/\/koeln-vorort.de\/koeln-vorort\/\" target=\"_blank\">K\u00f6ln Vorort<\/a> miterleben. Meine anf\u00e4ngliche Skepsis (&#8222;Keine Menschen&#8220;?) wandelte sich rasch in Sympathie und Begeisterung.<\/p>\n\n\n\n<p>Lange Vorrede, kurzer Sinn: Guckt euch das <a href=\"https:\/\/koeln-vorort.de\/\" data-type=\"link\" data-id=\"https:\/\/koeln-vorort.de\/\" target=\"_blank\" rel=\"noreferrer noopener\">K\u00f6lner Vorort Blog<\/a> an. <\/p>\n\n\n\n<p>Mir hat es den Ansto\u00df gegeben, am heutigen verregneten 5. November 2023 zu versuchen, \u00d6dnis und Tristesse in der Kernstadt Winterberg mit ein paar Fotos einzufangen.<\/p>\n\n\n<div class=\"wp-block-image\">\n<figure class=\"aligncenter size-large\"><a href=\"https:\/\/www.schiebener.net\/wordpress\/wp-content\/uploads\/2023\/11\/2023110502Winterberg.jpg\" target=\"_blank\" rel=\"noreferrer noopener\"><img loading=\"lazy\" decoding=\"async\" width=\"1024\" height=\"768\" src=\"https:\/\/www.schiebener.net\/wordpress\/wp-content\/uploads\/2023\/11\/2023110502Winterberg-1024x768.jpg\" alt=\"\" class=\"wp-image-56204\" srcset=\"https:\/\/www.schiebener.net\/wordpress\/wp-content\/uploads\/2023\/11\/2023110502Winterberg-1024x768.jpg 1024w, https:\/\/www.schiebener.net\/wordpress\/wp-content\/uploads\/2023\/11\/2023110502Winterberg-300x225.jpg 300w, https:\/\/www.schiebener.net\/wordpress\/wp-content\/uploads\/2023\/11\/2023110502Winterberg-768x576.jpg 768w, https:\/\/www.schiebener.net\/wordpress\/wp-content\/uploads\/2023\/11\/2023110502Winterberg-1536x1152.jpg 1536w, https:\/\/www.schiebener.net\/wordpress\/wp-content\/uploads\/2023\/11\/2023110502Winterberg-1200x900.jpg 1200w, https:\/\/www.schiebener.net\/wordpress\/wp-content\/uploads\/2023\/11\/2023110502Winterberg.jpg 2048w\" sizes=\"auto, (max-width: 709px) 85vw, (max-width: 909px) 67vw, (max-width: 1362px) 62vw, 840px\" \/><\/a><figcaption class=\"wp-element-caption\">Hier am Waltenberg stand das alte Hotel Claassen, heute Ferien- und Eigentumswohnungen (foto: zoom)<\/figcaption><\/figure>\n<\/div>\n\n\n<p>Mein Streifzug dauerte gar nicht lange. Er f\u00fchrte mich vom Waltenberg direkt zur Neuen Mitte.<\/p>\n\n\n<div class=\"wp-block-image\">\n<figure class=\"aligncenter size-large\"><a href=\"https:\/\/www.schiebener.net\/wordpress\/wp-content\/uploads\/2023\/11\/2023110503Winterberg.jpg\" target=\"_blank\" rel=\"noreferrer noopener\"><img loading=\"lazy\" decoding=\"async\" width=\"1024\" height=\"768\" src=\"https:\/\/www.schiebener.net\/wordpress\/wp-content\/uploads\/2023\/11\/2023110503Winterberg-1024x768.jpg\" alt=\"\" class=\"wp-image-56205\" srcset=\"https:\/\/www.schiebener.net\/wordpress\/wp-content\/uploads\/2023\/11\/2023110503Winterberg-1024x768.jpg 1024w, https:\/\/www.schiebener.net\/wordpress\/wp-content\/uploads\/2023\/11\/2023110503Winterberg-300x225.jpg 300w, https:\/\/www.schiebener.net\/wordpress\/wp-content\/uploads\/2023\/11\/2023110503Winterberg-768x576.jpg 768w, https:\/\/www.schiebener.net\/wordpress\/wp-content\/uploads\/2023\/11\/2023110503Winterberg-1536x1152.jpg 1536w, https:\/\/www.schiebener.net\/wordpress\/wp-content\/uploads\/2023\/11\/2023110503Winterberg-1200x900.jpg 1200w, https:\/\/www.schiebener.net\/wordpress\/wp-content\/uploads\/2023\/11\/2023110503Winterberg.jpg 2048w\" sizes=\"auto, (max-width: 709px) 85vw, (max-width: 909px) 67vw, (max-width: 1362px) 62vw, 840px\" \/><\/a><figcaption class=\"wp-element-caption\">Neue Mitte 3, unten ein Lebensmittel-Discounter, oben ein Kleidergesch\u00e4ft (foto: zoom)<\/figcaption><\/figure>\n<\/div>\n\n\n<p>Wenn man von Bessmann \u00fcber den gro\u00dfen Parkplatz geht, kommt man zu Edeka\/DM im Untergeschoss des stadtnahen Teils der Neuen Mitte.<\/p>\n\n\n<div class=\"wp-block-image\">\n<figure class=\"aligncenter size-large\"><a href=\"https:\/\/www.schiebener.net\/wordpress\/wp-content\/uploads\/2023\/11\/2023110504Winterberg.jpg\" target=\"_blank\" rel=\"noreferrer noopener\"><img loading=\"lazy\" decoding=\"async\" width=\"1024\" height=\"768\" src=\"https:\/\/www.schiebener.net\/wordpress\/wp-content\/uploads\/2023\/11\/2023110504Winterberg-1024x768.jpg\" alt=\"\" class=\"wp-image-56206\" srcset=\"https:\/\/www.schiebener.net\/wordpress\/wp-content\/uploads\/2023\/11\/2023110504Winterberg-1024x768.jpg 1024w, https:\/\/www.schiebener.net\/wordpress\/wp-content\/uploads\/2023\/11\/2023110504Winterberg-300x225.jpg 300w, https:\/\/www.schiebener.net\/wordpress\/wp-content\/uploads\/2023\/11\/2023110504Winterberg-768x576.jpg 768w, https:\/\/www.schiebener.net\/wordpress\/wp-content\/uploads\/2023\/11\/2023110504Winterberg-1536x1152.jpg 1536w, https:\/\/www.schiebener.net\/wordpress\/wp-content\/uploads\/2023\/11\/2023110504Winterberg-1200x900.jpg 1200w, https:\/\/www.schiebener.net\/wordpress\/wp-content\/uploads\/2023\/11\/2023110504Winterberg.jpg 2048w\" sizes=\"auto, (max-width: 709px) 85vw, (max-width: 909px) 67vw, (max-width: 1362px) 62vw, 840px\" \/><\/a><figcaption class=\"wp-element-caption\">Edeka und DM liegen Bessmann\/ALDI gegen\u00fcber (foto: zoom)<\/figcaption><\/figure>\n<\/div>\n\n\n<p>Dann geht es eine Treppe hinauf.<\/p>\n\n\n<div class=\"wp-block-image\">\n<figure class=\"aligncenter size-large\"><a href=\"https:\/\/www.schiebener.net\/wordpress\/wp-content\/uploads\/2023\/11\/2023110505Winterberg.jpg\" target=\"_blank\" rel=\"noreferrer noopener\"><img loading=\"lazy\" decoding=\"async\" width=\"768\" height=\"1024\" src=\"https:\/\/www.schiebener.net\/wordpress\/wp-content\/uploads\/2023\/11\/2023110505Winterberg-768x1024.jpg\" alt=\"\" class=\"wp-image-56207\" srcset=\"https:\/\/www.schiebener.net\/wordpress\/wp-content\/uploads\/2023\/11\/2023110505Winterberg-768x1024.jpg 768w, https:\/\/www.schiebener.net\/wordpress\/wp-content\/uploads\/2023\/11\/2023110505Winterberg-225x300.jpg 225w, https:\/\/www.schiebener.net\/wordpress\/wp-content\/uploads\/2023\/11\/2023110505Winterberg-1152x1536.jpg 1152w, https:\/\/www.schiebener.net\/wordpress\/wp-content\/uploads\/2023\/11\/2023110505Winterberg-1200x1600.jpg 1200w, https:\/\/www.schiebener.net\/wordpress\/wp-content\/uploads\/2023\/11\/2023110505Winterberg.jpg 1536w\" sizes=\"auto, (max-width: 709px) 85vw, (max-width: 909px) 67vw, (max-width: 984px) 61vw, (max-width: 1362px) 45vw, 600px\" \/><\/a><figcaption class=\"wp-element-caption\">Treppe links vom Edeka-Markt (foto: zoom)<\/figcaption><\/figure>\n<\/div>\n\n\n<p>Oben angekommen&#8230;<\/p>\n\n\n<div class=\"wp-block-image\">\n<figure class=\"aligncenter size-large\"><a href=\"https:\/\/www.schiebener.net\/wordpress\/wp-content\/uploads\/2023\/11\/2023110506Winterberg.jpg\" target=\"_blank\" rel=\"noreferrer noopener\"><img loading=\"lazy\" decoding=\"async\" width=\"1024\" height=\"768\" src=\"https:\/\/www.schiebener.net\/wordpress\/wp-content\/uploads\/2023\/11\/2023110506Winterberg-1024x768.jpg\" alt=\"\" class=\"wp-image-56208\" srcset=\"https:\/\/www.schiebener.net\/wordpress\/wp-content\/uploads\/2023\/11\/2023110506Winterberg-1024x768.jpg 1024w, https:\/\/www.schiebener.net\/wordpress\/wp-content\/uploads\/2023\/11\/2023110506Winterberg-300x225.jpg 300w, https:\/\/www.schiebener.net\/wordpress\/wp-content\/uploads\/2023\/11\/2023110506Winterberg-768x576.jpg 768w, https:\/\/www.schiebener.net\/wordpress\/wp-content\/uploads\/2023\/11\/2023110506Winterberg-1536x1152.jpg 1536w, https:\/\/www.schiebener.net\/wordpress\/wp-content\/uploads\/2023\/11\/2023110506Winterberg-1200x900.jpg 1200w, https:\/\/www.schiebener.net\/wordpress\/wp-content\/uploads\/2023\/11\/2023110506Winterberg.jpg 2048w\" sizes=\"auto, (max-width: 709px) 85vw, (max-width: 909px) 67vw, (max-width: 1362px) 62vw, 840px\" \/><\/a><figcaption class=\"wp-element-caption\">Blick \u00fcber das obere Parkdeck, im Hintergrund das Bessmann-Geb\u00e4ude (foto: zoom)<\/figcaption><\/figure>\n<\/div>\n\n\n<p>Weiter geht es.<\/p>\n\n\n<div class=\"wp-block-image\">\n<figure class=\"aligncenter size-large\"><a href=\"https:\/\/www.schiebener.net\/wordpress\/wp-content\/uploads\/2023\/11\/2023110507Winterberg.jpg\" target=\"_blank\" rel=\"noreferrer noopener\"><img loading=\"lazy\" decoding=\"async\" width=\"1024\" height=\"768\" src=\"https:\/\/www.schiebener.net\/wordpress\/wp-content\/uploads\/2023\/11\/2023110507Winterberg-1024x768.jpg\" alt=\"\" class=\"wp-image-56209\" srcset=\"https:\/\/www.schiebener.net\/wordpress\/wp-content\/uploads\/2023\/11\/2023110507Winterberg-1024x768.jpg 1024w, https:\/\/www.schiebener.net\/wordpress\/wp-content\/uploads\/2023\/11\/2023110507Winterberg-300x225.jpg 300w, https:\/\/www.schiebener.net\/wordpress\/wp-content\/uploads\/2023\/11\/2023110507Winterberg-768x576.jpg 768w, https:\/\/www.schiebener.net\/wordpress\/wp-content\/uploads\/2023\/11\/2023110507Winterberg-1536x1152.jpg 1536w, https:\/\/www.schiebener.net\/wordpress\/wp-content\/uploads\/2023\/11\/2023110507Winterberg-1200x900.jpg 1200w, https:\/\/www.schiebener.net\/wordpress\/wp-content\/uploads\/2023\/11\/2023110507Winterberg.jpg 2048w\" sizes=\"auto, (max-width: 709px) 85vw, (max-width: 909px) 67vw, (max-width: 1362px) 62vw, 840px\" \/><\/a><figcaption class=\"wp-element-caption\">Unter der Stra\u00dfenbr\u00fccke mit Blick auf das obere Geb\u00e4ude der Neuen Mitte (foto: zoom)<\/figcaption><\/figure>\n<\/div>\n\n\n<p>Wieder oben&#8230;<\/p>\n\n\n<div class=\"wp-block-image\">\n<figure class=\"aligncenter size-large\"><a href=\"https:\/\/www.schiebener.net\/wordpress\/wp-content\/uploads\/2023\/11\/2023110510Winterberg.jpg\" target=\"_blank\" rel=\"noreferrer noopener\"><img loading=\"lazy\" decoding=\"async\" width=\"1024\" height=\"768\" src=\"https:\/\/www.schiebener.net\/wordpress\/wp-content\/uploads\/2023\/11\/2023110510Winterberg-1024x768.jpg\" alt=\"\" class=\"wp-image-56210\" srcset=\"https:\/\/www.schiebener.net\/wordpress\/wp-content\/uploads\/2023\/11\/2023110510Winterberg-1024x768.jpg 1024w, https:\/\/www.schiebener.net\/wordpress\/wp-content\/uploads\/2023\/11\/2023110510Winterberg-300x225.jpg 300w, https:\/\/www.schiebener.net\/wordpress\/wp-content\/uploads\/2023\/11\/2023110510Winterberg-768x576.jpg 768w, https:\/\/www.schiebener.net\/wordpress\/wp-content\/uploads\/2023\/11\/2023110510Winterberg-1536x1151.jpg 1536w, https:\/\/www.schiebener.net\/wordpress\/wp-content\/uploads\/2023\/11\/2023110510Winterberg-1200x899.jpg 1200w, https:\/\/www.schiebener.net\/wordpress\/wp-content\/uploads\/2023\/11\/2023110510Winterberg.jpg 2048w\" sizes=\"auto, (max-width: 709px) 85vw, (max-width: 909px) 67vw, (max-width: 1362px) 62vw, 840px\" \/><\/a><figcaption class=\"wp-element-caption\">Das obere Geb\u00e4ude der Neuen Mitte vom Toilettenhaus aus gesehen (foto: zoom)<\/figcaption><\/figure>\n<\/div>\n\n\n<p>N\u00e4her ran&#8230;<\/p>\n\n\n<div class=\"wp-block-image\">\n<figure class=\"aligncenter size-large\"><a href=\"https:\/\/www.schiebener.net\/wordpress\/wp-content\/uploads\/2023\/11\/2023110508Winterberg.jpg\" target=\"_blank\" rel=\"noreferrer noopener\"><img loading=\"lazy\" decoding=\"async\" width=\"1024\" height=\"768\" src=\"https:\/\/www.schiebener.net\/wordpress\/wp-content\/uploads\/2023\/11\/2023110508Winterberg-1024x768.jpg\" alt=\"\" class=\"wp-image-56211\" srcset=\"https:\/\/www.schiebener.net\/wordpress\/wp-content\/uploads\/2023\/11\/2023110508Winterberg-1024x768.jpg 1024w, https:\/\/www.schiebener.net\/wordpress\/wp-content\/uploads\/2023\/11\/2023110508Winterberg-300x225.jpg 300w, https:\/\/www.schiebener.net\/wordpress\/wp-content\/uploads\/2023\/11\/2023110508Winterberg-768x576.jpg 768w, https:\/\/www.schiebener.net\/wordpress\/wp-content\/uploads\/2023\/11\/2023110508Winterberg-1536x1152.jpg 1536w, https:\/\/www.schiebener.net\/wordpress\/wp-content\/uploads\/2023\/11\/2023110508Winterberg-1200x900.jpg 1200w, https:\/\/www.schiebener.net\/wordpress\/wp-content\/uploads\/2023\/11\/2023110508Winterberg.jpg 2048w\" sizes=\"auto, (max-width: 709px) 85vw, (max-width: 909px) 67vw, (max-width: 1362px) 62vw, 840px\" \/><\/a><figcaption class=\"wp-element-caption\">Die Neue Mitte Richtung Untere Pforte (foto: zoom)<br \/><\/figcaption><\/figure>\n<\/div>\n\n\n<p>Noch einmal hinunter&#8230;<\/p>\n\n\n<div class=\"wp-block-image\">\n<figure class=\"aligncenter size-large\"><a href=\"https:\/\/www.schiebener.net\/wordpress\/wp-content\/uploads\/2023\/11\/2023110511Winterberg.jpg\" target=\"_blank\" rel=\"noreferrer noopener\"><img loading=\"lazy\" decoding=\"async\" width=\"1024\" height=\"768\" src=\"https:\/\/www.schiebener.net\/wordpress\/wp-content\/uploads\/2023\/11\/2023110511Winterberg-1024x768.jpg\" alt=\"\" class=\"wp-image-56212\" srcset=\"https:\/\/www.schiebener.net\/wordpress\/wp-content\/uploads\/2023\/11\/2023110511Winterberg-1024x768.jpg 1024w, https:\/\/www.schiebener.net\/wordpress\/wp-content\/uploads\/2023\/11\/2023110511Winterberg-300x225.jpg 300w, https:\/\/www.schiebener.net\/wordpress\/wp-content\/uploads\/2023\/11\/2023110511Winterberg-768x576.jpg 768w, https:\/\/www.schiebener.net\/wordpress\/wp-content\/uploads\/2023\/11\/2023110511Winterberg-1536x1151.jpg 1536w, https:\/\/www.schiebener.net\/wordpress\/wp-content\/uploads\/2023\/11\/2023110511Winterberg-1200x899.jpg 1200w, https:\/\/www.schiebener.net\/wordpress\/wp-content\/uploads\/2023\/11\/2023110511Winterberg.jpg 2048w\" sizes=\"auto, (max-width: 709px) 85vw, (max-width: 909px) 67vw, (max-width: 1362px) 62vw, 840px\" \/><\/a><figcaption class=\"wp-element-caption\">Der Parkplatz vom Edeka aus gesehen (foto: zoom)<\/figcaption><\/figure>\n<\/div>\n\n\n<p>Die letzten Eindr\u00fccke&#8230;<\/p>\n\n\n<div class=\"wp-block-image\">\n<figure class=\"aligncenter size-large\"><a href=\"https:\/\/www.schiebener.net\/wordpress\/wp-content\/uploads\/2023\/11\/2023110512Winterberg.jpg\" target=\"_blank\" rel=\"noreferrer noopener\"><img loading=\"lazy\" decoding=\"async\" width=\"1024\" height=\"768\" src=\"https:\/\/www.schiebener.net\/wordpress\/wp-content\/uploads\/2023\/11\/2023110512Winterberg-1024x768.jpg\" alt=\"\" class=\"wp-image-56213\" srcset=\"https:\/\/www.schiebener.net\/wordpress\/wp-content\/uploads\/2023\/11\/2023110512Winterberg-1024x768.jpg 1024w, https:\/\/www.schiebener.net\/wordpress\/wp-content\/uploads\/2023\/11\/2023110512Winterberg-300x225.jpg 300w, https:\/\/www.schiebener.net\/wordpress\/wp-content\/uploads\/2023\/11\/2023110512Winterberg-768x576.jpg 768w, https:\/\/www.schiebener.net\/wordpress\/wp-content\/uploads\/2023\/11\/2023110512Winterberg-1536x1152.jpg 1536w, https:\/\/www.schiebener.net\/wordpress\/wp-content\/uploads\/2023\/11\/2023110512Winterberg-1200x900.jpg 1200w, https:\/\/www.schiebener.net\/wordpress\/wp-content\/uploads\/2023\/11\/2023110512Winterberg.jpg 2048w\" sizes=\"auto, (max-width: 709px) 85vw, (max-width: 909px) 67vw, (max-width: 1362px) 62vw, 840px\" \/><\/a><figcaption class=\"wp-element-caption\">Auffahrt zum oberen Parkdeck (foto: zoom)<\/figcaption><\/figure>\n<\/div>\n\n\n<p>Den Blick zur Seite wagen&#8230;<\/p>\n\n\n<div class=\"wp-block-image\">\n<figure class=\"aligncenter size-large\"><a href=\"https:\/\/www.schiebener.net\/wordpress\/wp-content\/uploads\/2023\/11\/2023110513Winterberg.jpg\" target=\"_blank\" rel=\"noreferrer noopener\"><img loading=\"lazy\" decoding=\"async\" width=\"1024\" height=\"768\" src=\"https:\/\/www.schiebener.net\/wordpress\/wp-content\/uploads\/2023\/11\/2023110513Winterberg-1024x768.jpg\" alt=\"\" class=\"wp-image-56214\" srcset=\"https:\/\/www.schiebener.net\/wordpress\/wp-content\/uploads\/2023\/11\/2023110513Winterberg-1024x768.jpg 1024w, https:\/\/www.schiebener.net\/wordpress\/wp-content\/uploads\/2023\/11\/2023110513Winterberg-300x225.jpg 300w, https:\/\/www.schiebener.net\/wordpress\/wp-content\/uploads\/2023\/11\/2023110513Winterberg-768x576.jpg 768w, https:\/\/www.schiebener.net\/wordpress\/wp-content\/uploads\/2023\/11\/2023110513Winterberg-1536x1152.jpg 1536w, https:\/\/www.schiebener.net\/wordpress\/wp-content\/uploads\/2023\/11\/2023110513Winterberg-1200x900.jpg 1200w, https:\/\/www.schiebener.net\/wordpress\/wp-content\/uploads\/2023\/11\/2023110513Winterberg.jpg 2048w\" sizes=\"auto, (max-width: 709px) 85vw, (max-width: 909px) 67vw, (max-width: 1362px) 62vw, 840px\" \/><\/a><figcaption class=\"wp-element-caption\">Geb\u00e4ude mit Graffiti neben der Neuen Mitte (foto: zoom)<\/figcaption><\/figure>\n<\/div>\n\n\n<p>Die Bilder habe ich wegen des Regens mit dem Smartphone geknipst. Die restlichen Ortsteile Winterbergs w\u00fcrde ich noch gerne in den kommenden Wochen besuchen. <\/p>\n\n\n\n<p>Vielleicht klappt&#8217;s.<\/p>\n","protected":false},"excerpt":{"rendered":"<p>Schon seit l\u00e4ngerer Zeit hatte ich die Idee, Winterberg und seine Ortsteile jenseits der Tourismusbrosch\u00fcren und Reklamebilder im Netz zu fotografieren. Die Umsetzung scheiterte bislang daran, dass ich viel zu &hellip; <a href=\"https:\/\/www.schiebener.net\/wordpress\/ein-novembergruss-aus-winterberg-geht-nach-koeln-bonjour-tristesse\/\" class=\"more-link\"><span class=\"screen-reader-text\">\u201eEin Novembergru\u00df aus Winterberg geht nach K\u00f6ln: Bonjour tristesse\u201c <\/span>weiterlesen<\/a><\/p>\n","protected":false},"author":3,"featured_media":0,"comment_status":"open","ping_status":"open","sticky":false,"template":"","format":"standard","meta":{"footnotes":""},"categories":[9178,174,1732,80,32,648],"tags":[9177,1433,667,322],"class_list":["post-56202","post","type-post","status-publish","format-standard","hentry","category-1235winterberg","category-dit-und-dat","category-freizeit","category-lokales","category-medien","category-was-tun-gegen-langweile","tag-1235winterberg","tag-fotografie","tag-koln","tag-winterberg"],"_links":{"self":[{"href":"https:\/\/www.schiebener.net\/wordpress\/wp-json\/wp\/v2\/posts\/56202","targetHints":{"allow":["GET"]}}],"collection":[{"href":"https:\/\/www.schiebener.net\/wordpress\/wp-json\/wp\/v2\/posts"}],"about":[{"href":"https:\/\/www.schiebener.net\/wordpress\/wp-json\/wp\/v2\/types\/post"}],"author":[{"embeddable":true,"href":"https:\/\/www.schiebener.net\/wordpress\/wp-json\/wp\/v2\/users\/3"}],"replies":[{"embeddable":true,"href":"https:\/\/www.schiebener.net\/wordpress\/wp-json\/wp\/v2\/comments?post=56202"}],"version-history":[{"count":0,"href":"https:\/\/www.schiebener.net\/wordpress\/wp-json\/wp\/v2\/posts\/56202\/revisions"}],"wp:attachment":[{"href":"https:\/\/www.schiebener.net\/wordpress\/wp-json\/wp\/v2\/media?parent=56202"}],"wp:term":[{"taxonomy":"category","embeddable":true,"href":"https:\/\/www.schiebener.net\/wordpress\/wp-json\/wp\/v2\/categories?post=56202"},{"taxonomy":"post_tag","embeddable":true,"href":"https:\/\/www.schiebener.net\/wordpress\/wp-json\/wp\/v2\/tags?post=56202"}],"curies":[{"name":"wp","href":"https:\/\/api.w.org\/{rel}","templated":true}]}}