{"id":56187,"date":"2023-11-03T18:00:32","date_gmt":"2023-11-03T17:00:32","guid":{"rendered":"https:\/\/www.schiebener.net\/wordpress\/?p=56187"},"modified":"2023-11-03T18:00:32","modified_gmt":"2023-11-03T17:00:32","slug":"schnappschuss-der-kahle-asten-am-spaeten-nachmittag","status":"publish","type":"post","link":"https:\/\/www.schiebener.net\/wordpress\/schnappschuss-der-kahle-asten-am-spaeten-nachmittag\/","title":{"rendered":"Schnappschuss: der Kahle Asten am sp\u00e4ten Nachmittag"},"content":{"rendered":"<div class=\"wp-block-image\">\n<figure class=\"aligncenter size-large\"><a href=\"https:\/\/www.schiebener.net\/wordpress\/wp-content\/uploads\/2023\/11\/2023110303KahlerAsten.jpg\" target=\"_blank\" rel=\"noreferrer noopener\"><img loading=\"lazy\" decoding=\"async\" width=\"1024\" height=\"683\" src=\"https:\/\/www.schiebener.net\/wordpress\/wp-content\/uploads\/2023\/11\/2023110303KahlerAsten-1024x683.jpg\" alt=\"\" class=\"wp-image-56188\" srcset=\"https:\/\/www.schiebener.net\/wordpress\/wp-content\/uploads\/2023\/11\/2023110303KahlerAsten-1024x683.jpg 1024w, https:\/\/www.schiebener.net\/wordpress\/wp-content\/uploads\/2023\/11\/2023110303KahlerAsten-300x200.jpg 300w, https:\/\/www.schiebener.net\/wordpress\/wp-content\/uploads\/2023\/11\/2023110303KahlerAsten-768x512.jpg 768w, https:\/\/www.schiebener.net\/wordpress\/wp-content\/uploads\/2023\/11\/2023110303KahlerAsten-1536x1024.jpg 1536w, https:\/\/www.schiebener.net\/wordpress\/wp-content\/uploads\/2023\/11\/2023110303KahlerAsten-1200x800.jpg 1200w, https:\/\/www.schiebener.net\/wordpress\/wp-content\/uploads\/2023\/11\/2023110303KahlerAsten.jpg 2048w\" sizes=\"auto, (max-width: 709px) 85vw, (max-width: 909px) 67vw, (max-width: 1362px) 62vw, 840px\" \/><\/a><figcaption class=\"wp-element-caption\">Blick \u00fcber die Hochfl\u00e4che des Kahlen Asten (foto: zoom)<\/figcaption><\/figure>\n<\/div>\n\n\n<p><strong>Das Beste am Kahlen Asten sind imho die Fl\u00e4chen mit den Einzelb\u00e4umen. Auf der Einfaufstour bin ich kurz abgebogen und habe auf dem zweith\u00f6chsten Berg NRWs eine kleine Runde gedreht.<\/strong><\/p>\n\n\n\n<p>Heute war es dort oben windig, wenn auch nicht allzu heftig, und kalt, novemberkalt. Der <em>Sp\u00e4te Nachmittag<\/em> im Titel bedeutet 15:31 Uhr. Seit der Umstellung der Uhren auf die Winterzeit, scheint dieses <em>Sp\u00e4t<\/em> immer fr\u00fcher zu beginnen.<\/p>\n\n\n\n<p>Das Licht findet sich im Lebensmittelgesch\u00e4ft zwischen Nudeln und Hafermilch. Meine gedr\u00fcckte Stimmung bek\u00e4mpfe ich auf der R\u00fcckfahrt mit Bad Religion und H\u00fcsker D\u00fc.<\/p>\n\n\n\n<p>Und zack ist es schon fr\u00fcher Abend. Zeit, die Nudeln zu kochen und das Gem\u00fcse von gestern aufzuw\u00e4rmen. Wegschmei\u00dfen w\u00e4re zu schade.<\/p>\n\n\n\n<p>Bis dann!<\/p>\n","protected":false},"excerpt":{"rendered":"<p>Das Beste am Kahlen Asten sind imho die Fl\u00e4chen mit den Einzelb\u00e4umen. Auf der Einfaufstour bin ich kurz abgebogen und habe auf dem zweith\u00f6chsten Berg NRWs eine kleine Runde gedreht. &hellip; <a href=\"https:\/\/www.schiebener.net\/wordpress\/schnappschuss-der-kahle-asten-am-spaeten-nachmittag\/\" class=\"more-link\"><span class=\"screen-reader-text\">\u201eSchnappschuss: der Kahle Asten am sp\u00e4ten Nachmittag\u201c <\/span>weiterlesen<\/a><\/p>\n","protected":false},"author":3,"featured_media":0,"comment_status":"open","ping_status":"open","sticky":false,"template":"","format":"standard","meta":{"footnotes":""},"categories":[174,1732,2489,80],"tags":[1058],"class_list":["post-56187","post","type-post","status-publish","format-standard","hentry","category-dit-und-dat","category-freizeit","category-in-eigener-sache","category-lokales","tag-kahler-asten"],"_links":{"self":[{"href":"https:\/\/www.schiebener.net\/wordpress\/wp-json\/wp\/v2\/posts\/56187","targetHints":{"allow":["GET"]}}],"collection":[{"href":"https:\/\/www.schiebener.net\/wordpress\/wp-json\/wp\/v2\/posts"}],"about":[{"href":"https:\/\/www.schiebener.net\/wordpress\/wp-json\/wp\/v2\/types\/post"}],"author":[{"embeddable":true,"href":"https:\/\/www.schiebener.net\/wordpress\/wp-json\/wp\/v2\/users\/3"}],"replies":[{"embeddable":true,"href":"https:\/\/www.schiebener.net\/wordpress\/wp-json\/wp\/v2\/comments?post=56187"}],"version-history":[{"count":0,"href":"https:\/\/www.schiebener.net\/wordpress\/wp-json\/wp\/v2\/posts\/56187\/revisions"}],"wp:attachment":[{"href":"https:\/\/www.schiebener.net\/wordpress\/wp-json\/wp\/v2\/media?parent=56187"}],"wp:term":[{"taxonomy":"category","embeddable":true,"href":"https:\/\/www.schiebener.net\/wordpress\/wp-json\/wp\/v2\/categories?post=56187"},{"taxonomy":"post_tag","embeddable":true,"href":"https:\/\/www.schiebener.net\/wordpress\/wp-json\/wp\/v2\/tags?post=56187"}],"curies":[{"name":"wp","href":"https:\/\/api.w.org\/{rel}","templated":true}]}}