{"id":56167,"date":"2023-11-01T21:24:36","date_gmt":"2023-11-01T20:24:36","guid":{"rendered":"https:\/\/www.schiebener.net\/wordpress\/?p=56167"},"modified":"2023-11-01T21:24:36","modified_gmt":"2023-11-01T20:24:36","slug":"allerheiligen-in-hessen-vom-grauen-hohen-gras-im-habichtswald-zur-gelben-puddingschnecke-am-bebelplatz","status":"publish","type":"post","link":"https:\/\/www.schiebener.net\/wordpress\/allerheiligen-in-hessen-vom-grauen-hohen-gras-im-habichtswald-zur-gelben-puddingschnecke-am-bebelplatz\/","title":{"rendered":"Allerheiligen in Hessen: vom grauen Hohen Gras im Habichtswald zur gelben Puddingschnecke am Bebelplatz"},"content":{"rendered":"<div class=\"wp-block-image\">\n<figure class=\"aligncenter size-large\"><a href=\"https:\/\/www.schiebener.net\/wordpress\/wp-content\/uploads\/2023\/11\/2023110101KasselWanderung.jpg\" target=\"_blank\" rel=\"noreferrer noopener\"><img loading=\"lazy\" decoding=\"async\" width=\"1024\" height=\"768\" src=\"https:\/\/www.schiebener.net\/wordpress\/wp-content\/uploads\/2023\/11\/2023110101KasselWanderung-1024x768.jpg\" alt=\"\" class=\"wp-image-56168\" srcset=\"https:\/\/www.schiebener.net\/wordpress\/wp-content\/uploads\/2023\/11\/2023110101KasselWanderung-1024x768.jpg 1024w, https:\/\/www.schiebener.net\/wordpress\/wp-content\/uploads\/2023\/11\/2023110101KasselWanderung-300x225.jpg 300w, https:\/\/www.schiebener.net\/wordpress\/wp-content\/uploads\/2023\/11\/2023110101KasselWanderung-768x576.jpg 768w, https:\/\/www.schiebener.net\/wordpress\/wp-content\/uploads\/2023\/11\/2023110101KasselWanderung-1536x1152.jpg 1536w, https:\/\/www.schiebener.net\/wordpress\/wp-content\/uploads\/2023\/11\/2023110101KasselWanderung-1200x900.jpg 1200w, https:\/\/www.schiebener.net\/wordpress\/wp-content\/uploads\/2023\/11\/2023110101KasselWanderung.jpg 2048w\" sizes=\"auto, (max-width: 709px) 85vw, (max-width: 909px) 67vw, (max-width: 1362px) 62vw, 840px\" \/><\/a><figcaption class=\"wp-element-caption\">Grau war der Morgen im Habichtswald (foto: zoom)<\/figcaption><\/figure>\n<\/div>\n\n\n<p><strong>Ich h\u00e4tte heute im hessischen Kassel den katholischen NRW-Feiertag <em>Allerheiligen<\/em> mit einem Zug durch die Einkaufsstra\u00dfen kompensieren k\u00f6nnen. Aber daf\u00fcr ist mir die freie Zeit zu wertvoll und ich verschwende sie lieber mit kontemplativen T\u00e4tigkeiten.<\/strong><\/p>\n\n\n\n<p>Am besten kann ich nachdenken, wenn ich mich bewege. Radfahren oder ein langer Spaziergang sind die Mittel der Wahl. <\/p>\n\n\n\n<p>Am Hohen Gras im Habichtswald bin ich im Nebel losgewandert. Der Morgen geh\u00f6rte mir, die Wanderwege waren leer und verlassen. Selbst am Herkules waren nicht viele Menschen unterwegs.<\/p>\n\n\n<div class=\"wp-block-image\">\n<figure class=\"aligncenter size-large\"><a href=\"https:\/\/www.schiebener.net\/wordpress\/wp-content\/uploads\/2023\/11\/2023110103KasselWanderung.jpg\" target=\"_blank\" rel=\"noreferrer noopener\"><img loading=\"lazy\" decoding=\"async\" width=\"768\" height=\"1024\" src=\"https:\/\/www.schiebener.net\/wordpress\/wp-content\/uploads\/2023\/11\/2023110103KasselWanderung-768x1024.jpg\" alt=\"\" class=\"wp-image-56169\" srcset=\"https:\/\/www.schiebener.net\/wordpress\/wp-content\/uploads\/2023\/11\/2023110103KasselWanderung-768x1024.jpg 768w, https:\/\/www.schiebener.net\/wordpress\/wp-content\/uploads\/2023\/11\/2023110103KasselWanderung-225x300.jpg 225w, https:\/\/www.schiebener.net\/wordpress\/wp-content\/uploads\/2023\/11\/2023110103KasselWanderung-1152x1536.jpg 1152w, https:\/\/www.schiebener.net\/wordpress\/wp-content\/uploads\/2023\/11\/2023110103KasselWanderung-1200x1600.jpg 1200w, https:\/\/www.schiebener.net\/wordpress\/wp-content\/uploads\/2023\/11\/2023110103KasselWanderung.jpg 1536w\" sizes=\"auto, (max-width: 709px) 85vw, (max-width: 909px) 67vw, (max-width: 984px) 61vw, (max-width: 1362px) 45vw, 600px\" \/><\/a><figcaption class=\"wp-element-caption\">Zwischenetappe am Herkules (foto: zoom)<\/figcaption><\/figure>\n<\/div>\n\n\n<p>Ein kurzer Blick \u00fcber Kassel auf die Sichtachse <em>Wilhelmsh\u00f6her Allee<\/em>, dann ging es weiter Richtung <em>Hessenschanze<\/em>.<\/p>\n\n\n<div class=\"wp-block-image\">\n<figure class=\"aligncenter size-large\"><a href=\"https:\/\/www.schiebener.net\/wordpress\/wp-content\/uploads\/2023\/11\/2023110107KasselWanderung.jpg\" target=\"_blank\" rel=\"noreferrer noopener\"><img loading=\"lazy\" decoding=\"async\" width=\"1024\" height=\"768\" src=\"https:\/\/www.schiebener.net\/wordpress\/wp-content\/uploads\/2023\/11\/2023110107KasselWanderung-1024x768.jpg\" alt=\"\" class=\"wp-image-56170\" srcset=\"https:\/\/www.schiebener.net\/wordpress\/wp-content\/uploads\/2023\/11\/2023110107KasselWanderung-1024x768.jpg 1024w, https:\/\/www.schiebener.net\/wordpress\/wp-content\/uploads\/2023\/11\/2023110107KasselWanderung-300x225.jpg 300w, https:\/\/www.schiebener.net\/wordpress\/wp-content\/uploads\/2023\/11\/2023110107KasselWanderung-768x576.jpg 768w, https:\/\/www.schiebener.net\/wordpress\/wp-content\/uploads\/2023\/11\/2023110107KasselWanderung-1536x1151.jpg 1536w, https:\/\/www.schiebener.net\/wordpress\/wp-content\/uploads\/2023\/11\/2023110107KasselWanderung-1200x899.jpg 1200w, https:\/\/www.schiebener.net\/wordpress\/wp-content\/uploads\/2023\/11\/2023110107KasselWanderung.jpg 2048w\" sizes=\"auto, (max-width: 709px) 85vw, (max-width: 909px) 67vw, (max-width: 1362px) 62vw, 840px\" \/><\/a><figcaption class=\"wp-element-caption\">Blick vom Herkules auf Kassel (foto: zoom)<\/figcaption><\/figure>\n<\/div>\n\n\n<p>Die Baumallee (siehe Bild unten) ist Teil <a rel=\"noreferrer noopener\" href=\"https:\/\/www.kassel.de\/buerger\/kunst_und_kultur\/eichen-von-joseph-beuys.php\" data-type=\"link\" data-id=\"https:\/\/www.kassel.de\/buerger\/kunst_und_kultur\/eichen-von-joseph-beuys.php\" target=\"_blank\">eines alten Dokumenta-Projekts<\/a>. Das Kunstwerk \u201e7000 Eichen \u2013 Stadtverwaldung statt Stadtverwaltung\u201c von Joseph Beuys verteilt sich im gesamten Stadtgebiet und gestaltet die Stadt auch lange nach seiner Entstehung zur documenta 7 (1982). Erkennbares Merkmal der zum Kunstwerk geh\u00f6renden B\u00e4ume ist eine daneben platzierte Basaltstele.<\/p>\n\n\n<div class=\"wp-block-image\">\n<figure class=\"aligncenter size-large\"><a href=\"https:\/\/www.schiebener.net\/wordpress\/wp-content\/uploads\/2023\/11\/2023110105KasselWanderung.jpg\" target=\"_blank\" rel=\"noreferrer noopener\"><img loading=\"lazy\" decoding=\"async\" width=\"1024\" height=\"768\" src=\"https:\/\/www.schiebener.net\/wordpress\/wp-content\/uploads\/2023\/11\/2023110105KasselWanderung-1024x768.jpg\" alt=\"\" class=\"wp-image-56171\" srcset=\"https:\/\/www.schiebener.net\/wordpress\/wp-content\/uploads\/2023\/11\/2023110105KasselWanderung-1024x768.jpg 1024w, https:\/\/www.schiebener.net\/wordpress\/wp-content\/uploads\/2023\/11\/2023110105KasselWanderung-300x225.jpg 300w, https:\/\/www.schiebener.net\/wordpress\/wp-content\/uploads\/2023\/11\/2023110105KasselWanderung-768x576.jpg 768w, https:\/\/www.schiebener.net\/wordpress\/wp-content\/uploads\/2023\/11\/2023110105KasselWanderung-1536x1152.jpg 1536w, https:\/\/www.schiebener.net\/wordpress\/wp-content\/uploads\/2023\/11\/2023110105KasselWanderung-1200x900.jpg 1200w, https:\/\/www.schiebener.net\/wordpress\/wp-content\/uploads\/2023\/11\/2023110105KasselWanderung.jpg 2048w\" sizes=\"auto, (max-width: 709px) 85vw, (max-width: 909px) 67vw, (max-width: 1362px) 62vw, 840px\" \/><\/a><figcaption class=\"wp-element-caption\">Die Allee finde ich zu jeder Jahreszeit ganz h\u00fcbsch. Die Basaltstelen neben den B\u00e4umen sind gut zu erkennen. (foto: zoom)<\/figcaption><\/figure>\n<\/div>\n\n\n<p>Obwohl ich kein Freund von Beuys bin und mir die hochgradig antisemitische Dokumenta 15 erst einmal den Spa\u00df an der Kasseler Dokumenta-Kunst verg\u00e4llt hat, gefallen mir die B\u00e4ume und Baumreihen, die die Dokumenta 7 in die Stadt gebracht hat.<\/p>\n\n\n<div class=\"wp-block-image\">\n<figure class=\"aligncenter size-large\"><a href=\"https:\/\/www.schiebener.net\/wordpress\/wp-content\/uploads\/2023\/11\/2023110106KasselWanderung.jpg\" target=\"_blank\" rel=\"noreferrer noopener\"><img loading=\"lazy\" decoding=\"async\" width=\"768\" height=\"1024\" src=\"https:\/\/www.schiebener.net\/wordpress\/wp-content\/uploads\/2023\/11\/2023110106KasselWanderung-768x1024.jpg\" alt=\"\" class=\"wp-image-56172\" srcset=\"https:\/\/www.schiebener.net\/wordpress\/wp-content\/uploads\/2023\/11\/2023110106KasselWanderung-768x1024.jpg 768w, https:\/\/www.schiebener.net\/wordpress\/wp-content\/uploads\/2023\/11\/2023110106KasselWanderung-225x300.jpg 225w, https:\/\/www.schiebener.net\/wordpress\/wp-content\/uploads\/2023\/11\/2023110106KasselWanderung-1152x1536.jpg 1152w, https:\/\/www.schiebener.net\/wordpress\/wp-content\/uploads\/2023\/11\/2023110106KasselWanderung-1200x1600.jpg 1200w, https:\/\/www.schiebener.net\/wordpress\/wp-content\/uploads\/2023\/11\/2023110106KasselWanderung.jpg 1536w\" sizes=\"auto, (max-width: 709px) 85vw, (max-width: 909px) 67vw, (max-width: 984px) 61vw, (max-width: 1362px) 45vw, 600px\" \/><\/a><figcaption class=\"wp-element-caption\">Man muss sich Ziele setzen. (foto: zoom)<\/figcaption><\/figure>\n<\/div>\n\n\n<p>Zum Abschluss der 11-Kilometer-Wanderung schmeckten mir Kaffee und ein Puddingteilchen in einer B\u00e4ckerei am Bebelplatz.<\/p>\n\n\n\n<p>Vielleicht sollte ich noch sagen, was aus den ganzen Gedanken geworden ist, die mir im Habichtswald durch den Kopf gingen. <\/p>\n\n\n\n<p>Ich habe sie (fast) alle vergessen. \u00dcber das &#8222;fast&#8220; sprechen wir sp\u00e4ter. <\/p>\n\n\n\n<p>Gute Nacht!<\/p>\n","protected":false},"excerpt":{"rendered":"<p>Ich h\u00e4tte heute im hessischen Kassel den katholischen NRW-Feiertag Allerheiligen mit einem Zug durch die Einkaufsstra\u00dfen kompensieren k\u00f6nnen. Aber daf\u00fcr ist mir die freie Zeit zu wertvoll und ich verschwende &hellip; <a href=\"https:\/\/www.schiebener.net\/wordpress\/allerheiligen-in-hessen-vom-grauen-hohen-gras-im-habichtswald-zur-gelben-puddingschnecke-am-bebelplatz\/\" class=\"more-link\"><span class=\"screen-reader-text\">\u201eAllerheiligen in Hessen: vom grauen Hohen Gras im Habichtswald zur gelben Puddingschnecke am Bebelplatz\u201c <\/span>weiterlesen<\/a><\/p>\n","protected":false},"author":3,"featured_media":0,"comment_status":"open","ping_status":"open","sticky":false,"template":"","format":"standard","meta":{"footnotes":""},"categories":[174,1732,2489],"tags":[4637,9063,2270],"class_list":["post-56167","post","type-post","status-publish","format-standard","hentry","category-dit-und-dat","category-freizeit","category-in-eigener-sache","tag-allerheiligen","tag-habichtswald","tag-kassel"],"_links":{"self":[{"href":"https:\/\/www.schiebener.net\/wordpress\/wp-json\/wp\/v2\/posts\/56167","targetHints":{"allow":["GET"]}}],"collection":[{"href":"https:\/\/www.schiebener.net\/wordpress\/wp-json\/wp\/v2\/posts"}],"about":[{"href":"https:\/\/www.schiebener.net\/wordpress\/wp-json\/wp\/v2\/types\/post"}],"author":[{"embeddable":true,"href":"https:\/\/www.schiebener.net\/wordpress\/wp-json\/wp\/v2\/users\/3"}],"replies":[{"embeddable":true,"href":"https:\/\/www.schiebener.net\/wordpress\/wp-json\/wp\/v2\/comments?post=56167"}],"version-history":[{"count":0,"href":"https:\/\/www.schiebener.net\/wordpress\/wp-json\/wp\/v2\/posts\/56167\/revisions"}],"wp:attachment":[{"href":"https:\/\/www.schiebener.net\/wordpress\/wp-json\/wp\/v2\/media?parent=56167"}],"wp:term":[{"taxonomy":"category","embeddable":true,"href":"https:\/\/www.schiebener.net\/wordpress\/wp-json\/wp\/v2\/categories?post=56167"},{"taxonomy":"post_tag","embeddable":true,"href":"https:\/\/www.schiebener.net\/wordpress\/wp-json\/wp\/v2\/tags?post=56167"}],"curies":[{"name":"wp","href":"https:\/\/api.w.org\/{rel}","templated":true}]}}