{"id":56066,"date":"2023-10-23T14:45:24","date_gmt":"2023-10-23T12:45:24","guid":{"rendered":"https:\/\/www.schiebener.net\/wordpress\/?p=56066"},"modified":"2023-10-23T14:45:24","modified_gmt":"2023-10-23T12:45:24","slug":"poetry-slam-im-sauerland-museum","status":"publish","type":"post","link":"https:\/\/www.schiebener.net\/wordpress\/poetry-slam-im-sauerland-museum\/","title":{"rendered":"Poetry Slam im Sauerland-Museum"},"content":{"rendered":"\n<h3 class=\"wp-block-heading\">K\u00fcnstlerinnen und K\u00fcnstler slammen zum Thema Wald<\/h3>\n\n\n<div class=\"wp-block-image\">\n<figure class=\"aligncenter size-full is-resized\"><a href=\"https:\/\/www.schiebener.net\/wordpress\/wp-content\/uploads\/2023\/10\/2019Lecher-Literaturtage-Poetry-Slam-JuryKlein.jpg\" target=\"_blank\" rel=\"noreferrer noopener\"><img loading=\"lazy\" decoding=\"async\" width=\"1024\" height=\"683\" src=\"https:\/\/www.schiebener.net\/wordpress\/wp-content\/uploads\/2023\/10\/2019Lecher-Literaturtage-Poetry-Slam-JuryKlein.jpg\" alt=\"\" class=\"wp-image-56067\" style=\"width:700px\" srcset=\"https:\/\/www.schiebener.net\/wordpress\/wp-content\/uploads\/2023\/10\/2019Lecher-Literaturtage-Poetry-Slam-JuryKlein.jpg 1024w, https:\/\/www.schiebener.net\/wordpress\/wp-content\/uploads\/2023\/10\/2019Lecher-Literaturtage-Poetry-Slam-JuryKlein-300x200.jpg 300w, https:\/\/www.schiebener.net\/wordpress\/wp-content\/uploads\/2023\/10\/2019Lecher-Literaturtage-Poetry-Slam-JuryKlein-768x512.jpg 768w\" sizes=\"auto, (max-width: 709px) 85vw, (max-width: 909px) 67vw, (max-width: 1362px) 62vw, 840px\" \/><\/a><figcaption class=\"wp-element-caption\">Symbolbild: Jury beim Poetry Slam bei den Lecher Literaturtagen 2019 (Foto: Celine V\u00f6gel, Quelle: <a href=\"https:\/\/commons.wikimedia.org\/wiki\/File:Lecher-Literaturtage-Poetry-Slam-Jury.jpg\" target=\"_blank\" rel=\"noreferrer noopener\">https:\/\/commons.wikimedia.org\/wiki\/File:Lecher-Literaturtage-Poetry-Slam-Jury.jpg<\/a>)<\/figcaption><\/figure>\n<\/div>\n\n\n<p><strong>Zur Finissage der Sonderausstellung WUNDER WALD veranstaltet das Sauerland-Museum Arnsberg einen Poetry Slam zum Thema &#8222;Wald&#8220;.<\/strong><\/p>\n\n\n\n<p><em>(Pressemitteilung HSK)<\/em><\/p>\n\n\n\n<p>Ein Poetry Slam ist ein Wettbewerb, bei dem die K\u00fcnstler selbstverfasste Texte innerhalb von sechs Minuten vortragen. Die Palette reicht dabei von ernsten Texten \u00fcber Comedy, von Prosa bis Lyrik, alles ist m\u00f6glich, solange die Zeit eingehalten wird. Die Zuh\u00f6rer k\u00fcren anschlie\u00dfend den Sieger.<\/p>\n\n\n\n<p>Auf die Einladung zum Poetry Slam haben sich f\u00fcnf Slammerinnen und Slammer angemeldet und treten in zwei Runden gegeneinander an. W\u00e4hrend die erste Runde der pers\u00f6nlichen Verbindung zum Wald gewidmet ist, d\u00fcrfen die Teilnehmenden in der zweiten Runde mit einem eigenen Thema \u00fcberzeugen.<\/p>\n\n\n\n<p>Mit dabei sind:<\/p>\n\n\n\n<ul class=\"wp-block-list\">\n<li>Stephan Sandk\u00fchler aus Haltern am See, der in Haltern eigene Slams moderiert und im letzten Jahr bei den Deutschen Meisterschaften auf der B\u00fchne stand<\/li>\n\n\n\n<li>Julia Kluge aus Paderborn mit sauerl\u00e4ndischen Wurzeln, die die Leseb\u00fchne Poesiehafen in Paderborn moderiert<\/li>\n\n\n\n<li>Marcel Ifland aus Gelsenkirchen, der regelm\u00e4\u00dfig auf Slams in NRW und angrenzenden Bundesl\u00e4ndern unterwegs ist<\/li>\n\n\n\n<li>Jan Malz aus Essen, der als Newcomer bereits viele Veranstaltungen im Ruhrgebiet mit seinen Texten bereichert hat<\/li>\n\n\n\n<li>Jay aus dem Ruhrgebiet, eine junge Poetry-K\u00fcnstlerin mit sehr pers\u00f6nlichen Texten<\/li>\n<\/ul>\n\n\n\n<p>Moderiert wird die Veranstaltung von der Olsberger Tanzp\u00e4dagogin und Poetry Slammerin Davina Sauer-Wundling, die sich in der heimischen Szene in den letzten Jahren bereits einen Namen gemacht hat.<\/p>\n\n\n\n<p><strong>Termin:<\/strong> Sonntag, 29. Oktober 2023, 15-17 Uhr<br \/><strong>Veranstaltungsort<\/strong>: Raum &#8222;Sauerland&#8220;<br \/>Es gilt der \u00fcbliche Eintrittspreis im Museum: Erwachsene 8 \u20ac, Kinder 4 \u20ac, Familienkarte 18 \u20ac.<\/p>\n\n\n\n<p>Weitere Informationen und Anmeldungen telefonisch unter 02931\/94-4444, per E-Mail an <a href=\"javascript:linkTo_UnCryptMailto(%27nbjmup%2BtbvfsmboenvtfvnAipditbvfsmboelsfjt%5C%2Fef%27);\">sauerlandmuseum(at)hochsauerlandkreis.de<\/a> oder auf der Homepage <a href=\"http:\/\/www.sauerland-museum.de\" target=\"_blank\" rel=\"noreferrer noopener\">www.sauerland-museum.de<\/a><\/p>\n","protected":false},"excerpt":{"rendered":"<p>K\u00fcnstlerinnen und K\u00fcnstler slammen zum Thema Wald Zur Finissage der Sonderausstellung WUNDER WALD veranstaltet das Sauerland-Museum Arnsberg einen Poetry Slam zum Thema &#8222;Wald&#8220;. (Pressemitteilung HSK) Ein Poetry Slam ist ein &hellip; <a href=\"https:\/\/www.schiebener.net\/wordpress\/poetry-slam-im-sauerland-museum\/\" class=\"more-link\"><span class=\"screen-reader-text\">\u201ePoetry Slam im Sauerland-Museum\u201c <\/span>weiterlesen<\/a><\/p>\n","protected":false},"author":17,"featured_media":0,"comment_status":"open","ping_status":"open","sticky":false,"template":"","format":"standard","meta":{"footnotes":""},"categories":[303,674,80,1043],"tags":[1943],"class_list":["post-56066","post","type-post","status-publish","format-standard","hentry","category-in-unserem-briefkasten","category-kultur","category-lokales","category-pressemitteilungen","tag-sauerlandmuseum"],"_links":{"self":[{"href":"https:\/\/www.schiebener.net\/wordpress\/wp-json\/wp\/v2\/posts\/56066","targetHints":{"allow":["GET"]}}],"collection":[{"href":"https:\/\/www.schiebener.net\/wordpress\/wp-json\/wp\/v2\/posts"}],"about":[{"href":"https:\/\/www.schiebener.net\/wordpress\/wp-json\/wp\/v2\/types\/post"}],"author":[{"embeddable":true,"href":"https:\/\/www.schiebener.net\/wordpress\/wp-json\/wp\/v2\/users\/17"}],"replies":[{"embeddable":true,"href":"https:\/\/www.schiebener.net\/wordpress\/wp-json\/wp\/v2\/comments?post=56066"}],"version-history":[{"count":0,"href":"https:\/\/www.schiebener.net\/wordpress\/wp-json\/wp\/v2\/posts\/56066\/revisions"}],"wp:attachment":[{"href":"https:\/\/www.schiebener.net\/wordpress\/wp-json\/wp\/v2\/media?parent=56066"}],"wp:term":[{"taxonomy":"category","embeddable":true,"href":"https:\/\/www.schiebener.net\/wordpress\/wp-json\/wp\/v2\/categories?post=56066"},{"taxonomy":"post_tag","embeddable":true,"href":"https:\/\/www.schiebener.net\/wordpress\/wp-json\/wp\/v2\/tags?post=56066"}],"curies":[{"name":"wp","href":"https:\/\/api.w.org\/{rel}","templated":true}]}}