{"id":56042,"date":"2023-10-20T12:35:52","date_gmt":"2023-10-20T10:35:52","guid":{"rendered":"https:\/\/www.schiebener.net\/wordpress\/?p=56042"},"modified":"2023-10-20T12:35:52","modified_gmt":"2023-10-20T10:35:52","slug":"das-abitur-am-berufskolleg-ein-abwechslungsreicher-weg-zum-ziel","status":"publish","type":"post","link":"https:\/\/www.schiebener.net\/wordpress\/das-abitur-am-berufskolleg-ein-abwechslungsreicher-weg-zum-ziel\/","title":{"rendered":"Das Abitur am Berufskolleg \u2013 ein abwechslungsreicher Weg zum Ziel"},"content":{"rendered":"\n<h3 class=\"wp-block-heading\">Im Oktober laden die f\u00fcnf Beruflichen Gymnasien des HSK an drei Abenden jeweils um 18 Uhr zu einem Infoabend in die Berufskollegs ein.<\/h3>\n\n\n<div class=\"wp-block-image\">\n<figure class=\"aligncenter size-full is-resized\"><img loading=\"lazy\" decoding=\"async\" width=\"1024\" height=\"1024\" src=\"https:\/\/www.schiebener.net\/wordpress\/wp-content\/uploads\/2023\/10\/2023102001Berufskolleg.jpg\" alt=\"\" class=\"wp-image-56045\" style=\"width:700px\" srcset=\"https:\/\/www.schiebener.net\/wordpress\/wp-content\/uploads\/2023\/10\/2023102001Berufskolleg.jpg 1024w, https:\/\/www.schiebener.net\/wordpress\/wp-content\/uploads\/2023\/10\/2023102001Berufskolleg-300x300.jpg 300w, https:\/\/www.schiebener.net\/wordpress\/wp-content\/uploads\/2023\/10\/2023102001Berufskolleg-150x150.jpg 150w, https:\/\/www.schiebener.net\/wordpress\/wp-content\/uploads\/2023\/10\/2023102001Berufskolleg-768x768.jpg 768w\" sizes=\"auto, (max-width: 709px) 85vw, (max-width: 909px) 67vw, (max-width: 1362px) 62vw, 840px\" \/><figcaption class=\"wp-element-caption\">Keine schwarze Zukunft, sondern Abitur an den Berufskollegs im Hochsauerlandkreis <\/figcaption><\/figure>\n<\/div>\n\n\n<p><strong>Hochsauerlandkreis. F\u00fcr viele Jugendliche mit einem Mittlerem Schulabschluss mit Qualifikationsvermerk stellt sich die Frage, ob sie eine Ausbildung beginnen oder doch weiter zur Schule gehen. Sollte der Wunsch bestehen, das Abitur zu erwerben, kommt das Berufliche Gymnasium ins Spiel. Auch die Berufskollegs bieten Deutschlands h\u00f6chsten Bildungsabschluss erfolgreich an. Im Jahr 2020 haben in NRW Prozent des Abiturjahrgangs den Abschluss am Berufskolleg erworben.\u00a0<\/strong><\/p>\n\n\n\n<p>Circa 500 Sch\u00fclerinnen und Sch\u00fcler haben diesen Neuanfang gewagt und besuchen derzeit das Berufliche Gymnasium an einem der f\u00fcnf Berufskollegs des Hochsauerlandkreises. Das Interesse am Abitur mit beruflichen Kenntnissen steigt stetig.&nbsp;&nbsp;<\/p>\n\n\n\n<p>Fakt ist: An einem Beruflichen Gymnasium starten alle neu und die Lehrkr\u00e4fte sind darauf eingestellt, den Lernenden den Einstieg in die Oberstufe mit ihren gymnasialen Anforderungen zu erleichtern. Dass die Lehrkr\u00e4fte v\u00f6llig unvoreingenommen ihren neuen Sch\u00fclerinnen und Sch\u00fclern begegnen k\u00f6nnen, wird oftmals als ein gro\u00dfer Vorteil empfunden. So auch von Josi: \u201eAlle kommen von verschiedenen Schulen hierhin und man wird zusammen eine neue Gemeinschaft.\u201c Olivia gefallen die Rahmenbedingungen des Lernens am Berufskolleg: \u201eWir werden hier von den Lehrerinnen und Lehrern auf Augenh\u00f6he behandelt und lernen freier.\u201c Der Schulwechsel und die damit verbundene \u201eandere\u201c Lernatmosph\u00e4re, der Unterricht im Klassenverband und ein st\u00e4rkerer Bezug zur Arbeitswelt werden zumeist als positiv empfunden.&nbsp;<\/p>\n\n\n\n<p>Jedes der f\u00fcnf Berufskollegs hat ein bis drei berufliche Schwerpunkte im Angebot. Diese liegen in den Bereichen Erziehungswissenschaften, Sport, Ern\u00e4hrung, Gesundheit, Ingenieurwissenschaften oder Wirtschaft und Verwaltung. In dieser Auswahl steckt ein gro\u00dfer Vorteil f\u00fcr die k\u00fcnftigen Abiturientinnen und Abiturienten: Sie k\u00f6nnen sich ganz nach ihrem pers\u00f6nlichen Interesse f\u00fcr einen der Schwerpunkte entscheiden. Daraus resultiert eine h\u00f6here Lernbereitschaft und die Lernenden treffen in ihrer neuen Klasse auf Mitsch\u00fclerinnen und Mitsch\u00fcler mit gleichen Interessen. Das verbindet.&nbsp;<\/p>\n\n\n\n<p>Leichter ist das Abitur am Berufskolleg aber nicht. Auch hier warten am Ende die Abschlusspr\u00fcfungen des Zentralabiturs auf die Absolventinnen und Absolventen. Im Beruflichen Gymnasium werden fachwissenschaftliche Kenntnisse vermittelt und die verschiedenen Kompetenzen gef\u00f6rdert, die f\u00fcr das Erlangen der Allgemeinen Hochschulreife Voraussetzung sind. Dar\u00fcber hinaus ist es f\u00fcr das Berufliche Gymnasium ein typisches Anliegen, immer auch echte Bez\u00fcge zur Arbeitswelt herzustellen und sehr realit\u00e4tsbezogen zu unterrichten. Denn neben der Allgemeinen Hochschulreife erwerben die Lernenden bereits elementare berufliche Kenntnisse im gew\u00e4hlten Schwerpunkt.&nbsp;<\/p>\n\n\n\n<p>Die Sch\u00fclerinnen und Sch\u00fcler k\u00f6nnen in den drei Jahren bis zum Erwerb ihres Abiturs ausf\u00fchrlich pr\u00fcfen, ob sie die schulisch eingeschlagene Richtung beruflich \u2013 in einer Ausbildung, einem dualen Studium oder in einem Vollzeitstudium \u2013 weiterverfolgen wollen oder nicht. Wenn die Jugendlichen in der Fachrichtung bleiben m\u00f6chten, weil sich der Berufswunsch in der Zeit bis zum Abitur weiter konkretisiert hat, kann schon begr\u00fcndeter die genaue Studienausrichtung gew\u00e4hlt werden. Auch Ausbildungsbetriebe wissen, die mit dem Abitur gleichzeitig erworbenen beruflichen Kenntnisse ihrer Auszubildenden, zu sch\u00e4tzen. Dank der beruflichen Vorkenntnisse aus der Schule werden Ausbildung oder Studium deutlich leichter fallen. Aber durch die fr\u00fche Schwerpunktsetzung sind die Lernenden in der Wahl eines Studienganges oder einer Ausbildung nicht eingeschr\u00e4nkt. Das erworbene Abitur \u00f6ffnet alle m\u00f6glichen Wege \u2013 auch in andere Fachrichtungen.<\/p>\n\n\n\n<p>An drei Informationsveranstaltungen k\u00f6nnen sich Sch\u00fclerinnen und Sch\u00fcler der Klasse 10 und ihre Eltern \u00fcber die Angebote der Beruflichen Gymnasien im HSK genauer informieren:&nbsp;<\/p>\n\n\n\n<ul class=\"wp-block-list\">\n<li>Montag, 23.10.2023, Ort: Berufskolleg Meschede, D\u00fcnnefeldweg 5, 59872 Meschede&nbsp;<\/li>\n\n\n\n<li>Mittwoch, 25.10.2023, Ort: Berufskolleg Olsberg, Paul-Oventrop-Str. 7, 59939 Olsberg<\/li>\n\n\n\n<li>Donnerstag, 26.10.2023, Ort: Berufskolleg am Eichholz, F\u00e9auxweg 24, 59821 Arnsberg<\/li>\n<\/ul>\n\n\n\n<p>Veranstaltungsbeginn ist jeweils um 18 Uhr.&nbsp;<\/p>\n\n\n\n<p>Neben allgemeinen Informationen werden an allen drei Abenden folgende Schwerpunkte&nbsp;vorgestellt:<\/p>\n\n\n\n<ul class=\"wp-block-list\">\n<li>Wirtschaft und Verwaltung (BK Berliner Platz, BK Brilon)<\/li>\n\n\n\n<li>Gesundheit (BK am Eichholz),&nbsp;<\/li>\n\n\n\n<li>Erziehungswissenschaften (BK am Eichholz),&nbsp;<\/li>\n\n\n\n<li>Ingenieurwissenschaften (BK Meschede)<\/li>\n\n\n\n<li>Freizeitsportleiter\/in (BK Olsberg)<\/li>\n\n\n\n<li>Erzieher\/in (BK Olsberg)&nbsp;<\/li>\n\n\n\n<li>Ern\u00e4hrung (BK Olsberg)<\/li>\n<\/ul>\n\n\n\n<p>Eine pers\u00f6nliche Beratung ist an diesen Abenden ebenfalls m\u00f6glich.&nbsp;<\/p>\n","protected":false},"excerpt":{"rendered":"<p>Im Oktober laden die f\u00fcnf Beruflichen Gymnasien des HSK an drei Abenden jeweils um 18 Uhr zu einem Infoabend in die Berufskollegs ein. Hochsauerlandkreis. F\u00fcr viele Jugendliche mit einem Mittlerem &hellip; <a href=\"https:\/\/www.schiebener.net\/wordpress\/das-abitur-am-berufskolleg-ein-abwechslungsreicher-weg-zum-ziel\/\" class=\"more-link\"><span class=\"screen-reader-text\">\u201eDas Abitur am Berufskolleg \u2013 ein abwechslungsreicher Weg zum Ziel\u201c <\/span>weiterlesen<\/a><\/p>\n","protected":false},"author":17,"featured_media":0,"comment_status":"open","ping_status":"open","sticky":false,"template":"","format":"standard","meta":{"footnotes":""},"categories":[3,303,80,1043],"tags":[4035,752],"class_list":["post-56042","post","type-post","status-publish","format-standard","hentry","category-bildung-und-schule","category-in-unserem-briefkasten","category-lokales","category-pressemitteilungen","tag-abitur","tag-berufskolleg"],"_links":{"self":[{"href":"https:\/\/www.schiebener.net\/wordpress\/wp-json\/wp\/v2\/posts\/56042","targetHints":{"allow":["GET"]}}],"collection":[{"href":"https:\/\/www.schiebener.net\/wordpress\/wp-json\/wp\/v2\/posts"}],"about":[{"href":"https:\/\/www.schiebener.net\/wordpress\/wp-json\/wp\/v2\/types\/post"}],"author":[{"embeddable":true,"href":"https:\/\/www.schiebener.net\/wordpress\/wp-json\/wp\/v2\/users\/17"}],"replies":[{"embeddable":true,"href":"https:\/\/www.schiebener.net\/wordpress\/wp-json\/wp\/v2\/comments?post=56042"}],"version-history":[{"count":0,"href":"https:\/\/www.schiebener.net\/wordpress\/wp-json\/wp\/v2\/posts\/56042\/revisions"}],"wp:attachment":[{"href":"https:\/\/www.schiebener.net\/wordpress\/wp-json\/wp\/v2\/media?parent=56042"}],"wp:term":[{"taxonomy":"category","embeddable":true,"href":"https:\/\/www.schiebener.net\/wordpress\/wp-json\/wp\/v2\/categories?post=56042"},{"taxonomy":"post_tag","embeddable":true,"href":"https:\/\/www.schiebener.net\/wordpress\/wp-json\/wp\/v2\/tags?post=56042"}],"curies":[{"name":"wp","href":"https:\/\/api.w.org\/{rel}","templated":true}]}}