{"id":55886,"date":"2023-09-26T15:00:04","date_gmt":"2023-09-26T13:00:04","guid":{"rendered":"https:\/\/www.schiebener.net\/wordpress\/?p=55886"},"modified":"2023-09-26T15:00:04","modified_gmt":"2023-09-26T13:00:04","slug":"internationales-brass-festival-sauerland-herbst-startet-mit-20-konzerten","status":"publish","type":"post","link":"https:\/\/www.schiebener.net\/wordpress\/internationales-brass-festival-sauerland-herbst-startet-mit-20-konzerten\/","title":{"rendered":"Internationales Brass-Festival \u201eSauerland-Herbst\u201c startet mit 20 Konzerten"},"content":{"rendered":"<div class=\"wp-block-image\">\n<figure class=\"aligncenter size-full is-resized\"><a href=\"https:\/\/www.schiebener.net\/wordpress\/wp-content\/uploads\/2023\/09\/2023092601MoschbergerKlein.jpg\" target=\"_blank\" rel=\"noreferrer noopener\"><img decoding=\"async\" src=\"https:\/\/www.schiebener.net\/wordpress\/wp-content\/uploads\/2023\/09\/2023092601MoschbergerKlein.jpg\" alt=\"\" class=\"wp-image-55887\" style=\"width:700px\" width=\"700\" srcset=\"https:\/\/www.schiebener.net\/wordpress\/wp-content\/uploads\/2023\/09\/2023092601MoschbergerKlein.jpg 1024w, https:\/\/www.schiebener.net\/wordpress\/wp-content\/uploads\/2023\/09\/2023092601MoschbergerKlein-300x200.jpg 300w, https:\/\/www.schiebener.net\/wordpress\/wp-content\/uploads\/2023\/09\/2023092601MoschbergerKlein-768x512.jpg 768w\" sizes=\"(max-width: 709px) 85vw, (max-width: 909px) 67vw, (max-width: 1362px) 62vw, 840px\" \/><\/a><figcaption class=\"wp-element-caption\">Den Auftakt zum Sauerland-Herbst 2023 machen Christoph Moschberger und Da Blechhauf\u2019n in Olsberg.<br \/>(Foto: Sven Kosakowski)<\/figcaption><\/figure>\n<\/div>\n\n\n<p><strong>Am Samstag, 30. September, startet die 24. Auflage des Internationalen Brass-Festivals Sauerland-Herbst mit Christoph Moschberger und Da Blechhauf\u2019n bei der Firma Oventrop in Olsberg. <\/strong><\/p>\n\n\n\n<p><em>(Pressemitteilung HSK)<\/em><\/p>\n\n\n\n<p>Bereits jetzt ist das Er\u00f6ffnungskonzert schon ausverkauft, dennoch bietet das Festival bis zum 28. Oktober allen Musikliebhaberinnen und Musikliebhabern zahlreiche Konzertm\u00f6glichkeiten f\u00fcr fast jeden Musikgeschmack \u2013 von himmlischen T\u00f6nen in der Kombination von Orgel und Posaune, \u00fcber bayrische Wirtshausmusik mit der Kapelle So&amp;So bis zum Konzert mit dem Philharmonischen Orchester Hagen.<\/p>\n\n\n\n<p>Bereits vor neun Wochen pr\u00e4sentierten die Macher um den K\u00fcnstlerischen Leiter Prof. Thomas Clamor w\u00e4hrend des Sommerfestivals auf der Freilichtb\u00fchne Herdringen Musik der Extraklasse. \u201eDen Elan aus dem Sommer wollen wir mitnehmen in den Herbst und so freuen wir uns auf 20 Konzerte, 6 Sch\u00fclerprojekte und verschiedene Workshops. Der Sauerland-Herbst pr\u00e4sentiert nationale und internationale Ensembles im gesamten Hochsauerlandkreis sowie in Warstein und Finnentrop\u201c, k\u00fcndigt Landrat Dr. Karl Schneider das diesj\u00e4hrige Festival an.<\/p>\n\n\n\n<p>Am Sonntag, 1. Oktober, geht es mit einem besonderen Highlight weiter. Das Sinfonieorchester der Musikschule Hochsauerlandkreis spielt mit Patrick Hofer und Kateryna Titova in der Stadthalle Meschede ein inklusives Konzert mit dem Ziel, Menschen mit und ohne Behinderung ein gleichwertiges kulturelles Erlebnis zu bieten. Daneben sind auch bew\u00e4hrte und beliebte Formate wieder Teil des diesj\u00e4hrigen Konzertprogrammes, darunter das gemeinsame Konzert zweier Brass-Band-Formationen und der Auftritt der Blechbl\u00e4serklassen der Robert Schumann Hochschule in der Reihe \u201eDeutsche Musikhochschulen stellen sich vor\u201c.<\/p>\n\n\n\n<p>Zum zweiten Mal ist das Festival auch Ausrichter der \u201eGerman-Open\u201c, dem internationalen Brass-Band-Wettbewerb des Deutschen Brass-Band-Verbandes. Dazu treffen am 21. Oktober in Warstein elf Brass-Bands in drei Kategorien aufeinander und messen sich vor einer Fachjury sowie interessierten Zuh\u00f6rern. Die Vielf\u00e4ltigkeit des Festivalprogramms spiegelt sich auch in den unterschiedlichen Ensembles, wie z.B. Viera Blech, Stockholm Chamber Brass oder das Austrian Brass Consort, bevor das Festival am 28. Oktober mit einem Konzert des Ausnahmemusikers James Morrison in Brilon endet.<\/p>\n\n\n\n<p>Das gesamte Festivalprogramm, Konzertkarten und weitere Informationen gibt es unter <a rel=\"noreferrer noopener\" href=\"http:\/\/www.sauerland-herbst.de\" target=\"_blank\">www.sauerland-herbst.de<\/a> oder beim Fachdienst Kultur\/Musikschule unter 0291\/94-1800.<\/p>\n","protected":false},"excerpt":{"rendered":"<p>Am Samstag, 30. September, startet die 24. Auflage des Internationalen Brass-Festivals Sauerland-Herbst mit Christoph Moschberger und Da Blechhauf\u2019n bei der Firma Oventrop in Olsberg. (Pressemitteilung HSK) Bereits jetzt ist das &hellip; <a href=\"https:\/\/www.schiebener.net\/wordpress\/internationales-brass-festival-sauerland-herbst-startet-mit-20-konzerten\/\" class=\"more-link\"><span class=\"screen-reader-text\">\u201eInternationales Brass-Festival \u201eSauerland-Herbst\u201c startet mit 20 Konzerten\u201c <\/span>weiterlesen<\/a><\/p>\n","protected":false},"author":17,"featured_media":0,"comment_status":"open","ping_status":"open","sticky":false,"template":"","format":"standard","meta":{"footnotes":""},"categories":[303,80,27,1043],"tags":[212,974],"class_list":["post-55886","post","type-post","status-publish","format-standard","hentry","category-in-unserem-briefkasten","category-lokales","category-musik","category-pressemitteilungen","tag-hochsauerland","tag-sauerland-herbst"],"_links":{"self":[{"href":"https:\/\/www.schiebener.net\/wordpress\/wp-json\/wp\/v2\/posts\/55886","targetHints":{"allow":["GET"]}}],"collection":[{"href":"https:\/\/www.schiebener.net\/wordpress\/wp-json\/wp\/v2\/posts"}],"about":[{"href":"https:\/\/www.schiebener.net\/wordpress\/wp-json\/wp\/v2\/types\/post"}],"author":[{"embeddable":true,"href":"https:\/\/www.schiebener.net\/wordpress\/wp-json\/wp\/v2\/users\/17"}],"replies":[{"embeddable":true,"href":"https:\/\/www.schiebener.net\/wordpress\/wp-json\/wp\/v2\/comments?post=55886"}],"version-history":[{"count":0,"href":"https:\/\/www.schiebener.net\/wordpress\/wp-json\/wp\/v2\/posts\/55886\/revisions"}],"wp:attachment":[{"href":"https:\/\/www.schiebener.net\/wordpress\/wp-json\/wp\/v2\/media?parent=55886"}],"wp:term":[{"taxonomy":"category","embeddable":true,"href":"https:\/\/www.schiebener.net\/wordpress\/wp-json\/wp\/v2\/categories?post=55886"},{"taxonomy":"post_tag","embeddable":true,"href":"https:\/\/www.schiebener.net\/wordpress\/wp-json\/wp\/v2\/tags?post=55886"}],"curies":[{"name":"wp","href":"https:\/\/api.w.org\/{rel}","templated":true}]}}