{"id":55866,"date":"2023-09-26T09:37:52","date_gmt":"2023-09-26T07:37:52","guid":{"rendered":"https:\/\/www.schiebener.net\/wordpress\/?p=55866"},"modified":"2023-09-26T09:37:52","modified_gmt":"2023-09-26T07:37:52","slug":"zeitreise-in-das-jahr-1923-deutschland-zwischen-euphorie-und-krise-am-rande-des-abgrunds","status":"publish","type":"post","link":"https:\/\/www.schiebener.net\/wordpress\/zeitreise-in-das-jahr-1923-deutschland-zwischen-euphorie-und-krise-am-rande-des-abgrunds\/","title":{"rendered":"Zeitreise in das Jahr 1923: Deutschland zwischen Euphorie und Krise am Rande des Abgrunds"},"content":{"rendered":"\n<h3 class=\"wp-block-heading\">Einhundert Jahre sp\u00e4ter im B\u00fcrgerzentrum Kolpinghaus in Brilon<\/h3>\n\n\n<div class=\"wp-block-image\">\n<figure class=\"aligncenter size-large is-resized\"><a href=\"https:\/\/www.schiebener.net\/wordpress\/wp-content\/uploads\/2023\/09\/2023092001RomanKnizkaBrilon.jpg\" target=\"_blank\" rel=\"noreferrer noopener\"><img decoding=\"async\" src=\"https:\/\/www.schiebener.net\/wordpress\/wp-content\/uploads\/2023\/09\/2023092001RomanKnizkaBrilon-1024x824.jpg\" alt=\"\" class=\"wp-image-55867\" style=\"width:700px\" width=\"700\" srcset=\"https:\/\/www.schiebener.net\/wordpress\/wp-content\/uploads\/2023\/09\/2023092001RomanKnizkaBrilon-1024x824.jpg 1024w, https:\/\/www.schiebener.net\/wordpress\/wp-content\/uploads\/2023\/09\/2023092001RomanKnizkaBrilon-300x241.jpg 300w, https:\/\/www.schiebener.net\/wordpress\/wp-content\/uploads\/2023\/09\/2023092001RomanKnizkaBrilon-768x618.jpg 768w, https:\/\/www.schiebener.net\/wordpress\/wp-content\/uploads\/2023\/09\/2023092001RomanKnizkaBrilon-1536x1235.jpg 1536w, https:\/\/www.schiebener.net\/wordpress\/wp-content\/uploads\/2023\/09\/2023092001RomanKnizkaBrilon-1200x965.jpg 1200w, https:\/\/www.schiebener.net\/wordpress\/wp-content\/uploads\/2023\/09\/2023092001RomanKnizkaBrilon.jpg 2048w\" sizes=\"(max-width: 709px) 85vw, (max-width: 909px) 67vw, (max-width: 1362px) 62vw, 840px\" \/><\/a><figcaption class=\"wp-element-caption\">Stilsicher zwischen Nachdenklichkeit und wuchtiger Akklamation: Schauspieler Roman Kni\u017eka entf\u00fchrte die Zuh\u00f6rer*innen mit zeitgen\u00f6ssischen Gedichten, Rezensionen, Prosa, Propaganda und Liedern in das Jahr 1923. (foto: zoom)<\/figcaption><\/figure>\n<\/div>\n\n\n<p><strong>Den vergangenen Mittwochabend mit <a rel=\"noreferrer noopener\" href=\"http:\/\/www.opus-45.de\/ensemble\/roman-knizka\/\" data-type=\"link\" data-id=\"http:\/\/www.opus-45.de\/ensemble\/roman-knizka\/\" target=\"_blank\">Roman Kni\u017eka<\/a> und dem <a rel=\"noreferrer noopener\" href=\"http:\/\/www.opus-45.de\/\" data-type=\"link\" data-id=\"http:\/\/www.opus-45.de\/\" target=\"_blank\">Bl\u00e4serquintett Ensemble OPUS 45 <\/a>im B\u00fcrgerzentrum in Brilon musste ich erst einmal sacken lassen. Die Reise in das Krisenjahr der jungen Weimarer Republik 1923 wurde von der <a href=\"https:\/\/www.schiebener.net\/wordpress\/landeszentrale-fuer-politische-bildung-nordrhein-westfalen-in-kooperation-mit-der-stadtbibliothek-brilon-in-diesem-land-deutschland-1923-das-krisenjahr\/\" data-type=\"link\" data-id=\"https:\/\/www.schiebener.net\/wordpress\/landeszentrale-fuer-politische-bildung-nordrhein-westfalen-in-kooperation-mit-der-stadtbibliothek-brilon-in-diesem-land-deutschland-1923-das-krisenjahr\/\" target=\"_blank\" rel=\"noreferrer noopener\">Landeszentrale f\u00fcr politische Bildung in Zusammenarbeit mit der Briloner Bibliothek organisiert<\/a> und vom Publikum im Hochsauerland begeistert aufgenommen.<\/strong><\/p>\n\n\n\n<p>Mehr als 70 Zuschauer*innen folgten gebannt Roman Kni\u017ekas Rezitation zeitgen\u00f6ssischer Journalisten, Schriftsteller und Dichter &#8211; Kurt Tucholsky, Bertolt Brecht, Rainer Maria Rilke, Eugeni Xammar, Egon Erwin Kisch, Harry Graf Kessler&#8230; nein, eine Frau war nicht darunter &#8211; sowie den perfekt eingepassten musikalischen Kommentierungen des Bl\u00e4serquintetts Opus 45 mit St\u00fccken von u.a. Carl Nielsen, Paul Hindemith, Jacques Ibert, Erwin Schulhoff und Hanns Eisler.<\/p>\n\n\n\n<p>Ich wei\u00df von mehreren B\u00fcrger*innen, die traurig waren, dass sie keine Eintrittskarte mehr bekommen hatten. Zu Recht, muss ich leider sagen. Ihr habt einen wunderbar abwechslungsreich vortragenden Roman Kni\u017eka und ein nicht minder exzellentes Bl\u00e4ser-Ensemble verpasst.<\/p>\n\n\n\n<p>Der literarische Kammermusikabend entf\u00fchrte uns  in die politisch dramatische und kulturell faszinierende Welt des Jahres 1923. Als roter Faden durch die teils dramatischen politischen (Hitlerputsch. Mord an Walther Rathenau) und kulturellen Ereignisse (Bauhaus, Chaplin, Operetten, Radio-Euporie)  diente der inflation\u00e4re Brotpreis der beginnend mit 300 Reichmark am Ende des Jahres 399 Milliarden RM betrug. <\/p>\n\n\n\n<p>Ausgerechnet Bananen, der Erfolgs-Schlager <a rel=\"noreferrer noopener\" href=\"https:\/\/www.die-weimarer-republik.de\/ausgerechnet-bananen\/\" data-type=\"link\" data-id=\"https:\/\/www.die-weimarer-republik.de\/ausgerechnet-bananen\/\" target=\"_blank\">mit der tragisch-komischen Geschichte<\/a>, war nicht so unschuldig, wie er als Gassenhauer gesungen wurde. Das bittere Ende wurde allerdings in der Dreigroschenoper (&#8222;<a rel=\"noreferrer noopener\" href=\"https:\/\/de.wikipedia.org\/wiki\/Kanonensong\" data-type=\"link\" data-id=\"https:\/\/de.wikipedia.org\/wiki\/Kanonensong\" target=\"_blank\">Soldaten wohnen auf den Kanonen<\/a>&#8222;) deutlich.<\/p>\n\n\n\n<p>Das Programm stellt die Frage, ob wir auf dem Weg zur\u00fcck nach Weimar sind: &#8222;Im Jahr 2023 diskutieren nicht nur Historiker:innen \u00fcber diese Frage angesichts \u201eder Tatsache, dass unsere vermeintlich fest etablierte demokratische Staatsform keine Selbstverst\u00e4ndlichkeit sein muss: Rechtspopulistische Str\u00f6mungen und autorit\u00e4re Politikentw\u00fcrfe gewinnen bei uns und in vielen L\u00e4ndern an Zulauf.\u201c (Institut f\u00fcr Zeitgeschichte M\u00fcnchen-Berlin). Ein Blick hundert Jahre zur\u00fcck in das Jahr 1923 mag fruchtbare Denkanst\u00f6\u00dfe liefern und aufzeigen, welche Erkenntnisse wir aus den Krisen und dem letztendlichen Scheitern der ersten deutschen Demokratie f\u00fcr uns heute ziehen k\u00f6nnen.&#8220; (<a href=\"http:\/\/www.opus-45.de\/projekte\/krisenjahr-1923\/\" target=\"_blank\" rel=\"noreferrer noopener\">http:\/\/www.opus-45.de\/projekte\/krisenjahr-1923\/<\/a>)<\/p>\n\n\n\n<p>Roman Kni\u017eka und das Ensemble Opus 45 konnten und wollten diese Frage nicht beantworten. Sie haben uns mit gro\u00dfem Engagement eingeladen, selber nachzudenken, nachzulesen und uns mit dem Krisenjahr 1923 zu besch\u00e4ftigen.<\/p>\n\n\n\n<p>Lesestoff gibt es bei der Landeszentrale f\u00fcr politische Bildung. Sechs Titel pro Jahr darf sich jede\/r NRW-B\u00fcrger*in dort kostenlos bestellen:<br \/><a rel=\"noreferrer noopener\" href=\"https:\/\/www.politische-bildung.nrw.de\/publikationen\/bestellhinweise\" target=\"_blank\">https:\/\/www.politische-bildung.nrw.de\/publikationen\/bestellhinweise<\/a><\/p>\n\n\n\n<p>Um den Mittwoch Abend in Brilon auszuarbeiten, werde ich <a rel=\"noreferrer noopener\" href=\"https:\/\/www.politische-bildung.nrw.de\/publikationen\/titelverzeichnis\/details\/print\/1923\" data-type=\"link\" data-id=\"https:\/\/www.politische-bildung.nrw.de\/publikationen\/titelverzeichnis\/details\/print\/1923\" target=\"_blank\">Mark Jones, 1923<\/a> lesen. F\u00fcr Vielleser*innen kann ich noch die mehr als 600 Seiten <a rel=\"noreferrer noopener\" href=\"https:\/\/www.politische-bildung.nrw.de\/publikationen\/titelverzeichnis\/details\/print\/zerborstene-zeit\" data-type=\"link\" data-id=\"https:\/\/www.politische-bildung.nrw.de\/publikationen\/titelverzeichnis\/details\/print\/zerborstene-zeit\" target=\"_blank\">Michael Wild, Zerborstene Zeit<\/a>, empfehlen.<\/p>\n\n\n\n<p>Wer den Abend verpasst hat, kann dem Programm immer noch hinterher reisen. Am 29. September treten  Roman Kni\u017eka und Opus 45 in Kooperation mit der Hessischen Landeszentrale f\u00fcr politische Bildung im Stadtschloss Fulda auf: <a href=\"http:\/\/www.opus-45.de\/projekte\/krisenjahr-1923\/\">http:\/\/www.opus-45.de\/projekte\/krisenjahr-1923\/<\/a><\/p>\n\n\n\n<p>Eine letzte Bemerkung. Bis letzte Woche wusste ich nicht, dass die Landeszentrale f\u00fcr politische Bildung schon seit Jahren regelm\u00e4\u00dfig Lesereisen veranstaltet. Gut zu wissen:<br \/><a href=\"https:\/\/www.politische-bildung.nrw.de\/publikationen\/lesereisen\/\" target=\"_blank\" rel=\"noreferrer noopener\">https:\/\/www.politische-bildung.nrw.de\/publikationen\/lesereisen\/<\/a><\/p>\n\n\n\n<p><br \/><br \/><\/p>\n","protected":false},"excerpt":{"rendered":"<p>Einhundert Jahre sp\u00e4ter im B\u00fcrgerzentrum Kolpinghaus in Brilon Den vergangenen Mittwochabend mit Roman Kni\u017eka und dem Bl\u00e4serquintett Ensemble OPUS 45 im B\u00fcrgerzentrum in Brilon musste ich erst einmal sacken lassen. &hellip; <a href=\"https:\/\/www.schiebener.net\/wordpress\/zeitreise-in-das-jahr-1923-deutschland-zwischen-euphorie-und-krise-am-rande-des-abgrunds\/\" class=\"more-link\"><span class=\"screen-reader-text\">\u201eZeitreise in das Jahr 1923: Deutschland zwischen Euphorie und Krise am Rande des Abgrunds\u201c <\/span>weiterlesen<\/a><\/p>\n","protected":false},"author":3,"featured_media":0,"comment_status":"open","ping_status":"open","sticky":false,"template":"","format":"standard","meta":{"footnotes":""},"categories":[319,674,80,27],"tags":[9050],"class_list":["post-55866","post","type-post","status-publish","format-standard","hentry","category-geschichte","category-kultur","category-lokales","category-musik","tag-buergerzentrum-kolpinghaus-brilon"],"_links":{"self":[{"href":"https:\/\/www.schiebener.net\/wordpress\/wp-json\/wp\/v2\/posts\/55866","targetHints":{"allow":["GET"]}}],"collection":[{"href":"https:\/\/www.schiebener.net\/wordpress\/wp-json\/wp\/v2\/posts"}],"about":[{"href":"https:\/\/www.schiebener.net\/wordpress\/wp-json\/wp\/v2\/types\/post"}],"author":[{"embeddable":true,"href":"https:\/\/www.schiebener.net\/wordpress\/wp-json\/wp\/v2\/users\/3"}],"replies":[{"embeddable":true,"href":"https:\/\/www.schiebener.net\/wordpress\/wp-json\/wp\/v2\/comments?post=55866"}],"version-history":[{"count":0,"href":"https:\/\/www.schiebener.net\/wordpress\/wp-json\/wp\/v2\/posts\/55866\/revisions"}],"wp:attachment":[{"href":"https:\/\/www.schiebener.net\/wordpress\/wp-json\/wp\/v2\/media?parent=55866"}],"wp:term":[{"taxonomy":"category","embeddable":true,"href":"https:\/\/www.schiebener.net\/wordpress\/wp-json\/wp\/v2\/categories?post=55866"},{"taxonomy":"post_tag","embeddable":true,"href":"https:\/\/www.schiebener.net\/wordpress\/wp-json\/wp\/v2\/tags?post=55866"}],"curies":[{"name":"wp","href":"https:\/\/api.w.org\/{rel}","templated":true}]}}