{"id":55844,"date":"2023-09-17T21:15:27","date_gmt":"2023-09-17T19:15:27","guid":{"rendered":"https:\/\/www.schiebener.net\/wordpress\/?p=55844"},"modified":"2023-09-18T12:57:29","modified_gmt":"2023-09-18T10:57:29","slug":"ich-erklaere-den-urlaub-fuer-beendet","status":"publish","type":"post","link":"https:\/\/www.schiebener.net\/wordpress\/ich-erklaere-den-urlaub-fuer-beendet\/","title":{"rendered":"Ich erkl\u00e4re den Urlaub f\u00fcr beendet"},"content":{"rendered":"<div class=\"wp-block-image\">\n<figure class=\"aligncenter size-large is-resized\"><a href=\"https:\/\/www.schiebener.net\/wordpress\/wp-content\/uploads\/2023\/09\/2023091503MurmeltierGraffito.jpg\" target=\"_blank\" rel=\"noreferrer noopener\"><img decoding=\"async\" src=\"https:\/\/www.schiebener.net\/wordpress\/wp-content\/uploads\/2023\/09\/2023091503MurmeltierGraffito-1024x683.jpg\" alt=\"\" class=\"wp-image-55845\" style=\"width:700px\" width=\"700\" srcset=\"https:\/\/www.schiebener.net\/wordpress\/wp-content\/uploads\/2023\/09\/2023091503MurmeltierGraffito-1024x683.jpg 1024w, https:\/\/www.schiebener.net\/wordpress\/wp-content\/uploads\/2023\/09\/2023091503MurmeltierGraffito-300x200.jpg 300w, https:\/\/www.schiebener.net\/wordpress\/wp-content\/uploads\/2023\/09\/2023091503MurmeltierGraffito-768x512.jpg 768w, https:\/\/www.schiebener.net\/wordpress\/wp-content\/uploads\/2023\/09\/2023091503MurmeltierGraffito-1536x1024.jpg 1536w, https:\/\/www.schiebener.net\/wordpress\/wp-content\/uploads\/2023\/09\/2023091503MurmeltierGraffito-1200x800.jpg 1200w, https:\/\/www.schiebener.net\/wordpress\/wp-content\/uploads\/2023\/09\/2023091503MurmeltierGraffito.jpg 2048w\" sizes=\"(max-width: 709px) 85vw, (max-width: 909px) 67vw, (max-width: 1362px) 62vw, 840px\" \/><\/a><figcaption class=\"wp-element-caption\">Murmeltier-Wandbild in einer Unterf\u00fchrung in Bad Hindelang (foto: zoom)<\/figcaption><\/figure>\n<\/div>\n\n\n<p><strong>Die Murmeltiere pfiffen uns auf unseren Wanderungen in den Allg\u00e4uer Alpen die Ohren voll, aber gesehen haben wir sie nicht. Die Entfernungen waren zu gro\u00df und das Zoom zu klein.<\/strong><\/p>\n\n\n\n<p>Jetzt ist der Urlaub beendet und ich sortiere noch ein paar Fotos. Das Murmeltier habe ich am letzten Abend bei einem Spaziergang, eher einem Bummel, hinunter zur Ostrach in einem Fu\u00dfg\u00e4ngertunnel entdeckt. So hat das Pfeifen noch einen Abschluss gefunden.<\/p>\n\n\n\n<p>Als Kind war ich mit den Eltern am deutschesten aller deutschen Bauwerke,  als Sch\u00fcler mit dem Fahrrad auf Tour ebendort und diese Woche habe ich das Triple abgeschlossen: Schloss Neuschwanstein.<\/p>\n\n\n<div class=\"wp-block-image\">\n<figure class=\"aligncenter size-large is-resized\"><a href=\"https:\/\/www.schiebener.net\/wordpress\/wp-content\/uploads\/2023\/09\/2023091403Neuschwanstein.jpg\" target=\"_blank\" rel=\"noreferrer noopener\"><img decoding=\"async\" src=\"https:\/\/www.schiebener.net\/wordpress\/wp-content\/uploads\/2023\/09\/2023091403Neuschwanstein-1024x768.jpg\" alt=\"\" class=\"wp-image-55846\" style=\"width:700px\" width=\"700\" srcset=\"https:\/\/www.schiebener.net\/wordpress\/wp-content\/uploads\/2023\/09\/2023091403Neuschwanstein-1024x768.jpg 1024w, https:\/\/www.schiebener.net\/wordpress\/wp-content\/uploads\/2023\/09\/2023091403Neuschwanstein-300x225.jpg 300w, https:\/\/www.schiebener.net\/wordpress\/wp-content\/uploads\/2023\/09\/2023091403Neuschwanstein-768x576.jpg 768w, https:\/\/www.schiebener.net\/wordpress\/wp-content\/uploads\/2023\/09\/2023091403Neuschwanstein-1536x1151.jpg 1536w, https:\/\/www.schiebener.net\/wordpress\/wp-content\/uploads\/2023\/09\/2023091403Neuschwanstein-1200x899.jpg 1200w, https:\/\/www.schiebener.net\/wordpress\/wp-content\/uploads\/2023\/09\/2023091403Neuschwanstein.jpg 2048w\" sizes=\"(max-width: 709px) 85vw, (max-width: 909px) 67vw, (max-width: 1362px) 62vw, 840px\" \/><\/a><figcaption class=\"wp-element-caption\">Mir gefiel das Schloss bei schlechtem Wetter besser als mit blauem Postkarten-Himmel. (foto: zoom)<\/figcaption><\/figure>\n<\/div>\n\n\n<p><a href=\"https:\/\/ruhr.social\/@hskzoom\/111073365718854042\" data-type=\"link\" data-id=\"https:\/\/ruhr.social\/@hskzoom\/111073365718854042\" target=\"_blank\" rel=\"noreferrer noopener\">Auf Mastodon<\/a> habe ich en passant notiert: <\/p>\n\n\n\n<p>&#8222;Ein Million\u00e4r verplempert sein Verm\u00f6gen, \u00fcberschuldet sich mit einem historizistisch-gr\u00f6\u00dfenwahnsinnigen Bauprojekt, wird entm\u00fcndigt, geht ins Wasser.<\/p>\n\n\n\n<p>Heute pilgert alle Welt an diesen Ort und meint&#8230; Das ist Deutschland, das ist deutsche Kultur. Bo\u00e4h, Wahnsinn. Oder wie ist das zu verstehen?&#8220;<\/p>\n\n\n\n<p>Eine passende Antwort lie\u00df nicht lange auf sich warten:<\/p>\n\n\n\n<p>&#8222;Ich sach nur Nibelungen. Deutschland hat den selbstzerst\u00f6rerischen Wahn zum Kern seines Wesens erhoben, schon immer.&#8220;<\/p>\n\n\n\n<p>So soll es stehen bleiben, und wir lassen uns am letzten Urlaubstag in die Liegest\u00fchle sinken, um die Bergketten von der Fellhornbahn bei Oberstdorf aus zu betrachten.<\/p>\n\n\n<div class=\"wp-block-image\">\n<figure class=\"aligncenter size-large is-resized\"><a href=\"https:\/\/www.schiebener.net\/wordpress\/wp-content\/uploads\/2023\/09\/2023091502Fellhorn.jpg\" target=\"_blank\" rel=\"noreferrer noopener\"><img decoding=\"async\" src=\"https:\/\/www.schiebener.net\/wordpress\/wp-content\/uploads\/2023\/09\/2023091502Fellhorn-1024x676.jpg\" alt=\"\" class=\"wp-image-55847\" style=\"width:700px\" width=\"700\" srcset=\"https:\/\/www.schiebener.net\/wordpress\/wp-content\/uploads\/2023\/09\/2023091502Fellhorn-1024x676.jpg 1024w, https:\/\/www.schiebener.net\/wordpress\/wp-content\/uploads\/2023\/09\/2023091502Fellhorn-300x198.jpg 300w, https:\/\/www.schiebener.net\/wordpress\/wp-content\/uploads\/2023\/09\/2023091502Fellhorn-768x507.jpg 768w, https:\/\/www.schiebener.net\/wordpress\/wp-content\/uploads\/2023\/09\/2023091502Fellhorn-1536x1014.jpg 1536w, https:\/\/www.schiebener.net\/wordpress\/wp-content\/uploads\/2023\/09\/2023091502Fellhorn-1200x792.jpg 1200w, https:\/\/www.schiebener.net\/wordpress\/wp-content\/uploads\/2023\/09\/2023091502Fellhorn.jpg 2048w\" sizes=\"(max-width: 709px) 85vw, (max-width: 909px) 67vw, (max-width: 1362px) 62vw, 840px\" \/><\/a><figcaption class=\"wp-element-caption\">Alpenpanorama ohne Anstrengung (foto: zoom)<\/figcaption><\/figure>\n<\/div>","protected":false},"excerpt":{"rendered":"<p>Die Murmeltiere pfiffen uns auf unseren Wanderungen in den Allg\u00e4uer Alpen die Ohren voll, aber gesehen haben wir sie nicht. Die Entfernungen waren zu gro\u00df und das Zoom zu klein. &hellip; <a href=\"https:\/\/www.schiebener.net\/wordpress\/ich-erklaere-den-urlaub-fuer-beendet\/\" class=\"more-link\"><span class=\"screen-reader-text\">\u201eIch erkl\u00e4re den Urlaub f\u00fcr beendet\u201c <\/span>weiterlesen<\/a><\/p>\n","protected":false},"author":3,"featured_media":0,"comment_status":"open","ping_status":"open","sticky":false,"template":"","format":"standard","meta":{"footnotes":""},"categories":[174,1732,2489,2729,648],"tags":[9153],"class_list":["post-55844","post","type-post","status-publish","format-standard","hentry","category-dit-und-dat","category-freizeit","category-in-eigener-sache","category-reisen","category-was-tun-gegen-langweile","tag-bad-hindelang"],"_links":{"self":[{"href":"https:\/\/www.schiebener.net\/wordpress\/wp-json\/wp\/v2\/posts\/55844","targetHints":{"allow":["GET"]}}],"collection":[{"href":"https:\/\/www.schiebener.net\/wordpress\/wp-json\/wp\/v2\/posts"}],"about":[{"href":"https:\/\/www.schiebener.net\/wordpress\/wp-json\/wp\/v2\/types\/post"}],"author":[{"embeddable":true,"href":"https:\/\/www.schiebener.net\/wordpress\/wp-json\/wp\/v2\/users\/3"}],"replies":[{"embeddable":true,"href":"https:\/\/www.schiebener.net\/wordpress\/wp-json\/wp\/v2\/comments?post=55844"}],"version-history":[{"count":0,"href":"https:\/\/www.schiebener.net\/wordpress\/wp-json\/wp\/v2\/posts\/55844\/revisions"}],"wp:attachment":[{"href":"https:\/\/www.schiebener.net\/wordpress\/wp-json\/wp\/v2\/media?parent=55844"}],"wp:term":[{"taxonomy":"category","embeddable":true,"href":"https:\/\/www.schiebener.net\/wordpress\/wp-json\/wp\/v2\/categories?post=55844"},{"taxonomy":"post_tag","embeddable":true,"href":"https:\/\/www.schiebener.net\/wordpress\/wp-json\/wp\/v2\/tags?post=55844"}],"curies":[{"name":"wp","href":"https:\/\/api.w.org\/{rel}","templated":true}]}}